{"id":40457,"date":"2022-03-03T11:07:57","date_gmt":"2022-03-03T10:07:57","guid":{"rendered":"https:\/\/www.vidademadrid.com\/es\/?p=40457"},"modified":"2022-03-03T11:07:59","modified_gmt":"2022-03-03T10:07:59","slug":"femme-creators-2022-festival-de-emprendimiento-femenino-madrid-rio","status":"publish","type":"post","link":"https:\/\/www.vidademadrid.com\/es\/40457\/femme-creators-2022-festival-de-emprendimiento-femenino-madrid-rio\/","title":{"rendered":"Llega \u00abFemme Creators 2022\u00bb, el festival que celebra el emprendimiento y trabajo de las mujeres"},"content":{"rendered":"<p class=\"p1\" style=\"text-align: left;\"><em><strong>\u00abFemme Creators 2022\u00bb,&nbsp;<\/strong><\/em>el festival que celebra la&nbsp;<strong>creaci\u00f3n, emprendimiento y el trabajo&nbsp;<\/strong>llevado a cabo por mujeres. Contar\u00e1 con la participaci\u00f3n de artistas, ponentes, dise\u00f1adoras as\u00ed c\u00f3mo una programaci\u00f3n musical.&nbsp;<\/p>\n<h2 class=\"p1\">\u00abFemme Creators 2022\u00bb<\/h2>\n\n<script async=\"\" src=\"https:\/\/pagead2.googlesyndication.com\/pagead\/js\/adsbygoogle.js\"><\/script> <ins class=\"adsbygoogle\" style=\"display:block\" data-ad-format=\"fluid\" data-ad-layout-key=\"-7f+eo+1+2-5\" data-ad-client=\"ca-pub-7450064428034605\" data-ad-slot=\"7327027071\"><\/ins><script>(adsbygoogle = window.adsbygoogle || []).push({});<\/script>\n\n<p>El&nbsp;<strong>Mercado de Dise\u00f1o&nbsp;<\/strong>vuelve a <strong>Madrid R\u00edo&nbsp;<\/strong>con su edici\u00f3n de <em><strong>\u00abFemme Creators 2022\u00bb,&nbsp;<\/strong><\/em>el festival que reinvindica la creatividad de las mujeres emprendedoras. Con m\u00e1s de 100 dise\u00f1adores, food trucks, m\u00fasica, arte, charlas y exposiciones, el festival llenar\u00e1 Madrid de mujeres creativas.&nbsp;<\/p>\n<p>El programa del festival incluye un lineup de m\u00fasica, con actuaciones de Jordana B, DJ Roc\u00edo Saiz, Carlota, Lisasinson, entre otras; as\u00ed como una ponencia sobre los Retos y desaf\u00edos para un igualdad real en el \u00e1mbito cultural. As\u00ed mismo, habr\u00e1 una terraza para disfrutar alimentos, con todas las medidas posibles.&nbsp;<\/p>\n<p>Puedes conocer su programaci\u00f3n y horario de conciertos en su <a href=\"https:\/\/mercadodediseno.es\/femme-creators-2022\/\">web<\/a>.&nbsp;<\/p>\n<h2>Visita \u00abFemme Creators 2022\u00bb<\/h2>\n\n<script async=\"\" src=\"https:\/\/pagead2.googlesyndication.com\/pagead\/js\/adsbygoogle.js\"><\/script> <ins class=\"adsbygoogle\" style=\"display:block; text-align:center;\" data-ad-layout=\"in-article\" data-ad-format=\"fluid\" data-ad-client=\"ca-pub-7450064428034605\" data-ad-slot=\"5670045061\"><\/ins> <script>(adsbygoogle = window.adsbygoogle || []).push({});<\/script>\n\n<p><em><strong>\u00abFemme Creators 2022\u00bb&nbsp;<\/strong><\/em>se llevar\u00e1 a cabo el&nbsp;<strong>5 y 6 de marzo&nbsp;<\/strong>en la&nbsp;<strong>Casa del reloj&nbsp;<\/strong>de Madrid R\u00edo (Metro Legazpi) y la entrada ser\u00e1 por Nave de Terneras. Hay un&nbsp;<strong>n\u00famero limitado de entradas gratuitas <\/strong>que puedes pedir en este <a href=\"https:\/\/mercadodediseno.vivetix.com\/entradas-femme-creators-2022-mercado-de-diseno#\/\">enlace<\/a>, al terminarse costar\u00e1n&nbsp;<strong>tres euros.&nbsp;<\/strong><\/p>\n\n\n<p><\/p>\n","protected":false},"excerpt":{"rendered":"<p>Ser\u00e1 el 5 y 6 de marzo. <\/p>\n","protected":false},"author":15,"featured_media":40459,"comment_status":"open","ping_status":"open","sticky":false,"template":"","format":"standard","meta":{"footnotes":""},"categories":[101],"tags":[],"class_list":{"0":"post-40457","1":"post","2":"type-post","3":"status-publish","4":"format-standard","5":"has-post-thumbnail","7":"category-ferias-fiestas-mercados-madrid"},"_links":{"self":[{"href":"https:\/\/www.vidademadrid.com\/es\/wp-json\/wp\/v2\/posts\/40457","targetHints":{"allow":["GET"]}}],"collection":[{"href":"https:\/\/www.vidademadrid.com\/es\/wp-json\/wp\/v2\/posts"}],"about":[{"href":"https:\/\/www.vidademadrid.com\/es\/wp-json\/wp\/v2\/types\/post"}],"author":[{"embeddable":true,"href":"https:\/\/www.vidademadrid.com\/es\/wp-json\/wp\/v2\/users\/15"}],"replies":[{"embeddable":true,"href":"https:\/\/www.vidademadrid.com\/es\/wp-json\/wp\/v2\/comments?post=40457"}],"version-history":[{"count":1,"href":"https:\/\/www.vidademadrid.com\/es\/wp-json\/wp\/v2\/posts\/40457\/revisions"}],"predecessor-version":[{"id":40463,"href":"https:\/\/www.vidademadrid.com\/es\/wp-json\/wp\/v2\/posts\/40457\/revisions\/40463"}],"wp:featuredmedia":[{"embeddable":true,"href":"https:\/\/www.vidademadrid.com\/es\/wp-json\/wp\/v2\/media\/40459"}],"wp:attachment":[{"href":"https:\/\/www.vidademadrid.com\/es\/wp-json\/wp\/v2\/media?parent=40457"}],"wp:term":[{"taxonomy":"category","embeddable":true,"href":"https:\/\/www.vidademadrid.com\/es\/wp-json\/wp\/v2\/categories?post=40457"},{"taxonomy":"post_tag","embeddable":true,"href":"https:\/\/www.vidademadrid.com\/es\/wp-json\/wp\/v2\/tags?post=40457"}],"curies":[{"name":"wp","href":"https:\/\/api.w.org\/{rel}","templated":true}]}}