{"id":40387,"date":"2022-03-01T20:59:20","date_gmt":"2022-03-01T19:59:20","guid":{"rendered":"https:\/\/www.vidademadrid.com\/es\/?p=40387"},"modified":"2022-03-01T20:59:22","modified_gmt":"2022-03-01T19:59:22","slug":"hipodromo-de-la-zarzuela-calendario-de-carreras-2022","status":"publish","type":"post","link":"https:\/\/www.vidademadrid.com\/es\/40387\/hipodromo-de-la-zarzuela-calendario-de-carreras-2022\/","title":{"rendered":"Hip\u00f3dromo de la Zarzuela: Calendario de Carreras 2022"},"content":{"rendered":"<p>El pr\u00f3ximo <strong>domingo 6 de marzo vuelven las carreras en el Hip\u00f3dromo de la Zarzuela de Madrid<\/strong> y nosotros te traemos el calendario completo de esta <strong>temporada 2022<\/strong>. Sigue leyendo y descubre todo lo que te espera en el Hip\u00f3dromo a partir de este domingo.<\/p>\n<h2>Hip\u00f3dromo de la Zarzuela: Calendario de carreras 2022<\/h2>\n<figure id=\"attachment_40389\" aria-describedby=\"caption-attachment-40389\" style=\"width: 660px\" class=\"wp-caption aligncenter\"><a href=\"https:\/\/www.vidademadrid.com\/es\/wp-content\/uploads\/2022\/03\/hipodromo_2022.png\"><img loading=\"lazy\" decoding=\"async\" class=\"size-full wp-image-40389\" src=\"https:\/\/www.vidademadrid.com\/es\/wp-content\/uploads\/2022\/03\/hipodromo_2022.png\" alt=\"\" width=\"660\" height=\"335\" srcset=\"https:\/\/www.vidademadrid.com\/es\/wp-content\/uploads\/2022\/03\/hipodromo_2022.png 660w, https:\/\/www.vidademadrid.com\/es\/wp-content\/uploads\/2022\/03\/hipodromo_2022-300x152.png 300w\" sizes=\"auto, (max-width: 660px) 100vw, 660px\" \/><\/a><figcaption id=\"caption-attachment-40389\" class=\"wp-caption-text\">Foto: esmadrid.com<\/figcaption><\/figure>\n<p>Como te contamos a partir de este <strong>domingo 6 de marzo vuelven los planes en el Hip\u00f3dromo<\/strong> de Madrid y se retoma la actividad de carreras de caballos.<\/p>\n<p>Esta<strong> temporada 2022<\/strong> da\u00a0comienzo el domingo y se prolonga con jornadas casi todas las semanas hasta el 20 de noviembre (con una jornada especial el\u00a029 de diciembre).<\/p>\n<p>El <strong>calendario oficial<\/strong> es el siguiente:<\/p>\n<p>Domingos\u00a0por la ma\u00f1ana del 6 marzo al 29 mayo<br \/>\nS\u00e1bados\u00a0por la ma\u00f1ana del 4 al 25 junio<br \/>\nJueves y s\u00e1bados por la noche\u00a0del 30 junio al 11\u00a0agosto<br \/>\nDomingos por la ma\u00f1ana del\u00a011 septiembre al 20 noviembre<br \/>\nFechas especiales matinales: jueves 12 octubre y 29 diciembre<\/p>\n<ul>\n<li>6, 13, 20 y 27 de marzo<\/li>\n<li>3, 10, 17 y 24 de abril<\/li>\n<li>1, 8, 15, 22 y 29 de mayo<\/li>\n<li>4, 11, 18, 25 y 30 de junio<\/li>\n<li>2, 7, 9, 14, 16, 21, 23, 28 y 30 de julio<\/li>\n<li>4, 6 y 11 de agosto<\/li>\n<li>11, 18 y 25 de septiembre<\/li>\n<li>2, 9, 12, 16, 23 y 30 de octubre<\/li>\n<li>6, 13 y 20 de noviembre<\/li>\n<li>29 de diciembre<\/li>\n<\/ul>\n<h2>Jornadas nocturnas y temporada oto\u00f1o-invierno en el Hip\u00f3dromo de la Zarzuela<\/h2>\n<p>Las famosas <strong>jornadas nocturnas dar\u00e1n comienzo el 30 de junio<\/strong> y se celebrar\u00e1n distintos d\u00eda del mes de julio (2, 7, 9, 14, 16, 21, 23, 28 y 30 de julio) y del mes de agosto (4, 6 y 11 de agosto).<\/p>\n<p>La\u00a0<strong>temporada de oto\u00f1o-invierno<\/strong>\u00a0dar\u00e1 comienzo el\u00a011 de septiembre\u00a0y se prolongar\u00e1\u00a0todos los domingos hasta el\u00a020 de noviembre\u00a0con 12 jornadas, manteniendo como prueba cumbre el Memorial Duque de Toledo el d\u00eda\u00a016 de octubre.<\/p>\n","protected":false},"excerpt":{"rendered":"<p>Inauguraci\u00f3n domingo 6 de marzo <\/p>\n","protected":false},"author":13,"featured_media":40390,"comment_status":"open","ping_status":"open","sticky":false,"template":"","format":"standard","meta":{"footnotes":""},"categories":[101],"tags":[],"class_list":{"0":"post-40387","1":"post","2":"type-post","3":"status-publish","4":"format-standard","5":"has-post-thumbnail","7":"category-ferias-fiestas-mercados-madrid"},"_links":{"self":[{"href":"https:\/\/www.vidademadrid.com\/es\/wp-json\/wp\/v2\/posts\/40387","targetHints":{"allow":["GET"]}}],"collection":[{"href":"https:\/\/www.vidademadrid.com\/es\/wp-json\/wp\/v2\/posts"}],"about":[{"href":"https:\/\/www.vidademadrid.com\/es\/wp-json\/wp\/v2\/types\/post"}],"author":[{"embeddable":true,"href":"https:\/\/www.vidademadrid.com\/es\/wp-json\/wp\/v2\/users\/13"}],"replies":[{"embeddable":true,"href":"https:\/\/www.vidademadrid.com\/es\/wp-json\/wp\/v2\/comments?post=40387"}],"version-history":[{"count":2,"href":"https:\/\/www.vidademadrid.com\/es\/wp-json\/wp\/v2\/posts\/40387\/revisions"}],"predecessor-version":[{"id":40391,"href":"https:\/\/www.vidademadrid.com\/es\/wp-json\/wp\/v2\/posts\/40387\/revisions\/40391"}],"wp:featuredmedia":[{"embeddable":true,"href":"https:\/\/www.vidademadrid.com\/es\/wp-json\/wp\/v2\/media\/40390"}],"wp:attachment":[{"href":"https:\/\/www.vidademadrid.com\/es\/wp-json\/wp\/v2\/media?parent=40387"}],"wp:term":[{"taxonomy":"category","embeddable":true,"href":"https:\/\/www.vidademadrid.com\/es\/wp-json\/wp\/v2\/categories?post=40387"},{"taxonomy":"post_tag","embeddable":true,"href":"https:\/\/www.vidademadrid.com\/es\/wp-json\/wp\/v2\/tags?post=40387"}],"curies":[{"name":"wp","href":"https:\/\/api.w.org\/{rel}","templated":true}]}}