{"id":40377,"date":"2022-03-01T12:20:41","date_gmt":"2022-03-01T11:20:41","guid":{"rendered":"https:\/\/www.vidademadrid.com\/es\/?p=40377"},"modified":"2022-03-01T12:20:44","modified_gmt":"2022-03-01T11:20:44","slug":"aumento-costes-supermercado-incremento-precios-2022","status":"publish","type":"post","link":"https:\/\/www.vidademadrid.com\/es\/40377\/aumento-costes-supermercado-incremento-precios-2022\/","title":{"rendered":"Los costes de la cesta de la compra incrementar\u00e1n durante 2022"},"content":{"rendered":"<p>La subida de los precios de la\u00a0<strong>energ\u00eda y el transporte\u00a0<\/strong>afectar\u00e1n los costes de la cesta de la compra durante los pr\u00f3ximos meses. Esto por los incrementos que supone para fabricantes y distribuidores. Sigue leyendo este art\u00edculo para conocer toda la informaci\u00f3n.<\/p>\n<h2>Subida de costes en los supermercados<\/h2>\n<p><script async=\"\" src=\"https:\/\/pagead2.googlesyndication.com\/pagead\/js\/adsbygoogle.js\"><\/script> <ins class=\"adsbygoogle\" style=\"display: block;\" data-ad-format=\"fluid\" data-ad-layout-key=\"-7f+eo+1+2-5\" data-ad-client=\"ca-pub-7450064428034605\" data-ad-slot=\"7327027071\"><\/ins><script>(adsbygoogle = window.adsbygoogle || []).push({});<\/script><\/p>\n<p>De acuerdo con el informe\u00a0<strong>Perspectivas del Consumidor Kantar,\u00a0<\/strong>la subida de los precios de la energ\u00eda y el transporte han provocado un incremento del coste de las materias primas y las operaciones de log\u00edstica, lo que supondr\u00e1 un <strong>aumento en los precios<\/strong> de los productos de supermercado.<\/p>\n<p>A pesar de que se han tratado de contener las subidas durante los \u00faltimos meses,\u00a0<strong>Kantar Worldpanel\u00a0<\/strong>pronostica que pronto se trasladar\u00e1n estos incrementos a los consumidores finales.<\/p>\n<h2>M\u00e1s preocupaci\u00f3n que el Covid-19<\/h2>\n<p><script async=\"\" src=\"https:\/\/pagead2.googlesyndication.com\/pagead\/js\/adsbygoogle.js\"><\/script> <ins class=\"adsbygoogle\" style=\"display: block; text-align: center;\" data-ad-layout=\"in-article\" data-ad-format=\"fluid\" data-ad-client=\"ca-pub-7450064428034605\" data-ad-slot=\"5670045061\"><\/ins> <script>(adsbygoogle = window.adsbygoogle || []).push({});<\/script><\/p>\n<p>De acuerdo con los resultados del estudio, esta\u00a0<strong>subida de los precios preocupa m\u00e1s a las personas que el contagio por coronavirus,\u00a0<\/strong>que sigue en segundo lugar. A pesar de esto, se prev\u00e9 que el consumo interno de los hogares para el cierre del 2022, llegue a los niveles de antes de la pandemia.<\/p>\n","protected":false},"excerpt":{"rendered":"<p>Los pr\u00f3ximos meses se incrementar\u00e1n los costes. <\/p>\n","protected":false},"author":15,"featured_media":40379,"comment_status":"open","ping_status":"open","sticky":false,"template":"","format":"standard","meta":{"footnotes":""},"categories":[12],"tags":[],"class_list":{"0":"post-40377","1":"post","2":"type-post","3":"status-publish","4":"format-standard","5":"has-post-thumbnail","7":"category-actualidad-noticias-madrid"},"_links":{"self":[{"href":"https:\/\/www.vidademadrid.com\/es\/wp-json\/wp\/v2\/posts\/40377","targetHints":{"allow":["GET"]}}],"collection":[{"href":"https:\/\/www.vidademadrid.com\/es\/wp-json\/wp\/v2\/posts"}],"about":[{"href":"https:\/\/www.vidademadrid.com\/es\/wp-json\/wp\/v2\/types\/post"}],"author":[{"embeddable":true,"href":"https:\/\/www.vidademadrid.com\/es\/wp-json\/wp\/v2\/users\/15"}],"replies":[{"embeddable":true,"href":"https:\/\/www.vidademadrid.com\/es\/wp-json\/wp\/v2\/comments?post=40377"}],"version-history":[{"count":1,"href":"https:\/\/www.vidademadrid.com\/es\/wp-json\/wp\/v2\/posts\/40377\/revisions"}],"predecessor-version":[{"id":40381,"href":"https:\/\/www.vidademadrid.com\/es\/wp-json\/wp\/v2\/posts\/40377\/revisions\/40381"}],"wp:featuredmedia":[{"embeddable":true,"href":"https:\/\/www.vidademadrid.com\/es\/wp-json\/wp\/v2\/media\/40379"}],"wp:attachment":[{"href":"https:\/\/www.vidademadrid.com\/es\/wp-json\/wp\/v2\/media?parent=40377"}],"wp:term":[{"taxonomy":"category","embeddable":true,"href":"https:\/\/www.vidademadrid.com\/es\/wp-json\/wp\/v2\/categories?post=40377"},{"taxonomy":"post_tag","embeddable":true,"href":"https:\/\/www.vidademadrid.com\/es\/wp-json\/wp\/v2\/tags?post=40377"}],"curies":[{"name":"wp","href":"https:\/\/api.w.org\/{rel}","templated":true}]}}