{"id":40297,"date":"2022-02-25T11:52:03","date_gmt":"2022-02-25T10:52:03","guid":{"rendered":"https:\/\/www.vidademadrid.com\/es\/?p=40297"},"modified":"2022-02-25T12:16:38","modified_gmt":"2022-02-25T11:16:38","slug":"protestas-madrid-conflicto-ucrania-rusia-manifestaciones-2022","status":"publish","type":"post","link":"https:\/\/www.vidademadrid.com\/es\/40297\/protestas-madrid-conflicto-ucrania-rusia-manifestaciones-2022\/","title":{"rendered":"Protestas en Madrid contra la invasi\u00f3n rusa a Ucrania"},"content":{"rendered":"<p>Tras el inicio de los\u00a0<strong>ataques y bombardeos a Ucrania por parte de Rusia <\/strong>este 24 de febrero, ciudadanos se han concentrado en diferentes puntos de Madrid para protestar <strong>contra la guerra en Ucrania<\/strong> y pedir por la paz y el apoyo a este pa\u00eds.\u00a0<\/p>\n<h2>Manifestaciones en Madrid\u00a0<\/h2>\n<p><script async=\"\" src=\"https:\/\/pagead2.googlesyndication.com\/pagead\/js\/adsbygoogle.js\"><\/script> <ins class=\"adsbygoogle\" style=\"display: block;\" data-ad-format=\"fluid\" data-ad-layout-key=\"-7f+eo+1+2-5\" data-ad-client=\"ca-pub-7450064428034605\" data-ad-slot=\"7327027071\"><\/ins><script>(adsbygoogle = window.adsbygoogle || []).push({});<\/script><\/p>\n<p>El d\u00eda\u00a0<strong>24 de febrero,\u00a0<\/strong>tras la entrada de <strong>tropas rusas en Ucrania,\u00a0<\/strong>ciudadanos ucranianos en Madrid se han manifestado en distintos puntos de la ciudad para <strong>rechazar los ataques de Rusia a Ucrania<\/strong> y pedir por la paz en este pa\u00eds.\u00a0<\/p>\n<p>Las protestas, en las que los ciudadanos han pedido que se apoye para poner fin a este conflicto, se han llevado a cabo en <strong>Puerta del Sol, Plaza de Espa\u00f1a y frente a la Embajada de Rusia en Espa\u00f1a. <\/strong>Los ciudadanos ucranianos, apoyados por espa\u00f1oles, protestaron con banderas de Ucrania, Espa\u00f1a y la Uni\u00f3n Europea, contra la agresi\u00f3n militar.\u00a0<\/p>\n<p>Estas protestas, que se han llevado a cabo en distintos ciudades de Europa y el mundo, rechazan\u00a0<strong>la invasi\u00f3n de Rusia a Ucrania\u00a0<\/strong>y el conflicto. Distintas figuras como el actor espa\u00f1ol <strong>Javier Bardem, <\/strong>ha participado en las protestas frente a la Embajada de Rusia en Espa\u00f1a, tambi\u00e9n la presidenta de la<strong> Comunidad de Madrid<\/strong>, Isabel D\u00edaz Ayuso<strong>,\u00a0<\/strong>ha expresado su apoyo a los ucranianos que viven en Madrid. Por otra parte, el alcalde de Madrid, Jos\u00e9 Luis Mart\u00ednez-Almedia, ha anunciado que el <strong>Ayuntamiento <\/strong><strong>de Madrid\u00a0<\/strong>ofrece los recursos a su alcance para recoger a los refugiados ucranianos, v\u00edctimas de la invasi\u00f3n rusa.\u00a0<\/p>\n\n\n<figure class=\"wp-block-embed is-type-rich is-provider-twitter wp-block-embed-twitter\"><div class=\"wp-block-embed__wrapper\">\n<blockquote class=\"twitter-tweet\" data-width=\"550\" data-dnt=\"true\"><p lang=\"ro\" dir=\"ltr\">Protest in front of Russian embassy in Madrid. Peace for Ukraine!<br><br>Manifestacion acerca de la embajada rusa en Madrid. Paz para Ucraina!<a href=\"https:\/\/twitter.com\/el_pais?ref_src=twsrc%5Etfw\">@el_pais<\/a> <a href=\"https:\/\/twitter.com\/rtve?ref_src=twsrc%5Etfw\">@rtve<\/a> <a href=\"https:\/\/twitter.com\/guardian?ref_src=twsrc%5Etfw\">@guardian<\/a> <a href=\"https:\/\/twitter.com\/SZ?ref_src=twsrc%5Etfw\">@SZ<\/a> <a href=\"https:\/\/twitter.com\/dw_espanol?ref_src=twsrc%5Etfw\">@dw_espanol<\/a><a href=\"https:\/\/twitter.com\/hashtag\/Ukraine?src=hash&amp;ref_src=twsrc%5Etfw\">#Ukraine<\/a> <a href=\"https:\/\/twitter.com\/hashtag\/Russia?src=hash&amp;ref_src=twsrc%5Etfw\">#Russia<\/a> <a href=\"https:\/\/twitter.com\/hashtag\/Spain?src=hash&amp;ref_src=twsrc%5Etfw\">#Spain<\/a> <a href=\"https:\/\/twitter.com\/hashtag\/Madrid?src=hash&amp;ref_src=twsrc%5Etfw\">#Madrid<\/a> <a href=\"https:\/\/twitter.com\/hashtag\/Protest?src=hash&amp;ref_src=twsrc%5Etfw\">#Protest<\/a> <a href=\"https:\/\/twitter.com\/hashtag\/Ucraina?src=hash&amp;ref_src=twsrc%5Etfw\">#Ucraina<\/a> <a href=\"https:\/\/twitter.com\/hashtag\/Rusia?src=hash&amp;ref_src=twsrc%5Etfw\">#Rusia<\/a> <a href=\"https:\/\/twitter.com\/hashtag\/Espana?src=hash&amp;ref_src=twsrc%5Etfw\">#Espana<\/a> <a href=\"https:\/\/twitter.com\/hashtag\/manifestacion?src=hash&amp;ref_src=twsrc%5Etfw\">#manifestacion<\/a> <a href=\"https:\/\/t.co\/7wpbwKJTvx\">pic.twitter.com\/7wpbwKJTvx<\/a><\/p>&mdash; Maximilian Henning (@zarasophos) <a href=\"https:\/\/twitter.com\/zarasophos\/status\/1496864993253502982?ref_src=twsrc%5Etfw\">February 24, 2022<\/a><\/blockquote><script async src=\"https:\/\/platform.twitter.com\/widgets.js\" charset=\"utf-8\"><\/script>\n<\/div><\/figure>\n\n\n<h2>Ucranianos en Madrid&nbsp;<\/h2>\n<p><script async=\"\" src=\"https:\/\/pagead2.googlesyndication.com\/pagead\/js\/adsbygoogle.js\"><\/script> <ins class=\"adsbygoogle\" style=\"display: block; text-align: center;\" data-ad-layout=\"in-article\" data-ad-format=\"fluid\" data-ad-client=\"ca-pub-7450064428034605\" data-ad-slot=\"5670045061\"><\/ins> <script>(adsbygoogle = window.adsbygoogle || []).push({});<\/script><\/p>\n<p>De acuerdo con datos de la COPE, actualmente m\u00e1s de 112 mil ucranianos viven en Espa\u00f1a. El 56% de esta poblaci\u00f3n vive en la&nbsp;<strong>Comunidad de Madrid <\/strong>donde se encuentran <strong>23 mil&nbsp;<\/strong>ucranianos de acuerdo con datos del padr\u00f3n del 2021. La media de edad de los ucranianos en Madrid es de 39 a\u00f1os. En el&nbsp;<strong>municipio de Madrid&nbsp;<\/strong>viven casi diez mil ucranianos.&nbsp;<\/p>\n<p>Las protestas que se han llevado a cabo en Madrid, han sido convocadas por los ciudadanos de&nbsp;<strong>Ucrania <\/strong>que piden que el&nbsp;<strong>conflicto finalice cuanto antes.&nbsp;<\/strong><\/p>\n\n\n<figure class=\"wp-block-embed is-type-rich is-provider-twitter wp-block-embed-twitter\"><div class=\"wp-block-embed__wrapper\">\n<blockquote class=\"twitter-tweet\" data-width=\"550\" data-dnt=\"true\"><p lang=\"es\" dir=\"ltr\">Puerta del Sol <br>?Madrid <a href=\"https:\/\/twitter.com\/hashtag\/Ukraina?src=hash&amp;ref_src=twsrc%5Etfw\">#Ukraina<\/a> <a href=\"https:\/\/t.co\/LkQeR7b0OY\">pic.twitter.com\/LkQeR7b0OY<\/a><\/p>&mdash; Dani ? (@ElTraviesoDann) <a href=\"https:\/\/twitter.com\/ElTraviesoDann\/status\/1496936074177744908?ref_src=twsrc%5Etfw\">February 24, 2022<\/a><\/blockquote><script async src=\"https:\/\/platform.twitter.com\/widgets.js\" charset=\"utf-8\"><\/script>\n<\/div><\/figure>\n","protected":false},"excerpt":{"rendered":"<p>Ciudadanos ucranianos y espa\u00f1oles se han concentrado para pedir por la paz. <\/p>\n","protected":false},"author":15,"featured_media":40298,"comment_status":"open","ping_status":"open","sticky":false,"template":"","format":"standard","meta":{"footnotes":""},"categories":[12],"tags":[],"class_list":{"0":"post-40297","1":"post","2":"type-post","3":"status-publish","4":"format-standard","5":"has-post-thumbnail","7":"category-actualidad-noticias-madrid"},"_links":{"self":[{"href":"https:\/\/www.vidademadrid.com\/es\/wp-json\/wp\/v2\/posts\/40297","targetHints":{"allow":["GET"]}}],"collection":[{"href":"https:\/\/www.vidademadrid.com\/es\/wp-json\/wp\/v2\/posts"}],"about":[{"href":"https:\/\/www.vidademadrid.com\/es\/wp-json\/wp\/v2\/types\/post"}],"author":[{"embeddable":true,"href":"https:\/\/www.vidademadrid.com\/es\/wp-json\/wp\/v2\/users\/15"}],"replies":[{"embeddable":true,"href":"https:\/\/www.vidademadrid.com\/es\/wp-json\/wp\/v2\/comments?post=40297"}],"version-history":[{"count":3,"href":"https:\/\/www.vidademadrid.com\/es\/wp-json\/wp\/v2\/posts\/40297\/revisions"}],"predecessor-version":[{"id":40301,"href":"https:\/\/www.vidademadrid.com\/es\/wp-json\/wp\/v2\/posts\/40297\/revisions\/40301"}],"wp:featuredmedia":[{"embeddable":true,"href":"https:\/\/www.vidademadrid.com\/es\/wp-json\/wp\/v2\/media\/40298"}],"wp:attachment":[{"href":"https:\/\/www.vidademadrid.com\/es\/wp-json\/wp\/v2\/media?parent=40297"}],"wp:term":[{"taxonomy":"category","embeddable":true,"href":"https:\/\/www.vidademadrid.com\/es\/wp-json\/wp\/v2\/categories?post=40297"},{"taxonomy":"post_tag","embeddable":true,"href":"https:\/\/www.vidademadrid.com\/es\/wp-json\/wp\/v2\/tags?post=40297"}],"curies":[{"name":"wp","href":"https:\/\/api.w.org\/{rel}","templated":true}]}}