{"id":40267,"date":"2022-02-24T19:11:53","date_gmt":"2022-02-24T18:11:53","guid":{"rendered":"https:\/\/www.vidademadrid.com\/es\/?p=40267"},"modified":"2022-02-24T19:34:35","modified_gmt":"2022-02-24T18:34:35","slug":"la-nueva-fuente-de-la-puerta-del-sol-que-simulara-el-cielo-de-madrid","status":"publish","type":"post","link":"https:\/\/www.vidademadrid.com\/es\/40267\/la-nueva-fuente-de-la-puerta-del-sol-que-simulara-el-cielo-de-madrid\/","title":{"rendered":"La nueva fuente de la Puerta del Sol que simular\u00e1 el cielo de Madrid"},"content":{"rendered":"<p>En unos d\u00edas empezar\u00e1n las obras de <strong>reforma de la Puerta del Sol<\/strong>. Entre todas las novedades que te contamos en nuestro<a href=\"https:\/\/www.vidademadrid.com\/es\/40248\/puerta-del-sol-reforma-fotos-video-proyecto-aprobado\/\"> art\u00edculo sobre la reforma de la Puerta del Sol<\/a>, te hablamos de la <strong>nueva fuente que simular\u00e1 el cielo de Madrid.<\/strong><\/p>\n<h2>La fuente de la Puerta del Sol que simular\u00e1 el cielo de Madrid<\/h2>\n<p><script async=\"\" src=\"https:\/\/pagead2.googlesyndication.com\/pagead\/js\/adsbygoogle.js\"><\/script><\/p>\n<p><!-- Vertical2020 --><ins class=\"adsbygoogle\" style=\"display: block;\" data-ad-client=\"ca-pub-7450064428034605\" data-ad-slot=\"4377430105\" data-ad-format=\"auto\" data-full-width-responsive=\"true\"><\/ins><script>(adsbygoogle = window.adsbygoogle || []).push({});<\/script><\/p>\n<p>La nueva reforma a la que pr\u00f3ximamente se someter\u00e1 la puerta del Sol busca convertir el espacio en un lugar amplio de uso diario y ordenado. Uno de los cambios m\u00e1s significativos y pol\u00e9micos ser\u00e1 la <a href=\"https:\/\/www.vidademadrid.com\/es\/40265\/el-nuevo-acceso-al-cercanias-tras-las-reformas-de-la-puerta-del-sol\/\">ballena de Cercan\u00edas<\/a>&nbsp;que se sustituir\u00e1 por un recinto de vidrio al que se le suma una <strong>nueva fuente<\/strong>.<\/p>\n<p>Esta fuente tendr\u00e1 forma ovalada y remplazar\u00e1 a las dos actuales. <strong>La estatua ecuestre de Carlos III descansar\u00e1 en el interior de esta fuente<\/strong>. Adem\u00e1s, en la construcci\u00f3n se colocar\u00e1n&nbsp;<strong>puntos de luz irregulares que simular\u00e1n las estrellas<\/strong> y al mismo tiempo \u00abel cielo de Madrid\u00bb.<\/p>\n<h2>As\u00ed ser\u00e1 la nueva fuente de la Puerta del Sol: fotos del proyecto<\/h2>\n<p><script async=\"\" src=\"https:\/\/pagead2.googlesyndication.com\/pagead\/js\/adsbygoogle.js\"><\/script> <ins class=\"adsbygoogle\" style=\"display:block\" data-ad-format=\"fluid\" data-ad-layout-key=\"-7f+eo+1+2-5\" data-ad-client=\"ca-pub-7450064428034605\" data-ad-slot=\"7327027071\"><\/ins><script>(adsbygoogle = window.adsbygoogle || []).push({});<\/script>Una fuente con la estatua de Carlos III en su interior. A continuaci\u00f3n te dejamos las fotos del proyecto para que te hagas una idea de c\u00f3mo quedar\u00e1 tras las obras de reforma de la Puerta del Sol.<\/p>\n<div id='gallery-1' class='gallery galleryid-40267 gallery-columns-1 gallery-size-large'><figure class='gallery-item'>\n\t\t\t<div class='gallery-icon landscape'>\n\t\t\t\t<a href='https:\/\/www.vidademadrid.com\/es\/40248\/puerta-del-sol-reforma-fotos-video-proyecto-aprobado\/puerta-del-sol-ok-mp4_snapshot_01-09_2022-02-24_12-46-54\/'><img loading=\"lazy\" decoding=\"async\" width=\"696\" height=\"392\" src=\"https:\/\/www.vidademadrid.com\/es\/wp-content\/uploads\/2022\/02\/puerta-del-sol-ok.mp4_snapshot_01.09_2022.02.24_12.46.54-1024x576.jpg\" class=\"attachment-large size-large\" alt=\"\" srcset=\"https:\/\/www.vidademadrid.com\/es\/wp-content\/uploads\/2022\/02\/puerta-del-sol-ok.mp4_snapshot_01.09_2022.02.24_12.46.54-1024x576.jpg 1024w, https:\/\/www.vidademadrid.com\/es\/wp-content\/uploads\/2022\/02\/puerta-del-sol-ok.mp4_snapshot_01.09_2022.02.24_12.46.54-300x169.jpg 300w, https:\/\/www.vidademadrid.com\/es\/wp-content\/uploads\/2022\/02\/puerta-del-sol-ok.mp4_snapshot_01.09_2022.02.24_12.46.54-768x432.jpg 768w, https:\/\/www.vidademadrid.com\/es\/wp-content\/uploads\/2022\/02\/puerta-del-sol-ok.mp4_snapshot_01.09_2022.02.24_12.46.54-1536x864.jpg 1536w, https:\/\/www.vidademadrid.com\/es\/wp-content\/uploads\/2022\/02\/puerta-del-sol-ok.mp4_snapshot_01.09_2022.02.24_12.46.54-696x392.jpg 696w, https:\/\/www.vidademadrid.com\/es\/wp-content\/uploads\/2022\/02\/puerta-del-sol-ok.mp4_snapshot_01.09_2022.02.24_12.46.54-1068x601.jpg 1068w, https:\/\/www.vidademadrid.com\/es\/wp-content\/uploads\/2022\/02\/puerta-del-sol-ok.mp4_snapshot_01.09_2022.02.24_12.46.54-747x420.jpg 747w, https:\/\/www.vidademadrid.com\/es\/wp-content\/uploads\/2022\/02\/puerta-del-sol-ok.mp4_snapshot_01.09_2022.02.24_12.46.54.jpg 1920w\" sizes=\"auto, (max-width: 696px) 100vw, 696px\" \/><\/a>\n\t\t\t<\/div><\/figure><figure class='gallery-item'>\n\t\t\t<div class='gallery-icon landscape'>\n\t\t\t\t<a href='https:\/\/www.vidademadrid.com\/es\/40248\/puerta-del-sol-reforma-fotos-video-proyecto-aprobado\/aerea-sol-1500x844-1\/'><img loading=\"lazy\" decoding=\"async\" width=\"696\" height=\"392\" src=\"https:\/\/www.vidademadrid.com\/es\/wp-content\/uploads\/2022\/02\/Aerea-Sol-1500x844-1-1024x576.jpg\" class=\"attachment-large size-large\" alt=\"\" srcset=\"https:\/\/www.vidademadrid.com\/es\/wp-content\/uploads\/2022\/02\/Aerea-Sol-1500x844-1-1024x576.jpg 1024w, https:\/\/www.vidademadrid.com\/es\/wp-content\/uploads\/2022\/02\/Aerea-Sol-1500x844-1-300x169.jpg 300w, https:\/\/www.vidademadrid.com\/es\/wp-content\/uploads\/2022\/02\/Aerea-Sol-1500x844-1-768x432.jpg 768w, https:\/\/www.vidademadrid.com\/es\/wp-content\/uploads\/2022\/02\/Aerea-Sol-1500x844-1-696x392.jpg 696w, https:\/\/www.vidademadrid.com\/es\/wp-content\/uploads\/2022\/02\/Aerea-Sol-1500x844-1-1068x601.jpg 1068w, https:\/\/www.vidademadrid.com\/es\/wp-content\/uploads\/2022\/02\/Aerea-Sol-1500x844-1-746x420.jpg 746w, https:\/\/www.vidademadrid.com\/es\/wp-content\/uploads\/2022\/02\/Aerea-Sol-1500x844-1.jpg 1500w\" sizes=\"auto, (max-width: 696px) 100vw, 696px\" \/><\/a>\n\t\t\t<\/div><\/figure>\n\t\t<\/div>\n\n","protected":false},"excerpt":{"rendered":"<p>Una de las novedades de la remodelaci\u00f3n de la plaza <\/p>\n","protected":false},"author":13,"featured_media":40269,"comment_status":"open","ping_status":"open","sticky":false,"template":"","format":"standard","meta":{"footnotes":""},"categories":[3],"tags":[175],"class_list":{"0":"post-40267","1":"post","2":"type-post","3":"status-publish","4":"format-standard","5":"has-post-thumbnail","7":"category-visita-madrid","8":"tag-puerta-del-sol"},"_links":{"self":[{"href":"https:\/\/www.vidademadrid.com\/es\/wp-json\/wp\/v2\/posts\/40267","targetHints":{"allow":["GET"]}}],"collection":[{"href":"https:\/\/www.vidademadrid.com\/es\/wp-json\/wp\/v2\/posts"}],"about":[{"href":"https:\/\/www.vidademadrid.com\/es\/wp-json\/wp\/v2\/types\/post"}],"author":[{"embeddable":true,"href":"https:\/\/www.vidademadrid.com\/es\/wp-json\/wp\/v2\/users\/13"}],"replies":[{"embeddable":true,"href":"https:\/\/www.vidademadrid.com\/es\/wp-json\/wp\/v2\/comments?post=40267"}],"version-history":[{"count":7,"href":"https:\/\/www.vidademadrid.com\/es\/wp-json\/wp\/v2\/posts\/40267\/revisions"}],"predecessor-version":[{"id":40283,"href":"https:\/\/www.vidademadrid.com\/es\/wp-json\/wp\/v2\/posts\/40267\/revisions\/40283"}],"wp:featuredmedia":[{"embeddable":true,"href":"https:\/\/www.vidademadrid.com\/es\/wp-json\/wp\/v2\/media\/40269"}],"wp:attachment":[{"href":"https:\/\/www.vidademadrid.com\/es\/wp-json\/wp\/v2\/media?parent=40267"}],"wp:term":[{"taxonomy":"category","embeddable":true,"href":"https:\/\/www.vidademadrid.com\/es\/wp-json\/wp\/v2\/categories?post=40267"},{"taxonomy":"post_tag","embeddable":true,"href":"https:\/\/www.vidademadrid.com\/es\/wp-json\/wp\/v2\/tags?post=40267"}],"curies":[{"name":"wp","href":"https:\/\/api.w.org\/{rel}","templated":true}]}}