{"id":40265,"date":"2022-02-24T19:08:09","date_gmt":"2022-02-24T18:08:09","guid":{"rendered":"https:\/\/www.vidademadrid.com\/es\/?p=40265"},"modified":"2022-02-24T19:34:41","modified_gmt":"2022-02-24T18:34:41","slug":"el-nuevo-acceso-al-cercanias-tras-las-reformas-de-la-puerta-del-sol","status":"publish","type":"post","link":"https:\/\/www.vidademadrid.com\/es\/40265\/el-nuevo-acceso-al-cercanias-tras-las-reformas-de-la-puerta-del-sol\/","title":{"rendered":"El nuevo acceso al Cercan\u00edas tras las reformas de la Puerta del Sol"},"content":{"rendered":"<p>El <strong>Plan de Reforma de la Puerta del Sol<\/strong> que ha recibido hoy, 24 de febrero, luz verde convertir\u00e1 la plaza en un espacio ordenado, equilibrado y definitivamente peatonal. Entre los cambios, tal vez m\u00e1s pol\u00e9micos y significativos, se encuentra el \u00ablavado de imagen\u00bb de la boca de acceso a Cercan\u00eda de Sol. La famosa ballena ser\u00e1 remplazada por un&nbsp;<strong>recinto de vidrio con forma oval.&nbsp;<\/strong><\/p>\n<h2 class=\"post-title\">El nuevo acceso a Cercan\u00edas de la Puerta del Sol<\/h2>\n<p><script async=\"\" src=\"https:\/\/pagead2.googlesyndication.com\/pagead\/js\/adsbygoogle.js\"><\/script> <ins class=\"adsbygoogle\" style=\"display: block;\" data-ad-format=\"fluid\" data-ad-layout-key=\"-7f+eo+1+2-5\" data-ad-client=\"ca-pub-7450064428034605\" data-ad-slot=\"7327027071\"><\/ins><script>(adsbygoogle = window.adsbygoogle || []).push({});<\/script><\/p>\n<p>Como te contamos un <strong>recinto de vidrio con forma oval sustituir\u00e1 a la actual \u00abballena\u00bb de Sol<\/strong>. Este nuevo estilo futurista y moderno servirn para liberar la plaza y darle una imagen m\u00e1s amplia y abierta.<\/p>\n<p>En paralelo a esta nueva construcci\u00f3n de acceso se colocar\u00e1 un itinerario ciclista que conecta el carril de la calle Mayor con la Carrera de San Jer\u00f3nimo. Y eso no es todo, <strong>los ascensores de la plaza de Sol mantendr\u00e1n su ubicaci\u00f3n pero cambiar\u00e1n tambi\u00e9n de imagen<\/strong>. Ser\u00e1n ascensores con un estilo muy similar a la del pabell\u00f3n de entrada al Cercan\u00edas.<\/p>\n<p>No te pierdas el resto de novedades en nuestro art\u00edculo sobre la <a href=\"https:\/\/www.vidademadrid.com\/es\/40248\/puerta-del-sol-reforma-fotos-video-proyecto-aprobado\/\">reforma de la Puerta del Sol.<\/a><\/p>\n<h2>As\u00ed quedar\u00e1 el acceso a Cercan\u00edas de la Puerta del Sol<\/h2>\n<p><script async=\"\" src=\"https:\/\/pagead2.googlesyndication.com\/pagead\/js\/adsbygoogle.js\"><\/script> <ins class=\"adsbygoogle\" style=\"display: block; text-align: center;\" data-ad-layout=\"in-article\" data-ad-format=\"fluid\" data-ad-client=\"ca-pub-7450064428034605\" data-ad-slot=\"5670045061\"><\/ins> <script>(adsbygoogle = window.adsbygoogle || []).push({});<\/script><\/p>\n<div id='gallery-1' class='gallery galleryid-40265 gallery-columns-1 gallery-size-large'><figure class='gallery-item'>\n\t\t\t<div class='gallery-icon landscape'>\n\t\t\t\t<a href='https:\/\/www.vidademadrid.com\/es\/40248\/puerta-del-sol-reforma-fotos-video-proyecto-aprobado\/adif-vista-desde-interior-a-este-1333x1000-1\/'><img loading=\"lazy\" decoding=\"async\" width=\"696\" height=\"522\" src=\"https:\/\/www.vidademadrid.com\/es\/wp-content\/uploads\/2022\/02\/ADIF-vista-desde-interior-a-este-1333x1000-1-1024x768.jpg\" class=\"attachment-large size-large\" alt=\"\" srcset=\"https:\/\/www.vidademadrid.com\/es\/wp-content\/uploads\/2022\/02\/ADIF-vista-desde-interior-a-este-1333x1000-1-1024x768.jpg 1024w, https:\/\/www.vidademadrid.com\/es\/wp-content\/uploads\/2022\/02\/ADIF-vista-desde-interior-a-este-1333x1000-1-300x225.jpg 300w, https:\/\/www.vidademadrid.com\/es\/wp-content\/uploads\/2022\/02\/ADIF-vista-desde-interior-a-este-1333x1000-1-768x576.jpg 768w, https:\/\/www.vidademadrid.com\/es\/wp-content\/uploads\/2022\/02\/ADIF-vista-desde-interior-a-este-1333x1000-1-696x522.jpg 696w, https:\/\/www.vidademadrid.com\/es\/wp-content\/uploads\/2022\/02\/ADIF-vista-desde-interior-a-este-1333x1000-1-1068x801.jpg 1068w, https:\/\/www.vidademadrid.com\/es\/wp-content\/uploads\/2022\/02\/ADIF-vista-desde-interior-a-este-1333x1000-1-560x420.jpg 560w, https:\/\/www.vidademadrid.com\/es\/wp-content\/uploads\/2022\/02\/ADIF-vista-desde-interior-a-este-1333x1000-1-80x60.jpg 80w, https:\/\/www.vidademadrid.com\/es\/wp-content\/uploads\/2022\/02\/ADIF-vista-desde-interior-a-este-1333x1000-1-265x198.jpg 265w, https:\/\/www.vidademadrid.com\/es\/wp-content\/uploads\/2022\/02\/ADIF-vista-desde-interior-a-este-1333x1000-1.jpg 1333w\" sizes=\"auto, (max-width: 696px) 100vw, 696px\" \/><\/a>\n\t\t\t<\/div><\/figure><figure class='gallery-item'>\n\t\t\t<div class='gallery-icon landscape'>\n\t\t\t\t<a href='https:\/\/www.vidademadrid.com\/es\/40248\/puerta-del-sol-reforma-fotos-video-proyecto-aprobado\/puerta-del-sol-ok-mp4_snapshot_00-55_2022-02-24_12-46-25\/'><img loading=\"lazy\" decoding=\"async\" width=\"696\" height=\"392\" src=\"https:\/\/www.vidademadrid.com\/es\/wp-content\/uploads\/2022\/02\/puerta-del-sol-ok.mp4_snapshot_00.55_2022.02.24_12.46.25-1024x576.jpg\" class=\"attachment-large size-large\" alt=\"\" srcset=\"https:\/\/www.vidademadrid.com\/es\/wp-content\/uploads\/2022\/02\/puerta-del-sol-ok.mp4_snapshot_00.55_2022.02.24_12.46.25-1024x576.jpg 1024w, https:\/\/www.vidademadrid.com\/es\/wp-content\/uploads\/2022\/02\/puerta-del-sol-ok.mp4_snapshot_00.55_2022.02.24_12.46.25-300x169.jpg 300w, https:\/\/www.vidademadrid.com\/es\/wp-content\/uploads\/2022\/02\/puerta-del-sol-ok.mp4_snapshot_00.55_2022.02.24_12.46.25-768x432.jpg 768w, https:\/\/www.vidademadrid.com\/es\/wp-content\/uploads\/2022\/02\/puerta-del-sol-ok.mp4_snapshot_00.55_2022.02.24_12.46.25-1536x864.jpg 1536w, https:\/\/www.vidademadrid.com\/es\/wp-content\/uploads\/2022\/02\/puerta-del-sol-ok.mp4_snapshot_00.55_2022.02.24_12.46.25-696x392.jpg 696w, https:\/\/www.vidademadrid.com\/es\/wp-content\/uploads\/2022\/02\/puerta-del-sol-ok.mp4_snapshot_00.55_2022.02.24_12.46.25-1068x601.jpg 1068w, https:\/\/www.vidademadrid.com\/es\/wp-content\/uploads\/2022\/02\/puerta-del-sol-ok.mp4_snapshot_00.55_2022.02.24_12.46.25-747x420.jpg 747w, https:\/\/www.vidademadrid.com\/es\/wp-content\/uploads\/2022\/02\/puerta-del-sol-ok.mp4_snapshot_00.55_2022.02.24_12.46.25.jpg 1920w\" sizes=\"auto, (max-width: 696px) 100vw, 696px\" \/><\/a>\n\t\t\t<\/div><\/figure>\n\t\t<\/div>\n\n","protected":false},"excerpt":{"rendered":"<p>Entre las novedades del plan de remodelaci\u00f3n de la plaza <\/p>\n","protected":false},"author":13,"featured_media":40278,"comment_status":"open","ping_status":"open","sticky":false,"template":"","format":"standard","meta":{"footnotes":""},"categories":[3],"tags":[175],"class_list":{"0":"post-40265","1":"post","2":"type-post","3":"status-publish","4":"format-standard","5":"has-post-thumbnail","7":"category-visita-madrid","8":"tag-puerta-del-sol"},"_links":{"self":[{"href":"https:\/\/www.vidademadrid.com\/es\/wp-json\/wp\/v2\/posts\/40265","targetHints":{"allow":["GET"]}}],"collection":[{"href":"https:\/\/www.vidademadrid.com\/es\/wp-json\/wp\/v2\/posts"}],"about":[{"href":"https:\/\/www.vidademadrid.com\/es\/wp-json\/wp\/v2\/types\/post"}],"author":[{"embeddable":true,"href":"https:\/\/www.vidademadrid.com\/es\/wp-json\/wp\/v2\/users\/13"}],"replies":[{"embeddable":true,"href":"https:\/\/www.vidademadrid.com\/es\/wp-json\/wp\/v2\/comments?post=40265"}],"version-history":[{"count":8,"href":"https:\/\/www.vidademadrid.com\/es\/wp-json\/wp\/v2\/posts\/40265\/revisions"}],"predecessor-version":[{"id":40282,"href":"https:\/\/www.vidademadrid.com\/es\/wp-json\/wp\/v2\/posts\/40265\/revisions\/40282"}],"wp:featuredmedia":[{"embeddable":true,"href":"https:\/\/www.vidademadrid.com\/es\/wp-json\/wp\/v2\/media\/40278"}],"wp:attachment":[{"href":"https:\/\/www.vidademadrid.com\/es\/wp-json\/wp\/v2\/media?parent=40265"}],"wp:term":[{"taxonomy":"category","embeddable":true,"href":"https:\/\/www.vidademadrid.com\/es\/wp-json\/wp\/v2\/categories?post=40265"},{"taxonomy":"post_tag","embeddable":true,"href":"https:\/\/www.vidademadrid.com\/es\/wp-json\/wp\/v2\/tags?post=40265"}],"curies":[{"name":"wp","href":"https:\/\/api.w.org\/{rel}","templated":true}]}}