{"id":40240,"date":"2022-02-24T12:36:53","date_gmt":"2022-02-24T11:36:53","guid":{"rendered":"https:\/\/www.vidademadrid.com\/es\/?p=40240"},"modified":"2022-02-24T12:37:20","modified_gmt":"2022-02-24T11:37:20","slug":"bajas-temperaturas-clima-frio-lluvias-madrid","status":"publish","type":"post","link":"https:\/\/www.vidademadrid.com\/es\/40240\/bajas-temperaturas-clima-frio-lluvias-madrid\/","title":{"rendered":"Se prev\u00e9 un fin de semana con lluvias y fr\u00edo en Madrid"},"content":{"rendered":"<p>La previsi\u00f3n del\u00a0<strong>tiempo\u00a0<\/strong>para este <strong>fin de semana\u00a0<\/strong>con un empeoramiento del clima a partir del\u00a0<strong>viernes.\u00a0<\/strong>Se prev\u00e9 que las temperaturas bajen y habr\u00e1 posibilidad de lluvias durante el fin de semana. Sigue leyendo este art\u00edculo para conocer toda la informaci\u00f3n.\u00a0<\/p>\n<h2>Bajas temperaturas para el fin de semana\u00a0<\/h2>\n<p><script async=\"\" src=\"https:\/\/pagead2.googlesyndication.com\/pagead\/js\/adsbygoogle.js\"><\/script> <ins class=\"adsbygoogle\" style=\"display: block;\" data-ad-format=\"fluid\" data-ad-layout-key=\"-7f+eo+1+2-5\" data-ad-client=\"ca-pub-7450064428034605\" data-ad-slot=\"7327027071\"><\/ins><script>(adsbygoogle = window.adsbygoogle || []).push({});<\/script><\/p>\n<p>Se pronostica que las\u00a0<strong>bajas temperaturas\u00a0<\/strong>lleguen a Madrid este fin de semana a partir del\u00a0<strong>viernes 25 de febrero.\u00a0<\/strong>Se prev\u00e9n adem\u00e1s cielos nubosos y posibles lluvias para este fin de semana. Aunque el jueves se disfrutar\u00e1n de temperaturas de hasta\u00a0<strong>17 grados cent\u00edgrados,\u00a0<\/strong>el viernes se prev\u00e9 una m\u00ednima de <strong>10 grados, y 14 de m\u00e1xima. <\/strong>Para el s\u00e1bado y domingo, se prev\u00e9 que las temperaturas bajen hasta los <strong>2 grados cent\u00edgrados\u00a0<\/strong>con cielos nubosos que durar\u00e1n todo el fin de semana.\u00a0<\/p>\n<figure id=\"attachment_40244\" aria-describedby=\"caption-attachment-40244\" style=\"width: 300px\" class=\"wp-caption alignnone\"><a href=\"https:\/\/www.vidademadrid.com\/es\/wp-content\/uploads\/2022\/02\/Screen-Shot-2022-02-24-at-12.02.08-PM.png\"><img loading=\"lazy\" decoding=\"async\" class=\"size-medium wp-image-40244\" src=\"https:\/\/www.vidademadrid.com\/es\/wp-content\/uploads\/2022\/02\/Screen-Shot-2022-02-24-at-12.02.08-PM-300x115.png\" alt=\"\" width=\"300\" height=\"115\" srcset=\"https:\/\/www.vidademadrid.com\/es\/wp-content\/uploads\/2022\/02\/Screen-Shot-2022-02-24-at-12.02.08-PM-300x115.png 300w, https:\/\/www.vidademadrid.com\/es\/wp-content\/uploads\/2022\/02\/Screen-Shot-2022-02-24-at-12.02.08-PM-768x293.png 768w, https:\/\/www.vidademadrid.com\/es\/wp-content\/uploads\/2022\/02\/Screen-Shot-2022-02-24-at-12.02.08-PM-696x266.png 696w, https:\/\/www.vidademadrid.com\/es\/wp-content\/uploads\/2022\/02\/Screen-Shot-2022-02-24-at-12.02.08-PM.png 966w\" sizes=\"auto, (max-width: 300px) 100vw, 300px\" \/><\/a><figcaption id=\"caption-attachment-40244\" class=\"wp-caption-text\">Foto: El Tiempo<\/figcaption><\/figure>\n<h2>Probabilidad de lluvias\u00a0<\/h2>\n<p><script async=\"\" src=\"https:\/\/pagead2.googlesyndication.com\/pagead\/js\/adsbygoogle.js\"><\/script> <ins class=\"adsbygoogle\" style=\"display: block; text-align: center;\" data-ad-layout=\"in-article\" data-ad-format=\"fluid\" data-ad-client=\"ca-pub-7450064428034605\" data-ad-slot=\"5670045061\"><\/ins> <script>(adsbygoogle = window.adsbygoogle || []).push({});<\/script><\/p>\n<p>Durante estos d\u00edas, habr\u00e1 que abrigarse bien,\u00a0<strong>especialmente a primera y \u00faltima hora del d\u00eda,\u00a0<\/strong>y cargar con parag\u00fcas y chubasquero, especialmente\u00a0<strong>el viernes.\u00a0<\/strong>Aunque todo el <strong>fin de semana\u00a0<\/strong>habr\u00e1 cielos nubosos en Madrid, el d\u00eda\u00a0<strong>viernes 25 de febrero habr\u00e1 un 90 por ciento de probabilidad de lluvias.\u00a0<\/strong><\/p>\n","protected":false},"excerpt":{"rendered":"<p>Bajar\u00e1 la temperatura hasta los 2 grados. <\/p>\n","protected":false},"author":15,"featured_media":40241,"comment_status":"open","ping_status":"open","sticky":false,"template":"","format":"standard","meta":{"footnotes":""},"categories":[12],"tags":[],"class_list":{"0":"post-40240","1":"post","2":"type-post","3":"status-publish","4":"format-standard","5":"has-post-thumbnail","7":"category-actualidad-noticias-madrid"},"_links":{"self":[{"href":"https:\/\/www.vidademadrid.com\/es\/wp-json\/wp\/v2\/posts\/40240","targetHints":{"allow":["GET"]}}],"collection":[{"href":"https:\/\/www.vidademadrid.com\/es\/wp-json\/wp\/v2\/posts"}],"about":[{"href":"https:\/\/www.vidademadrid.com\/es\/wp-json\/wp\/v2\/types\/post"}],"author":[{"embeddable":true,"href":"https:\/\/www.vidademadrid.com\/es\/wp-json\/wp\/v2\/users\/15"}],"replies":[{"embeddable":true,"href":"https:\/\/www.vidademadrid.com\/es\/wp-json\/wp\/v2\/comments?post=40240"}],"version-history":[{"count":2,"href":"https:\/\/www.vidademadrid.com\/es\/wp-json\/wp\/v2\/posts\/40240\/revisions"}],"predecessor-version":[{"id":40247,"href":"https:\/\/www.vidademadrid.com\/es\/wp-json\/wp\/v2\/posts\/40240\/revisions\/40247"}],"wp:featuredmedia":[{"embeddable":true,"href":"https:\/\/www.vidademadrid.com\/es\/wp-json\/wp\/v2\/media\/40241"}],"wp:attachment":[{"href":"https:\/\/www.vidademadrid.com\/es\/wp-json\/wp\/v2\/media?parent=40240"}],"wp:term":[{"taxonomy":"category","embeddable":true,"href":"https:\/\/www.vidademadrid.com\/es\/wp-json\/wp\/v2\/categories?post=40240"},{"taxonomy":"post_tag","embeddable":true,"href":"https:\/\/www.vidademadrid.com\/es\/wp-json\/wp\/v2\/tags?post=40240"}],"curies":[{"name":"wp","href":"https:\/\/api.w.org\/{rel}","templated":true}]}}