{"id":40213,"date":"2022-02-23T18:48:15","date_gmt":"2022-02-23T17:48:15","guid":{"rendered":"https:\/\/www.vidademadrid.com\/es\/?p=40213"},"modified":"2022-03-09T22:23:45","modified_gmt":"2022-03-09T21:23:45","slug":"fuente-de-la-concha-nueva-ubicacion-plaza-espana","status":"publish","type":"post","link":"https:\/\/www.vidademadrid.com\/es\/40213\/fuente-de-la-concha-nueva-ubicacion-plaza-espana\/","title":{"rendered":"La Fuente de la Concha ya est\u00e1 en su nueva ubicaci\u00f3n"},"content":{"rendered":"\n<script data-wid=\"auto\" type=\"text\/javascript\" src=\"https:\/\/content.viralize.tv\/display\/?zid=AADiaHd5cH72qFIl&#038;cid=AAlivHZPTBuyHwaw&#038;activation=adfill&#038;vip_mode=playing&#038;vip_position=bottom-right\"><\/script>\n\n\n<p>Durante nuestro paseo por la Plaza de Espa\u00f1a descubrimos dos novedades de la zona. La primera es que <a href=\"https:\/\/www.vidademadrid.com\/es\/40210\/jardines-sabatino-apertura-parcial-obras-plaza-espana\/\">ya han abierto parcialmente los jardines de Sabatini<\/a> y la segunda, que te contamos en este art\u00edculo, es que ya conocemos la <strong>ubicaci\u00f3n de la Fuente de la Concha<\/strong> que hab\u00eda desaparecido tras la reapertura de la Plaza Espa\u00f1a.<\/p>\n<h2>Nueva ubicaci\u00f3n de la Fuente de la Concha<\/h2>\n<p><script async=\"\" src=\"https:\/\/pagead2.googlesyndication.com\/pagead\/js\/adsbygoogle.js\"><\/script> <ins class=\"adsbygoogle\" style=\"display: block;\" data-ad-format=\"fluid\" data-ad-layout-key=\"-7f+eo+1+2-5\" data-ad-client=\"ca-pub-7450064428034605\" data-ad-slot=\"7327027071\"><\/ins><script>(adsbygoogle = window.adsbygoogle || []).push({});<\/script><\/p>\n<p>La Fuente de la Concha o tambi\u00e9n conocida como la Fuente del Nacimiento del Agua ya se encuentra en su nueva ubicaci\u00f3n. Para los que a\u00fan recuerdan la ic\u00f3nica Plaza Espa\u00f1a antes de las obras, esta fuente estaba situada justo enfrente del Hotel Riu. Ahora ocupa un <strong>nuevo lugar al oeste de la Plaza de Espa\u00f1a al lado de la Parroquia de Santa Teresa y San Jos\u00e9<\/strong>, concretamente en el <strong>n\u00famero 14 de la Plaza de Espa\u00f1a<\/strong>.<\/p>\n<p>Finalizadas las obras de plaza Espa\u00f1a, muchos se estaban preguntando d\u00f3nde hab\u00eda ido a parar esta fuente que como te contamos ocupada la plaza en el eje Gran V\u00eda-Princesa. Con la reconstrucci\u00f3n de la Fuente de la Concha obra de\u00a0<span lang=\"ES-TRAD\">Antonio Campillo P\u00e1rraga y Manuel Herrero Palacios (1969),\u00a0<\/span>ya podemos dar por finalizada la remodelaci\u00f3n de la Plaza Espa\u00f1a. As\u00ed que es el momento de ir a dar una vuelta por la zona. Aunque tienes que saber que <strong>la fuente a\u00fan est\u00e1 en obras.<\/strong> Todav\u00eda no conocemos la fecha de apertura definitiva, pero os iremos informando en nuestras redes.<\/p>\n<h2>Fotos de la Fuente de la Concha<\/h2>\n<p><script async=\"\" src=\"https:\/\/pagead2.googlesyndication.com\/pagead\/js\/adsbygoogle.js\"><\/script> <ins class=\"adsbygoogle\" style=\"display: block; text-align: center;\" data-ad-layout=\"in-article\" data-ad-format=\"fluid\" data-ad-client=\"ca-pub-7450064428034605\" data-ad-slot=\"5670045061\"><\/ins> <script>(adsbygoogle = window.adsbygoogle || []).push({});<\/script><\/p>\n<p>Aqu\u00ed te dejamos las <strong>fotos<\/strong> que hemos hecho durante nuestro paseo por Plaza Espa\u00f1a.<\/p>\n<div id='gallery-1' class='gallery galleryid-40213 gallery-columns-1 gallery-size-large'><figure class='gallery-item'>\n\t\t\t<div class='gallery-icon landscape'>\n\t\t\t\t<a href='https:\/\/www.vidademadrid.com\/es\/40213\/fuente-de-la-concha-nueva-ubicacion-plaza-espana\/whatsapp-image-2022-02-23-at-15-03-57-2\/'><img loading=\"lazy\" decoding=\"async\" width=\"696\" height=\"522\" src=\"https:\/\/www.vidademadrid.com\/es\/wp-content\/uploads\/2022\/02\/WhatsApp-Image-2022-02-23-at-15.03.57-2-1024x768.jpeg\" class=\"attachment-large size-large\" alt=\"\" aria-describedby=\"gallery-1-40215\" srcset=\"https:\/\/www.vidademadrid.com\/es\/wp-content\/uploads\/2022\/02\/WhatsApp-Image-2022-02-23-at-15.03.57-2-1024x768.jpeg 1024w, https:\/\/www.vidademadrid.com\/es\/wp-content\/uploads\/2022\/02\/WhatsApp-Image-2022-02-23-at-15.03.57-2-300x225.jpeg 300w, https:\/\/www.vidademadrid.com\/es\/wp-content\/uploads\/2022\/02\/WhatsApp-Image-2022-02-23-at-15.03.57-2-768x576.jpeg 768w, https:\/\/www.vidademadrid.com\/es\/wp-content\/uploads\/2022\/02\/WhatsApp-Image-2022-02-23-at-15.03.57-2-1536x1152.jpeg 1536w, https:\/\/www.vidademadrid.com\/es\/wp-content\/uploads\/2022\/02\/WhatsApp-Image-2022-02-23-at-15.03.57-2-696x522.jpeg 696w, https:\/\/www.vidademadrid.com\/es\/wp-content\/uploads\/2022\/02\/WhatsApp-Image-2022-02-23-at-15.03.57-2-1068x801.jpeg 1068w, https:\/\/www.vidademadrid.com\/es\/wp-content\/uploads\/2022\/02\/WhatsApp-Image-2022-02-23-at-15.03.57-2-1920x1440.jpeg 1920w, https:\/\/www.vidademadrid.com\/es\/wp-content\/uploads\/2022\/02\/WhatsApp-Image-2022-02-23-at-15.03.57-2-560x420.jpeg 560w, https:\/\/www.vidademadrid.com\/es\/wp-content\/uploads\/2022\/02\/WhatsApp-Image-2022-02-23-at-15.03.57-2-80x60.jpeg 80w, https:\/\/www.vidademadrid.com\/es\/wp-content\/uploads\/2022\/02\/WhatsApp-Image-2022-02-23-at-15.03.57-2-265x198.jpeg 265w, https:\/\/www.vidademadrid.com\/es\/wp-content\/uploads\/2022\/02\/WhatsApp-Image-2022-02-23-at-15.03.57-2.jpeg 2048w\" sizes=\"auto, (max-width: 696px) 100vw, 696px\" \/><\/a>\n\t\t\t<\/div>\n\t\t\t\t<figcaption class='wp-caption-text gallery-caption' id='gallery-1-40215'>\n\t\t\t\tFoto: Vida de Madrid \n\t\t\t\t<\/figcaption><\/figure><figure class='gallery-item'>\n\t\t\t<div class='gallery-icon portrait'>\n\t\t\t\t<a href='https:\/\/www.vidademadrid.com\/es\/40213\/fuente-de-la-concha-nueva-ubicacion-plaza-espana\/whatsapp-image-2022-02-23-at-15-03-57\/'><img loading=\"lazy\" decoding=\"async\" width=\"696\" height=\"928\" src=\"https:\/\/www.vidademadrid.com\/es\/wp-content\/uploads\/2022\/02\/WhatsApp-Image-2022-02-23-at-15.03.57-768x1024.jpeg\" class=\"attachment-large size-large\" alt=\"\" aria-describedby=\"gallery-1-40216\" srcset=\"https:\/\/www.vidademadrid.com\/es\/wp-content\/uploads\/2022\/02\/WhatsApp-Image-2022-02-23-at-15.03.57-768x1024.jpeg 768w, https:\/\/www.vidademadrid.com\/es\/wp-content\/uploads\/2022\/02\/WhatsApp-Image-2022-02-23-at-15.03.57-225x300.jpeg 225w, https:\/\/www.vidademadrid.com\/es\/wp-content\/uploads\/2022\/02\/WhatsApp-Image-2022-02-23-at-15.03.57-1152x1536.jpeg 1152w, https:\/\/www.vidademadrid.com\/es\/wp-content\/uploads\/2022\/02\/WhatsApp-Image-2022-02-23-at-15.03.57-696x928.jpeg 696w, https:\/\/www.vidademadrid.com\/es\/wp-content\/uploads\/2022\/02\/WhatsApp-Image-2022-02-23-at-15.03.57-1068x1424.jpeg 1068w, https:\/\/www.vidademadrid.com\/es\/wp-content\/uploads\/2022\/02\/WhatsApp-Image-2022-02-23-at-15.03.57-315x420.jpeg 315w, https:\/\/www.vidademadrid.com\/es\/wp-content\/uploads\/2022\/02\/WhatsApp-Image-2022-02-23-at-15.03.57.jpeg 1536w\" sizes=\"auto, (max-width: 696px) 100vw, 696px\" \/><\/a>\n\t\t\t<\/div>\n\t\t\t\t<figcaption class='wp-caption-text gallery-caption' id='gallery-1-40216'>\n\t\t\t\tFoto: Vida de Madrid \n\t\t\t\t<\/figcaption><\/figure>\n\t\t<\/div>\n","protected":false},"excerpt":{"rendered":"<p>Dentro de Plaza Espa\u00f1a <\/p>\n","protected":false},"author":13,"featured_media":40214,"comment_status":"open","ping_status":"open","sticky":false,"template":"","format":"standard","meta":{"footnotes":""},"categories":[3],"tags":[],"class_list":{"0":"post-40213","1":"post","2":"type-post","3":"status-publish","4":"format-standard","5":"has-post-thumbnail","7":"category-visita-madrid"},"_links":{"self":[{"href":"https:\/\/www.vidademadrid.com\/es\/wp-json\/wp\/v2\/posts\/40213","targetHints":{"allow":["GET"]}}],"collection":[{"href":"https:\/\/www.vidademadrid.com\/es\/wp-json\/wp\/v2\/posts"}],"about":[{"href":"https:\/\/www.vidademadrid.com\/es\/wp-json\/wp\/v2\/types\/post"}],"author":[{"embeddable":true,"href":"https:\/\/www.vidademadrid.com\/es\/wp-json\/wp\/v2\/users\/13"}],"replies":[{"embeddable":true,"href":"https:\/\/www.vidademadrid.com\/es\/wp-json\/wp\/v2\/comments?post=40213"}],"version-history":[{"count":6,"href":"https:\/\/www.vidademadrid.com\/es\/wp-json\/wp\/v2\/posts\/40213\/revisions"}],"predecessor-version":[{"id":40615,"href":"https:\/\/www.vidademadrid.com\/es\/wp-json\/wp\/v2\/posts\/40213\/revisions\/40615"}],"wp:featuredmedia":[{"embeddable":true,"href":"https:\/\/www.vidademadrid.com\/es\/wp-json\/wp\/v2\/media\/40214"}],"wp:attachment":[{"href":"https:\/\/www.vidademadrid.com\/es\/wp-json\/wp\/v2\/media?parent=40213"}],"wp:term":[{"taxonomy":"category","embeddable":true,"href":"https:\/\/www.vidademadrid.com\/es\/wp-json\/wp\/v2\/categories?post=40213"},{"taxonomy":"post_tag","embeddable":true,"href":"https:\/\/www.vidademadrid.com\/es\/wp-json\/wp\/v2\/tags?post=40213"}],"curies":[{"name":"wp","href":"https:\/\/api.w.org\/{rel}","templated":true}]}}