{"id":40210,"date":"2022-02-23T18:45:35","date_gmt":"2022-02-23T17:45:35","guid":{"rendered":"https:\/\/www.vidademadrid.com\/es\/?p=40210"},"modified":"2022-02-24T01:30:22","modified_gmt":"2022-02-24T00:30:22","slug":"jardines-sabatini-apertura-parcial-obras-plaza-espana","status":"publish","type":"post","link":"https:\/\/www.vidademadrid.com\/es\/40210\/jardines-sabatini-apertura-parcial-obras-plaza-espana\/","title":{"rendered":"Ya est\u00e1n parcialmente abiertos los Jardines de Sabatini"},"content":{"rendered":"<p>Si paseas estos d\u00edas por los alrededores de Plaza Espa\u00f1a podr\u00e1s descubrir algunas novedades. Entre ellas que ya est\u00e1n <strong>parcialmente abiertos los Jardines de Sabatini<\/strong>. Sigue leyendo y descubre las zonas abiertas al p\u00fablico por las que podr\u00e1s pasear.\u00a0<\/p>\n<h2>Apertura parcial de los Jardines de Sabatini \u00a0<\/h2>\n<p><script async=\"\" src=\"https:\/\/pagead2.googlesyndication.com\/pagead\/js\/adsbygoogle.js\"><\/script> <ins class=\"adsbygoogle\" style=\"display: block;\" data-ad-format=\"fluid\" data-ad-layout-key=\"-7f+eo+1+2-5\" data-ad-client=\"ca-pub-7450064428034605\" data-ad-slot=\"7327027071\"><\/ins><script>(adsbygoogle = window.adsbygoogle || []).push({});<\/script><\/p>\n<p>Los <strong>Jardines de Sabatini<\/strong> ubicados en la zona norte del Palacio Real,\u00a0entre la calle de Bail\u00e9n y la Cuesta de San Vicente, <strong>ya est\u00e1n parcialmente abiertos<\/strong>. Aunque la parte principal de los jardines a\u00fan sigue en obras, el acceso y los <strong>tramos cercanos a la calle de Bail\u00e9n ya se pueden transitar<\/strong>.\u00a0<\/p>\n<p>A\u00fan desconocemos la fecha exacta de la apertura en completo de los jardines. Pero os iremos informando de todas las novedades. Por el momento puedes disfrutar de un paseo por sus alrededores.\u00a0<\/p>\n<h2>Fotos de la apertura parcial de los Jardines de Sabatini\u00a0<\/h2>\n<p>Aqu\u00ed te dejamos algunas fotos que hemos hecho durante nuestro paseo. En ellas podr\u00e1s ver los tramos abiertos al p\u00fablico por donde podr\u00e1s pasear.\u00a0<\/p>\n<p><a href=\"https:\/\/www.vidademadrid.com\/es\/wp-content\/uploads\/2022\/02\/WhatsApp-Image-2022-02-23-at-15.01.47.jpeg\"><img loading=\"lazy\" decoding=\"async\" class=\"aligncenter size-full wp-image-40218\" src=\"https:\/\/www.vidademadrid.com\/es\/wp-content\/uploads\/2022\/02\/WhatsApp-Image-2022-02-23-at-15.01.47.jpeg\" alt=\"\" width=\"1536\" height=\"2048\" srcset=\"https:\/\/www.vidademadrid.com\/es\/wp-content\/uploads\/2022\/02\/WhatsApp-Image-2022-02-23-at-15.01.47.jpeg 1536w, https:\/\/www.vidademadrid.com\/es\/wp-content\/uploads\/2022\/02\/WhatsApp-Image-2022-02-23-at-15.01.47-225x300.jpeg 225w, https:\/\/www.vidademadrid.com\/es\/wp-content\/uploads\/2022\/02\/WhatsApp-Image-2022-02-23-at-15.01.47-768x1024.jpeg 768w, https:\/\/www.vidademadrid.com\/es\/wp-content\/uploads\/2022\/02\/WhatsApp-Image-2022-02-23-at-15.01.47-1152x1536.jpeg 1152w, https:\/\/www.vidademadrid.com\/es\/wp-content\/uploads\/2022\/02\/WhatsApp-Image-2022-02-23-at-15.01.47-696x928.jpeg 696w, https:\/\/www.vidademadrid.com\/es\/wp-content\/uploads\/2022\/02\/WhatsApp-Image-2022-02-23-at-15.01.47-1068x1424.jpeg 1068w, https:\/\/www.vidademadrid.com\/es\/wp-content\/uploads\/2022\/02\/WhatsApp-Image-2022-02-23-at-15.01.47-315x420.jpeg 315w\" sizes=\"auto, (max-width: 1536px) 100vw, 1536px\" \/><\/a> <a href=\"https:\/\/www.vidademadrid.com\/es\/wp-content\/uploads\/2022\/02\/WhatsApp-Image-2022-02-23-at-15.01.46.jpeg\"><img loading=\"lazy\" decoding=\"async\" class=\"aligncenter size-full wp-image-40219\" src=\"https:\/\/www.vidademadrid.com\/es\/wp-content\/uploads\/2022\/02\/WhatsApp-Image-2022-02-23-at-15.01.46.jpeg\" alt=\"\" width=\"1536\" height=\"2048\" srcset=\"https:\/\/www.vidademadrid.com\/es\/wp-content\/uploads\/2022\/02\/WhatsApp-Image-2022-02-23-at-15.01.46.jpeg 1536w, https:\/\/www.vidademadrid.com\/es\/wp-content\/uploads\/2022\/02\/WhatsApp-Image-2022-02-23-at-15.01.46-225x300.jpeg 225w, https:\/\/www.vidademadrid.com\/es\/wp-content\/uploads\/2022\/02\/WhatsApp-Image-2022-02-23-at-15.01.46-768x1024.jpeg 768w, https:\/\/www.vidademadrid.com\/es\/wp-content\/uploads\/2022\/02\/WhatsApp-Image-2022-02-23-at-15.01.46-1152x1536.jpeg 1152w, https:\/\/www.vidademadrid.com\/es\/wp-content\/uploads\/2022\/02\/WhatsApp-Image-2022-02-23-at-15.01.46-696x928.jpeg 696w, https:\/\/www.vidademadrid.com\/es\/wp-content\/uploads\/2022\/02\/WhatsApp-Image-2022-02-23-at-15.01.46-1068x1424.jpeg 1068w, https:\/\/www.vidademadrid.com\/es\/wp-content\/uploads\/2022\/02\/WhatsApp-Image-2022-02-23-at-15.01.46-315x420.jpeg 315w\" sizes=\"auto, (max-width: 1536px) 100vw, 1536px\" \/><\/a> <a href=\"https:\/\/www.vidademadrid.com\/es\/wp-content\/uploads\/2022\/02\/WhatsApp-Image-2022-02-23-at-15.01.45-2.jpeg\"><img loading=\"lazy\" decoding=\"async\" class=\"aligncenter size-full wp-image-40220\" src=\"https:\/\/www.vidademadrid.com\/es\/wp-content\/uploads\/2022\/02\/WhatsApp-Image-2022-02-23-at-15.01.45-2.jpeg\" alt=\"\" width=\"1500\" height=\"2000\" srcset=\"https:\/\/www.vidademadrid.com\/es\/wp-content\/uploads\/2022\/02\/WhatsApp-Image-2022-02-23-at-15.01.45-2.jpeg 1500w, https:\/\/www.vidademadrid.com\/es\/wp-content\/uploads\/2022\/02\/WhatsApp-Image-2022-02-23-at-15.01.45-2-225x300.jpeg 225w, https:\/\/www.vidademadrid.com\/es\/wp-content\/uploads\/2022\/02\/WhatsApp-Image-2022-02-23-at-15.01.45-2-768x1024.jpeg 768w, https:\/\/www.vidademadrid.com\/es\/wp-content\/uploads\/2022\/02\/WhatsApp-Image-2022-02-23-at-15.01.45-2-1152x1536.jpeg 1152w, https:\/\/www.vidademadrid.com\/es\/wp-content\/uploads\/2022\/02\/WhatsApp-Image-2022-02-23-at-15.01.45-2-696x928.jpeg 696w, https:\/\/www.vidademadrid.com\/es\/wp-content\/uploads\/2022\/02\/WhatsApp-Image-2022-02-23-at-15.01.45-2-1068x1424.jpeg 1068w, https:\/\/www.vidademadrid.com\/es\/wp-content\/uploads\/2022\/02\/WhatsApp-Image-2022-02-23-at-15.01.45-2-315x420.jpeg 315w\" sizes=\"auto, (max-width: 1500px) 100vw, 1500px\" \/><\/a> <a href=\"https:\/\/www.vidademadrid.com\/es\/wp-content\/uploads\/2022\/02\/WhatsApp-Image-2022-02-23-at-15.01.45.jpeg\"><img loading=\"lazy\" decoding=\"async\" class=\"aligncenter size-full wp-image-40221\" src=\"https:\/\/www.vidademadrid.com\/es\/wp-content\/uploads\/2022\/02\/WhatsApp-Image-2022-02-23-at-15.01.45.jpeg\" alt=\"\" width=\"2000\" height=\"1500\" srcset=\"https:\/\/www.vidademadrid.com\/es\/wp-content\/uploads\/2022\/02\/WhatsApp-Image-2022-02-23-at-15.01.45.jpeg 2000w, https:\/\/www.vidademadrid.com\/es\/wp-content\/uploads\/2022\/02\/WhatsApp-Image-2022-02-23-at-15.01.45-300x225.jpeg 300w, https:\/\/www.vidademadrid.com\/es\/wp-content\/uploads\/2022\/02\/WhatsApp-Image-2022-02-23-at-15.01.45-1024x768.jpeg 1024w, https:\/\/www.vidademadrid.com\/es\/wp-content\/uploads\/2022\/02\/WhatsApp-Image-2022-02-23-at-15.01.45-768x576.jpeg 768w, https:\/\/www.vidademadrid.com\/es\/wp-content\/uploads\/2022\/02\/WhatsApp-Image-2022-02-23-at-15.01.45-1536x1152.jpeg 1536w, https:\/\/www.vidademadrid.com\/es\/wp-content\/uploads\/2022\/02\/WhatsApp-Image-2022-02-23-at-15.01.45-696x522.jpeg 696w, https:\/\/www.vidademadrid.com\/es\/wp-content\/uploads\/2022\/02\/WhatsApp-Image-2022-02-23-at-15.01.45-1068x801.jpeg 1068w, https:\/\/www.vidademadrid.com\/es\/wp-content\/uploads\/2022\/02\/WhatsApp-Image-2022-02-23-at-15.01.45-1920x1440.jpeg 1920w, https:\/\/www.vidademadrid.com\/es\/wp-content\/uploads\/2022\/02\/WhatsApp-Image-2022-02-23-at-15.01.45-560x420.jpeg 560w, https:\/\/www.vidademadrid.com\/es\/wp-content\/uploads\/2022\/02\/WhatsApp-Image-2022-02-23-at-15.01.45-80x60.jpeg 80w, https:\/\/www.vidademadrid.com\/es\/wp-content\/uploads\/2022\/02\/WhatsApp-Image-2022-02-23-at-15.01.45-265x198.jpeg 265w\" sizes=\"auto, (max-width: 2000px) 100vw, 2000px\" \/><\/a><\/p>\n\n\n<p><\/p>\n","protected":false},"excerpt":{"rendered":"<p>Aqu\u00ed las zonas a las que podr\u00e1s acceder<\/p>\n","protected":false},"author":13,"featured_media":40211,"comment_status":"open","ping_status":"open","sticky":false,"template":"","format":"standard","meta":{"footnotes":""},"categories":[101,3],"tags":[],"class_list":{"0":"post-40210","1":"post","2":"type-post","3":"status-publish","4":"format-standard","5":"has-post-thumbnail","7":"category-ferias-fiestas-mercados-madrid","8":"category-visita-madrid"},"_links":{"self":[{"href":"https:\/\/www.vidademadrid.com\/es\/wp-json\/wp\/v2\/posts\/40210","targetHints":{"allow":["GET"]}}],"collection":[{"href":"https:\/\/www.vidademadrid.com\/es\/wp-json\/wp\/v2\/posts"}],"about":[{"href":"https:\/\/www.vidademadrid.com\/es\/wp-json\/wp\/v2\/types\/post"}],"author":[{"embeddable":true,"href":"https:\/\/www.vidademadrid.com\/es\/wp-json\/wp\/v2\/users\/13"}],"replies":[{"embeddable":true,"href":"https:\/\/www.vidademadrid.com\/es\/wp-json\/wp\/v2\/comments?post=40210"}],"version-history":[{"count":5,"href":"https:\/\/www.vidademadrid.com\/es\/wp-json\/wp\/v2\/posts\/40210\/revisions"}],"predecessor-version":[{"id":40230,"href":"https:\/\/www.vidademadrid.com\/es\/wp-json\/wp\/v2\/posts\/40210\/revisions\/40230"}],"wp:featuredmedia":[{"embeddable":true,"href":"https:\/\/www.vidademadrid.com\/es\/wp-json\/wp\/v2\/media\/40211"}],"wp:attachment":[{"href":"https:\/\/www.vidademadrid.com\/es\/wp-json\/wp\/v2\/media?parent=40210"}],"wp:term":[{"taxonomy":"category","embeddable":true,"href":"https:\/\/www.vidademadrid.com\/es\/wp-json\/wp\/v2\/categories?post=40210"},{"taxonomy":"post_tag","embeddable":true,"href":"https:\/\/www.vidademadrid.com\/es\/wp-json\/wp\/v2\/tags?post=40210"}],"curies":[{"name":"wp","href":"https:\/\/api.w.org\/{rel}","templated":true}]}}