{"id":40062,"date":"2022-02-18T11:27:10","date_gmt":"2022-02-18T10:27:10","guid":{"rendered":"https:\/\/www.vidademadrid.com\/es\/?p=40062"},"modified":"2022-02-18T12:01:28","modified_gmt":"2022-02-18T11:01:28","slug":"demolicion-puente-de-pacifico-obras-retiro-arganzuela","status":"publish","type":"post","link":"https:\/\/www.vidademadrid.com\/es\/40062\/demolicion-puente-de-pacifico-obras-retiro-arganzuela\/","title":{"rendered":"El Puente de Pac\u00edfico ser\u00e1 demolido desde marzo: fotos antes y despu\u00e9s"},"content":{"rendered":"<p>El\u00a0<strong>Ayuntamiento de Madrid\u00a0<\/strong>ha aprobado el comienzo de ls obras para la\u00a0<strong>demolici\u00f3n parcial y reestructuraci\u00f3n del paso elevado\u00a0<\/strong>del Puente de Pac\u00edfico. El proyecto comenzar\u00e1 en marzo<strong>.\u00a0<\/strong>Sigue leyendo este art\u00edculo para conocer toda la informaci\u00f3n.\u00a0<\/p>\n<h2>Demolici\u00f3n del Puente de Pac\u00edfico\u00a0<\/h2>\n<p><script async=\"\" src=\"https:\/\/pagead2.googlesyndication.com\/pagead\/js\/adsbygoogle.js\"><\/script> <ins class=\"adsbygoogle\" style=\"display: block;\" data-ad-format=\"fluid\" data-ad-layout-key=\"-7f+eo+1+2-5\" data-ad-client=\"ca-pub-7450064428034605\" data-ad-slot=\"7327027071\"><\/ins><script>(adsbygoogle = window.adsbygoogle || []).push({});<\/script><\/p>\n<p>El proyecto para la\u00a0<strong>demolici\u00f3n parcial y reestructuraci\u00f3n\u00a0<\/strong>del\u00a0<strong>Puente de Pac\u00edfico,\u00a0<\/strong>llamado de Pedro Bosch, comenzar\u00e1 el mes de marzo de este a\u00f1o y se prev\u00e9 que tenga una duraci\u00f3n de <strong>12 meses.\u00a0<\/strong><\/p>\n<p>Este puente, construido en 1971, conecta la calle de\u00a0<strong>M\u00e9ndez \u00c1lvaro con Doctor Esquerdo y Conde de Casal.\u00a0<\/strong>Su demolici\u00f3n supondr\u00e1 una mejora en la permeabilidad peatonal y ciclista entre los distritos de\u00a0<strong>Retiro y Arganzuela\u00a0<\/strong>as\u00ed como una mejora desde el punto de vista paisaj\u00edstico como funcional.\u00a0<\/p>\n<h2>El proyecto\u00a0<\/h2>\n<p><script async=\"\" src=\"https:\/\/pagead2.googlesyndication.com\/pagead\/js\/adsbygoogle.js\"><\/script> <ins class=\"adsbygoogle\" style=\"display: block; text-align: center;\" data-ad-layout=\"in-article\" data-ad-format=\"fluid\" data-ad-client=\"ca-pub-7450064428034605\" data-ad-slot=\"5670045061\"><\/ins> <script>(adsbygoogle = window.adsbygoogle || []).push({});<\/script><\/p>\n<p>El proyecto, que durar\u00e1 12 meses, abordar\u00e1 la reurbanizaci\u00f3n de la calle Pedro Bosch entre la\u00a0<strong>avenida Ciudad de Barcelona y la calle M\u00e9ndez \u00c1lvaro <\/strong>a ambos lados del paso elevado. La remodelaci\u00f3n mantendr\u00e1 las actuales instalaciones deportivas, que podr\u00e1n ser reinstaladas cuando finalice la construcci\u00f3n de la nueva estructura.\u00a0<\/p>\n<p>Adem\u00e1s, se reconfigurar\u00e1 el paso elevado entre la calle M\u00e9ndez \u00c1lvaro y las v\u00edas y se demoler\u00e1 y reconstruir\u00e1 desde la v\u00edas hasta la avenida Ciudad de Barcelona. Tambi\u00e9n, se reducir\u00e1 un carril de circulaci\u00f3n por sentido y se usar\u00e1 este espacio para la\u00a0<strong>creaci\u00f3n de un carril bici bidireccional<\/strong> y contempla una acera ajardinada que formar\u00e1 un paseo verde entre los distritos de Retiro y Arganzuela.<\/p>\n\n\n<p><\/p>\n","protected":false},"excerpt":{"rendered":"<p>Se prev\u00e9 que las obras tengan una duraci\u00f3n de 12 meses.\u00a0<\/p>\n","protected":false},"author":15,"featured_media":40063,"comment_status":"open","ping_status":"open","sticky":false,"template":"","format":"standard","meta":{"footnotes":""},"categories":[12],"tags":[],"class_list":{"0":"post-40062","1":"post","2":"type-post","3":"status-publish","4":"format-standard","5":"has-post-thumbnail","7":"category-actualidad-noticias-madrid"},"_links":{"self":[{"href":"https:\/\/www.vidademadrid.com\/es\/wp-json\/wp\/v2\/posts\/40062","targetHints":{"allow":["GET"]}}],"collection":[{"href":"https:\/\/www.vidademadrid.com\/es\/wp-json\/wp\/v2\/posts"}],"about":[{"href":"https:\/\/www.vidademadrid.com\/es\/wp-json\/wp\/v2\/types\/post"}],"author":[{"embeddable":true,"href":"https:\/\/www.vidademadrid.com\/es\/wp-json\/wp\/v2\/users\/15"}],"replies":[{"embeddable":true,"href":"https:\/\/www.vidademadrid.com\/es\/wp-json\/wp\/v2\/comments?post=40062"}],"version-history":[{"count":2,"href":"https:\/\/www.vidademadrid.com\/es\/wp-json\/wp\/v2\/posts\/40062\/revisions"}],"predecessor-version":[{"id":40072,"href":"https:\/\/www.vidademadrid.com\/es\/wp-json\/wp\/v2\/posts\/40062\/revisions\/40072"}],"wp:featuredmedia":[{"embeddable":true,"href":"https:\/\/www.vidademadrid.com\/es\/wp-json\/wp\/v2\/media\/40063"}],"wp:attachment":[{"href":"https:\/\/www.vidademadrid.com\/es\/wp-json\/wp\/v2\/media?parent=40062"}],"wp:term":[{"taxonomy":"category","embeddable":true,"href":"https:\/\/www.vidademadrid.com\/es\/wp-json\/wp\/v2\/categories?post=40062"},{"taxonomy":"post_tag","embeddable":true,"href":"https:\/\/www.vidademadrid.com\/es\/wp-json\/wp\/v2\/tags?post=40062"}],"curies":[{"name":"wp","href":"https:\/\/api.w.org\/{rel}","templated":true}]}}