{"id":40040,"date":"2022-02-18T12:24:55","date_gmt":"2022-02-18T11:24:55","guid":{"rendered":"https:\/\/www.vidademadrid.com\/es\/?p=40040"},"modified":"2022-02-20T23:07:22","modified_gmt":"2022-02-20T22:07:22","slug":"planes-madrid-18-19-20-febrero-2022","status":"publish","type":"post","link":"https:\/\/www.vidademadrid.com\/es\/40040\/planes-madrid-18-19-20-febrero-2022\/","title":{"rendered":"Planes de este fin de semana en Madrid: 18, 19 y 20 de febrero 2022"},"content":{"rendered":"<p>\u00bfEst\u00e1s pensando ya en los planes de este fin de semana? Est\u00e1s en el sitio correcto. Aqu\u00ed encontrar\u00e1s <strong>todos los planes que puedes hacer este fin de semana del 18, 19 y 20 de febrero 2022 en Madrid<\/strong>. Te esperan\u00a0<strong>nuevas exposiciones<\/strong>,\u00a0<strong>actividades<\/strong> <strong>gratuitas,<\/strong>\u00a0nuevas ideas de <strong>restaurantes<\/strong> y planes de <strong>brunch<\/strong>.\u00a0No te lo pierdas.<\/p>\n<h2>Exposiciones y otras actividades<\/h2>\n<h3>Visita \u2018Portrait as Biography\u2019, la nueva exposici\u00f3n de Marina Abramovi\u0107<\/h3>\n<p>Podr\u00e1s disfrutar de la <strong>primera muestra de la artista<\/strong> en la <strong>Nave S\u00e1nchez-Ubir\u00eda<\/strong> hasta el 19 de marzo. Conoce m\u00e1s sobre la artista y los horarios de visita <a href=\"https:\/\/www.vidademadrid.com\/es\/38568\/exposicion-marina-abramovic-bernal-espacio-galeria-madrid-2022\/\">aqu\u00ed<\/a>.<\/p>\n<h3>Descubre la exposici\u00f3n de \u00abPicasso: rostros y figuras\u00bb en la Academia de Bellas Artes<\/h3>\n<p>La\u00a0<strong>Real Academia de Bellas Artes de San Fernando<\/strong>\u00a0en Madrid prepara su nueva exposici\u00f3n con los\u00a0<strong>retratos y figuras de\u00a0Picasso<\/strong>\u00a0como protagonistas. Toda la info <a href=\"https:\/\/www.vidademadrid.com\/es\/38162\/picasso-rostros-y-figuras-exposicion-real-academia-de-bellas-artes\/\">aqu\u00ed<\/a>.<\/p>\n<h3>Prueba el lanzamiento de hacha en Urban Safari<\/h3>\n<p>\u00bfAlguna vez has lanzado un hacha? Urban Safari te da la oportunidad de vivir esta experiencia. Descubre todo sobre esta <strong>actividad original y divertida<\/strong> <a href=\"https:\/\/www.vidademadrid.com\/es\/40014\/tiro-con-hacha-urban-safari-madrid-ofertas\/\">aqu\u00ed<\/a>.<\/p>\n<figure id=\"attachment_40017\" aria-describedby=\"caption-attachment-40017\" style=\"width: 1200px\" class=\"wp-caption aligncenter\"><img loading=\"lazy\" decoding=\"async\" class=\"size-full wp-image-40017\" src=\"https:\/\/www.vidademadrid.com\/es\/wp-content\/uploads\/2022\/02\/Urban-Safari-Liga-Feb-2022-edit-34-2.jpg\" alt=\"\" width=\"1200\" height=\"600\" srcset=\"https:\/\/www.vidademadrid.com\/es\/wp-content\/uploads\/2022\/02\/Urban-Safari-Liga-Feb-2022-edit-34-2.jpg 1200w, https:\/\/www.vidademadrid.com\/es\/wp-content\/uploads\/2022\/02\/Urban-Safari-Liga-Feb-2022-edit-34-2-300x150.jpg 300w, https:\/\/www.vidademadrid.com\/es\/wp-content\/uploads\/2022\/02\/Urban-Safari-Liga-Feb-2022-edit-34-2-1024x512.jpg 1024w, https:\/\/www.vidademadrid.com\/es\/wp-content\/uploads\/2022\/02\/Urban-Safari-Liga-Feb-2022-edit-34-2-768x384.jpg 768w, https:\/\/www.vidademadrid.com\/es\/wp-content\/uploads\/2022\/02\/Urban-Safari-Liga-Feb-2022-edit-34-2-696x348.jpg 696w, https:\/\/www.vidademadrid.com\/es\/wp-content\/uploads\/2022\/02\/Urban-Safari-Liga-Feb-2022-edit-34-2-1068x534.jpg 1068w, https:\/\/www.vidademadrid.com\/es\/wp-content\/uploads\/2022\/02\/Urban-Safari-Liga-Feb-2022-edit-34-2-840x420.jpg 840w\" sizes=\"auto, (max-width: 1200px) 100vw, 1200px\" \/><figcaption id=\"caption-attachment-40017\" class=\"wp-caption-text\">Foto: Urban Safari<\/figcaption><\/figure>\n<h3>Ad\u00e9ntrate en el mundo de Magallanes y Elcano con una nueva experiencia inmersiva<\/h3>\n<p>No te pierdas esta nueva experiencia inmersiva\u00a0 en el Espacio Ibercaja Delicias que te permitir\u00e1 unirte la tripulaci\u00f3n del barco Nao Victoria, que dio la vuelta al mundo hace cinco siglos. Toda la informaci\u00f3n y venta de entradas <a href=\"https:\/\/www.vidademadrid.com\/es\/39896\/magallanes-el-cano-experiencia-inmersiva-entradas-horarios\/\">aqu\u00ed<\/a>. Adem\u00e1s puedes volver a vivir nuestra visita en <a href=\"https:\/\/www.instagram.com\/stories\/highlights\/18147502159221704\/\">IG stories de @vidademadrid<\/a>.<\/p>\n<h3>Cine y moda bajo la mirada de Jean Paul Gaultier<\/h3>\n<p>Este viernes se inaugura la nueva exposici\u00f3n de CaixaForum: \u00abCine y Moda. Por Jean Paul Gaultier\u00bb, donde se abordan los intercambios e influencias que se producen entre ambas industrias.\u00a0 Info <a href=\"https:\/\/www.vidademadrid.com\/es\/39861\/cine-moda-jean-paul-gaultier-exposicion-caixaforum-2022\/\">aqu\u00ed<\/a>.<\/p>\n<figure id=\"attachment_39862\" aria-describedby=\"caption-attachment-39862\" style=\"width: 1200px\" class=\"wp-caption aligncenter\"><img loading=\"lazy\" decoding=\"async\" class=\"size-full wp-image-39862\" src=\"https:\/\/www.vidademadrid.com\/es\/wp-content\/uploads\/2022\/02\/vdm-19.jpeg\" alt=\"\" width=\"1200\" height=\"600\" srcset=\"https:\/\/www.vidademadrid.com\/es\/wp-content\/uploads\/2022\/02\/vdm-19.jpeg 1200w, https:\/\/www.vidademadrid.com\/es\/wp-content\/uploads\/2022\/02\/vdm-19-300x150.jpeg 300w, https:\/\/www.vidademadrid.com\/es\/wp-content\/uploads\/2022\/02\/vdm-19-1024x512.jpeg 1024w, https:\/\/www.vidademadrid.com\/es\/wp-content\/uploads\/2022\/02\/vdm-19-768x384.jpeg 768w, https:\/\/www.vidademadrid.com\/es\/wp-content\/uploads\/2022\/02\/vdm-19-696x348.jpeg 696w, https:\/\/www.vidademadrid.com\/es\/wp-content\/uploads\/2022\/02\/vdm-19-1068x534.jpeg 1068w, https:\/\/www.vidademadrid.com\/es\/wp-content\/uploads\/2022\/02\/vdm-19-840x420.jpeg 840w\" sizes=\"auto, (max-width: 1200px) 100vw, 1200px\" \/><figcaption id=\"caption-attachment-39862\" class=\"wp-caption-text\">Foto: Prensa<\/figcaption><\/figure>\n<h3 class=\"entry-title\">Compra directamente de los productores en el Mercado Planetario<\/h3>\n<p>Vuelve este finde el Mercado Municipal de Productores Planetario, en el que peque\u00f1os comerciantes venden diferentes productos alimentarios, ecol\u00f3gicos. Toda la info <a href=\"https:\/\/www.vidademadrid.com\/es\/39865\/mercado-planetario-madrid-fechas-horarios-2022-productores\/\">aqu\u00ed<\/a>.<\/p>\n<p><script async=\"\" src=\"https:\/\/pagead2.googlesyndication.com\/pagead\/js\/adsbygoogle.js\"><\/script> <ins class=\"adsbygoogle\" style=\"display: block;\" data-ad-format=\"fluid\" data-ad-layout-key=\"-7f+eo+1+2-5\" data-ad-client=\"ca-pub-7450064428034605\" data-ad-slot=\"7327027071\"><\/ins><script>(adsbygoogle = window.adsbygoogle || []).push({});<\/script><\/p>\n<h3>Viaje a la Am\u00e9rica de los 50, 60 y 70 con Andy Warhol<\/h3>\n<p>La exposici\u00f3n <strong>\u00abAndy Warhol, Super Pop\u00bb<\/strong> realiza un recorrido hist\u00f3rico sobre los numerosos sectores en los que trabaj\u00f3 el artista. En el Palacio de Santa B\u00e1rbara. Info <a href=\"https:\/\/www.vidademadrid.com\/es\/39720\/andy-warhol-super-pop-exposicion-palacio-santa-barbara-entradas\/\">aqu\u00ed<\/a>.<\/p>\n<h2>Planes gratis<\/h2>\n<h3>Exposici\u00f3n ben\u00e9fica en el Mercado de San Miguel<\/h3>\n<p><em>Una exposici\u00f3n que se conoce con el nombre <strong>\u00abMiles de personas han sobrevivido sin amor; ninguna sin agua\u00bb\u00a0<\/strong><\/em>dirigida a recaudar fondos para llevar agua potable a quienes m\u00e1s lo necesitan. Toda la info <a href=\"https:\/\/www.vidademadrid.com\/es\/40051\/exposicion-benefica-agua-auara-mercado-san-miguel\/\">aqu\u00ed<\/a>.<\/p>\n<figure id=\"attachment_40053\" aria-describedby=\"caption-attachment-40053\" style=\"width: 1200px\" class=\"wp-caption aligncenter\"><img loading=\"lazy\" decoding=\"async\" class=\"size-full wp-image-40053\" src=\"https:\/\/www.vidademadrid.com\/es\/wp-content\/uploads\/2022\/02\/WhatsApp-Image-2022-02-18-at-9.08.35-AM.jpeg\" alt=\"\" width=\"1200\" height=\"600\" srcset=\"https:\/\/www.vidademadrid.com\/es\/wp-content\/uploads\/2022\/02\/WhatsApp-Image-2022-02-18-at-9.08.35-AM.jpeg 1200w, https:\/\/www.vidademadrid.com\/es\/wp-content\/uploads\/2022\/02\/WhatsApp-Image-2022-02-18-at-9.08.35-AM-300x150.jpeg 300w, https:\/\/www.vidademadrid.com\/es\/wp-content\/uploads\/2022\/02\/WhatsApp-Image-2022-02-18-at-9.08.35-AM-1024x512.jpeg 1024w, https:\/\/www.vidademadrid.com\/es\/wp-content\/uploads\/2022\/02\/WhatsApp-Image-2022-02-18-at-9.08.35-AM-768x384.jpeg 768w, https:\/\/www.vidademadrid.com\/es\/wp-content\/uploads\/2022\/02\/WhatsApp-Image-2022-02-18-at-9.08.35-AM-696x348.jpeg 696w, https:\/\/www.vidademadrid.com\/es\/wp-content\/uploads\/2022\/02\/WhatsApp-Image-2022-02-18-at-9.08.35-AM-1068x534.jpeg 1068w, https:\/\/www.vidademadrid.com\/es\/wp-content\/uploads\/2022\/02\/WhatsApp-Image-2022-02-18-at-9.08.35-AM-840x420.jpeg 840w\" sizes=\"auto, (max-width: 1200px) 100vw, 1200px\" \/><figcaption id=\"caption-attachment-40053\" class=\"wp-caption-text\">Foto: Vida de Madrid<\/figcaption><\/figure>\n<h3>Comienza la ruta por los Museos de Metro de Madrid y gana una recompensa<\/h3>\n<p>El Metro de Madrid ha sacado un Pasaporte de los Museos de Metro con el que podr\u00e1s visitar los centros culturales del metro y obtener sellos. Una vez completado recibes una recompensa. \u00bfD\u00f3nde conseguirlo? \u00bfC\u00f3mo funciona? Toda la info <a href=\"https:\/\/www.vidademadrid.com\/es\/39970\/pasaporte-museos-metro-madrid-sellos-regalos\/\">aqu\u00ed.<\/a><\/p>\n<h3>Ir a ver los almendros en flor<\/h3>\n<p>Los almendros ya han empezado a florecer. Este espect\u00e1culo de la naturaleza que anuncia con antelaci\u00f3n la primavera y el fin del invierno ya se pueden ver en varios puntos de la ciudad. Desc\u00fabrelo todo <a href=\"https:\/\/www.vidademadrid.com\/es\/39963\/donde-ver-los-almendros-en-flor-ubicacion-2022\/\">aqu\u00ed<\/a>.<\/p>\n<h3>Descubre las cabezas gigantes de la Gran V\u00eda<\/h3>\n<p>Obra del artista y escultor Samuel Salcedo que forma parte de la instalaci\u00f3n art\u00edstica <em><strong>\u00abAbout memories I, II, III, IV\u00bb<\/strong><\/em>. Toda la info <a href=\"https:\/\/www.vidademadrid.com\/es\/39988\/about-memories-samuel-salcedo-instalacion-artistica-2022\/\">aqu\u00ed<\/a>.<\/p>\n<figure id=\"attachment_39989\" aria-describedby=\"caption-attachment-39989\" style=\"width: 1200px\" class=\"wp-caption aligncenter\"><a href=\"https:\/\/www.vidademadrid.com\/es\/wp-content\/uploads\/2022\/02\/vdm-28.jpeg\"><img loading=\"lazy\" decoding=\"async\" class=\"size-full wp-image-39989\" src=\"https:\/\/www.vidademadrid.com\/es\/wp-content\/uploads\/2022\/02\/vdm-28.jpeg\" alt=\"\" width=\"1200\" height=\"600\" srcset=\"https:\/\/www.vidademadrid.com\/es\/wp-content\/uploads\/2022\/02\/vdm-28.jpeg 1200w, https:\/\/www.vidademadrid.com\/es\/wp-content\/uploads\/2022\/02\/vdm-28-300x150.jpeg 300w, https:\/\/www.vidademadrid.com\/es\/wp-content\/uploads\/2022\/02\/vdm-28-1024x512.jpeg 1024w, https:\/\/www.vidademadrid.com\/es\/wp-content\/uploads\/2022\/02\/vdm-28-768x384.jpeg 768w, https:\/\/www.vidademadrid.com\/es\/wp-content\/uploads\/2022\/02\/vdm-28-696x348.jpeg 696w, https:\/\/www.vidademadrid.com\/es\/wp-content\/uploads\/2022\/02\/vdm-28-1068x534.jpeg 1068w, https:\/\/www.vidademadrid.com\/es\/wp-content\/uploads\/2022\/02\/vdm-28-840x420.jpeg 840w\" sizes=\"auto, (max-width: 1200px) 100vw, 1200px\" \/><\/a><figcaption id=\"caption-attachment-39989\" class=\"wp-caption-text\">Foto: Vida de Madrid<\/figcaption><\/figure>\n<h3>Visita la Obra de Spy en el escaparate de El Corte Ingl\u00e9s Preciados<\/h3>\n<p>Esta obra forma parte de la exposici\u00f3n\u00a0<em><strong>Una ventana al arte\u00a0<\/strong><\/em>con la que\u00a0<strong>El Corte Ingl\u00e9s\u00a0<\/strong>se une a la\u00a0<strong>Feria Internacional de Arte Contempor\u00e1neo ARCO de Madrid. <\/strong>Toda la info <a href=\"https:\/\/www.vidademadrid.com\/es\/39983\/reflexion-una-ventana-al-arte-spy-arco-de-madrid-2022\/\">aqu\u00ed<\/a>.<\/p>\n<h3>Fotografiar la marquesina m\u00e1s llamativa de Madrid<\/h3>\n<p>Si paseas este fin de semana por Madrid seguro que no vas a poder pasar por alto una de sus marquesinas que se ha convertido en un verdadero bosque. \u00bfA qu\u00e9 se debe esta iniciativa? Toda la info <a href=\"https:\/\/www.vidademadrid.com\/es\/39996\/marquesina-gran-via-horizon-videojuegos-decoracion\/\">aqu\u00ed<\/a>.<\/p>\n<p><script async=\"\" src=\"https:\/\/pagead2.googlesyndication.com\/pagead\/js\/adsbygoogle.js\"><\/script> <ins class=\"adsbygoogle\" style=\"display: block; text-align: center;\" data-ad-layout=\"in-article\" data-ad-format=\"fluid\" data-ad-client=\"ca-pub-7450064428034605\" data-ad-slot=\"5670045061\"><\/ins> <script>(adsbygoogle = window.adsbygoogle || []).push({});<\/script><\/p>\n<h3>\u00daltimos d\u00edas para&#8230;<\/h3>\n<p>Se despiden a partir del viernes los <a href=\"https:\/\/www.vidademadrid.com\/es\/39037\/esculturas-oso-madrono-mapa-listado-completo-ubicacion-madrid\/\">osos y madro\u00f1os en las calles de Madrid<\/a>; hasta el domingo puedes patinar en la <a href=\"https:\/\/www.vidademadrid.com\/es\/39216\/nueva-pista-hielo-azca-plaza-carlos-trias-beltran-moda-shopping\/\">pista de hielo de Azca<\/a>; tras la pr\u00f3rroga, es este el \u00faltimo finde para ver la <a href=\"https:\/\/www.vidademadrid.com\/es\/39074\/raphaelismo-exposicion-gratuita-raphael-gran-via\/\">expo del cantante Raphael en Gran V\u00eda<\/a>; cierra el viernes la <a href=\"https:\/\/www.vidademadrid.com\/es\/39827\/next-gen-seniors-instalacion-artistica-ikea-plaza-de-colon-2022\/\">instalaci\u00f3n interactiva de Ikea en Col\u00f3n<\/a>.<\/p>\n<p><script async=\"\" src=\"https:\/\/pagead2.googlesyndication.com\/pagead\/js\/adsbygoogle.js\"><\/script><\/p>\n<p><!-- Vertical2020 --><ins class=\"adsbygoogle\" style=\"display: block;\" data-ad-client=\"ca-pub-7450064428034605\" data-ad-slot=\"4377430105\" data-ad-format=\"auto\" data-full-width-responsive=\"true\"><\/ins><script>(adsbygoogle = window.adsbygoogle || []).push({});<\/script><\/p>\n<h2>Restaurantes para este fin de semana<\/h2>\n<p>Aqu\u00ed te dejamos algunos <strong>restaurantes<\/strong> que hemos probado esta semana:<\/p>\n<h3>Brunch en la Magdalena de Proust<\/h3>\n<p>En Chamber\u00ed se encuentra la Magdalena de Proust, un obrador familiar que trabaja con masa madre y que te ofrecen un brunch muy completo. Vuelve a vivir nuestra experiencia en <a href=\"https:\/\/www.instagram.com\/stories\/highlights\/17925434096140183\/\">IG stories de @vidademadrid<\/a>.<\/p>\n<h3>Brunch del Hard Rock Hotel Madrid<\/h3>\n<p>Disfruta de un brunch y un espect\u00e1culo en el Hard Rock Hotel Madrid ubicado muy cerca de Atocha y del Museo Reina Sof\u00eda. Vuelve a vivir nuestra experiencia en <a href=\"https:\/\/www.instagram.com\/stories\/highlights\/17950019104673914\/\">IG stories de @vidademadrid<\/a>.<\/p>\n<h2>M\u00e1s planes para el finde<\/h2>\n<p>Recuerda que en <a href=\"https:\/\/www.vidademadrid.com\/es\/39480\/agenda-febrero-2022-madrid\/\"><strong>nuestra agenda de febrero<\/strong><\/a> y en el <strong><a href=\"http:\/\/vidademadrid.com\/planes\">especial Planes<\/a><\/strong> puedes consultar mucho m\u00e1s planes para estos d\u00edas. Adem\u00e1s puedes seguir <a href=\"https:\/\/www.instagram.com\/VidaDeMadrid\/\">nuestros reportajes diarios en IG Stories @vidademadrid<\/a>&#8230; \u00a1durante el finde vamos a descubrir m\u00e1s novedades! S\u00edguenos tambi\u00e9n en <a href=\"https:\/\/www.tiktok.com\/@vida_demadrid\">TikTok<\/a>, <a href=\"https:\/\/www.facebook.com\/vidademadrid\">Facebook<\/a> o <a href=\"https:\/\/twitter.com\/VidaDeMadrid\">Twitter<\/a> para no perderte nada.<\/p>\n","protected":false},"excerpt":{"rendered":"<p>Descubre nuestro listado con la selecci\u00f3n de los mejores eventos, planes para hacer y restaurantes <\/p>\n","protected":false},"author":13,"featured_media":40077,"comment_status":"open","ping_status":"open","sticky":false,"template":"","format":"standard","meta":{"footnotes":""},"categories":[1],"tags":[],"class_list":{"0":"post-40040","1":"post","2":"type-post","3":"status-publish","4":"format-standard","5":"has-post-thumbnail","7":"category-varios"},"_links":{"self":[{"href":"https:\/\/www.vidademadrid.com\/es\/wp-json\/wp\/v2\/posts\/40040","targetHints":{"allow":["GET"]}}],"collection":[{"href":"https:\/\/www.vidademadrid.com\/es\/wp-json\/wp\/v2\/posts"}],"about":[{"href":"https:\/\/www.vidademadrid.com\/es\/wp-json\/wp\/v2\/types\/post"}],"author":[{"embeddable":true,"href":"https:\/\/www.vidademadrid.com\/es\/wp-json\/wp\/v2\/users\/13"}],"replies":[{"embeddable":true,"href":"https:\/\/www.vidademadrid.com\/es\/wp-json\/wp\/v2\/comments?post=40040"}],"version-history":[{"count":11,"href":"https:\/\/www.vidademadrid.com\/es\/wp-json\/wp\/v2\/posts\/40040\/revisions"}],"predecessor-version":[{"id":40087,"href":"https:\/\/www.vidademadrid.com\/es\/wp-json\/wp\/v2\/posts\/40040\/revisions\/40087"}],"wp:featuredmedia":[{"embeddable":true,"href":"https:\/\/www.vidademadrid.com\/es\/wp-json\/wp\/v2\/media\/40077"}],"wp:attachment":[{"href":"https:\/\/www.vidademadrid.com\/es\/wp-json\/wp\/v2\/media?parent=40040"}],"wp:term":[{"taxonomy":"category","embeddable":true,"href":"https:\/\/www.vidademadrid.com\/es\/wp-json\/wp\/v2\/categories?post=40040"},{"taxonomy":"post_tag","embeddable":true,"href":"https:\/\/www.vidademadrid.com\/es\/wp-json\/wp\/v2\/tags?post=40040"}],"curies":[{"name":"wp","href":"https:\/\/api.w.org\/{rel}","templated":true}]}}