{"id":39967,"date":"2022-02-16T11:11:38","date_gmt":"2022-02-16T10:11:38","guid":{"rendered":"https:\/\/www.vidademadrid.com\/es\/?p=39967"},"modified":"2022-02-16T12:00:57","modified_gmt":"2022-02-16T11:00:57","slug":"nueva-apertura-aldi-calle-alcala-madrid-2022","status":"publish","type":"post","link":"https:\/\/www.vidademadrid.com\/es\/39967\/nueva-apertura-aldi-calle-alcala-madrid-2022\/","title":{"rendered":"Aldi abre hoy un nuevo supermercado en la calle Alcal\u00e1"},"content":{"rendered":"<p>Hoy un nuevo supermercado <strong>Aldi abre en la calle Alcal\u00e1, <\/strong>en el Madrid ciudad. Esta apertura, la segunda de Aldi en 2022, es la tienda n\u00famero 20 de la capital. Sigue leyendo este art\u00edculo para conocer toda la informaci\u00f3n.\u00a0<\/p>\n<h2>Aldi en calle de Alcal\u00e1<\/h2>\n<p><script async=\"\" src=\"https:\/\/pagead2.googlesyndication.com\/pagead\/js\/adsbygoogle.js\"><\/script> <ins class=\"adsbygoogle\" style=\"display: block;\" data-ad-format=\"fluid\" data-ad-layout-key=\"-7f+eo+1+2-5\" data-ad-client=\"ca-pub-7450064428034605\" data-ad-slot=\"7327027071\"><\/ins><script>(adsbygoogle = window.adsbygoogle || []).push({});<\/script><\/p>\n<p>El nuevo supermercado,\u00a0<strong>ubicado en el n\u00famero 380 de la calle Alcal\u00e1,\u00a0<\/strong>entre los barrios de Quintana y Pueblo Nuevo. El establecimiento cuenta con una superficie de casi mil metros cuadrados y dos plantas.<\/p>\n<p>El Aldi de la calle Alcal\u00e1 abre de\u00a0<strong>lunes a s\u00e1bado de 9:30 a las 22 horas y los domingos de 10 a las 22 horas.<\/strong><\/p>\n<h2>Plan de expansi\u00f3n de Aldi\u00a0<\/h2>\n<p><script async=\"\" src=\"https:\/\/pagead2.googlesyndication.com\/pagead\/js\/adsbygoogle.js\"><\/script> <ins class=\"adsbygoogle\" style=\"display: block; text-align: center;\" data-ad-layout=\"in-article\" data-ad-format=\"fluid\" data-ad-client=\"ca-pub-7450064428034605\" data-ad-slot=\"5670045061\"><\/ins> <script>(adsbygoogle = window.adsbygoogle || []).push({});<\/script><\/p>\n<p>La inauguraci\u00f3n de Aldi Madrid Alcal\u00e1 es la segunda de la cadena de supermercados en 2022 y forma parte de su plan de expansi\u00f3n con el que pretende cerrar el a\u00f1o con 400 establecimientos en Espa\u00f1a. Esto significa que abrir\u00e1n\u00a0<strong>50 nuevos establecimientos, <\/strong>de los cuales <strong>cinco estar\u00e1n en la Comunidad de Madrid. <\/strong>\u00a0<\/p>\n\n\n<p><\/p>\n","protected":false},"excerpt":{"rendered":"<p>Ser\u00e1n cinco los nuevos establecimientos en Madrid<\/p>\n","protected":false},"author":15,"featured_media":39968,"comment_status":"open","ping_status":"open","sticky":false,"template":"","format":"standard","meta":{"footnotes":""},"categories":[27],"tags":[],"class_list":{"0":"post-39967","1":"post","2":"type-post","3":"status-publish","4":"format-standard","5":"has-post-thumbnail","7":"category-tiendas-madrid"},"_links":{"self":[{"href":"https:\/\/www.vidademadrid.com\/es\/wp-json\/wp\/v2\/posts\/39967","targetHints":{"allow":["GET"]}}],"collection":[{"href":"https:\/\/www.vidademadrid.com\/es\/wp-json\/wp\/v2\/posts"}],"about":[{"href":"https:\/\/www.vidademadrid.com\/es\/wp-json\/wp\/v2\/types\/post"}],"author":[{"embeddable":true,"href":"https:\/\/www.vidademadrid.com\/es\/wp-json\/wp\/v2\/users\/15"}],"replies":[{"embeddable":true,"href":"https:\/\/www.vidademadrid.com\/es\/wp-json\/wp\/v2\/comments?post=39967"}],"version-history":[{"count":2,"href":"https:\/\/www.vidademadrid.com\/es\/wp-json\/wp\/v2\/posts\/39967\/revisions"}],"predecessor-version":[{"id":39974,"href":"https:\/\/www.vidademadrid.com\/es\/wp-json\/wp\/v2\/posts\/39967\/revisions\/39974"}],"wp:featuredmedia":[{"embeddable":true,"href":"https:\/\/www.vidademadrid.com\/es\/wp-json\/wp\/v2\/media\/39968"}],"wp:attachment":[{"href":"https:\/\/www.vidademadrid.com\/es\/wp-json\/wp\/v2\/media?parent=39967"}],"wp:term":[{"taxonomy":"category","embeddable":true,"href":"https:\/\/www.vidademadrid.com\/es\/wp-json\/wp\/v2\/categories?post=39967"},{"taxonomy":"post_tag","embeddable":true,"href":"https:\/\/www.vidademadrid.com\/es\/wp-json\/wp\/v2\/tags?post=39967"}],"curies":[{"name":"wp","href":"https:\/\/api.w.org\/{rel}","templated":true}]}}