{"id":39877,"date":"2022-02-15T14:49:55","date_gmt":"2022-02-15T13:49:55","guid":{"rendered":"https:\/\/www.vidademadrid.com\/es\/?p=39877"},"modified":"2022-02-15T14:49:57","modified_gmt":"2022-02-15T13:49:57","slug":"estadio-bernabeu-historia-inauguracion-2023","status":"publish","type":"post","link":"https:\/\/www.vidademadrid.com\/es\/39877\/estadio-bernabeu-historia-inauguracion-2023\/","title":{"rendered":"La transformaci\u00f3n del estadio Bernab\u00e9u: hacia la inauguraci\u00f3n en 2023"},"content":{"rendered":"<p>Siguen sin parar las obras del <strong>estadio Santiago Bernab\u00e9u<\/strong>, que ser\u00e1 la sede en los pr\u00f3ximos d\u00edas de un partido clave de la temporada. Hoy vamos a hablar m\u00e1s en detalle de la transformaci\u00f3n del estadio desde sus inicios y las nuevas previsiones sobre la finalizaci\u00f3n de las obras.<\/p>\n<h2>La transformaci\u00f3n del Bernab\u00e9u desde sus inicios<\/h2>\n<p>Hoy en d\u00eda el Real Madrid tiene que dar las gracias a <strong>Santiago Bernab\u00e9u<\/strong>, quien fue jugador, entrenador y, durante 35 a\u00f1os, presidente del club. Don Santiago Bernab\u00e9u, m\u00e1s all\u00e1 de llenar las vitrinas de trofeos liderando el club, fue <strong>el <\/strong><strong>art\u00edfice del proyecto del actual estadio<\/strong>, consiguiendo su inauguraci\u00f3n en 1947.<\/p>\n<p>El actual estadio podr\u00eda tener (los aficionados blancos esperan que no) su \u00faltimo gran partido internacional en unos pocos d\u00edas, cuando se enfrentar\u00e1n <strong>Real Madrid y Paris San Germain<\/strong>. Ser\u00e1 el partido de vuelta de los octavos de final de Champions League, y seg\u00fan las casas de apuestas como <a href=\"https:\/\/www.webapuestas.com\/betway\">Betway online<\/a>, el PSG es el favorito para la clasificaci\u00f3n (con cuota de 1,72 \u20ac por euro apostado), mientras el Real Madrid tiene cuota de 2,10 \u20ac por euro apostado.<\/p>\n<p>Lo que es cierto es que en estos <strong>m\u00e1s de 70 a\u00f1os de historia<\/strong>, el estadio blanco ha pasado por decenas de transformaciones, pero ser\u00e1 la \u00faltima, a las \u00f3rdenes de Florentino P\u00e9rez, que cambiar\u00e1 totalmente el Bernab\u00e9u y su entorno.<\/p>\n<h2>Un estadio en continua transformaci\u00f3n<\/h2>\n<p><script async=\"\" src=\"https:\/\/pagead2.googlesyndication.com\/pagead\/js\/adsbygoogle.js\"><\/script> <ins class=\"adsbygoogle\" style=\"display:block\" data-ad-format=\"fluid\" data-ad-layout-key=\"-7f+eo+1+2-5\" data-ad-client=\"ca-pub-7450064428034605\" data-ad-slot=\"7327027071\"><\/ins><script>(adsbygoogle = window.adsbygoogle || []).push({});<\/script>Desde que se inaugurara en 1947, con el amistoso entre Real Madrid y el CF Os Belenenses<br \/>\nde Portugal, la primera reforma s\u00f3lo tard\u00f3 seis a\u00f1os en llegar al quedarse peque\u00f1as las<br \/>\n75,145 localidades.<\/p>\n<h3>D\u00e9cada de los 50<\/h3>\n<p>Las primeras obras, que finalizaron en 1954, aumentaron la capacidad total pudiendo acoger a 125,000 espectadores, convirti\u00e9ndose as\u00ed, tras el Estadio de Wembley, en el segundo estadio con m\u00e1s capacidad de Europa. Un a\u00f1o despu\u00e9s la junta directiva impuls\u00f3 uno de los cambios m\u00e1s importantes, su nombre. Desde 1955, el estadio pasar\u00eda a tener el nombre de Santiago Bernab\u00e9u. Con el aumento de aforo, vino en 1957, siendo el club blanco pionero en este tipo de instalaciones, la de iluminaci\u00f3n el\u00e9ctrica en gradas y accesos al estadio, lo que les permit\u00eda jugar partidos por la noche.<\/p>\n<h3>D\u00e9cada de los 60 y 70<\/h3>\n<p>En la d\u00e9cada de los 60, el club trabaj\u00f3 ampliando zonas del estadio, para unificar sus oficinas haci\u00e9ndolas parte del Santiago Bernab\u00e9u y que, hasta ese momento, estaban repartidas por todo Madrid. En los 70, se intent\u00f3 la construcci\u00f3n de un nuevo estadio sin \u00e9xito. Tambi\u00e9n, para el partido de celebraci\u00f3n por los primeros 25 a\u00f1os del estadio, se instalaron marcadores electr\u00f3nicos. Los primeros que se utilizaban en un estadio espa\u00f1ol.<\/p>\n<h3>D\u00e9cada de los 80<\/h3>\n<p>Con la llegada del mundial a Espa\u00f1a, el club trabaj\u00f3 para cumplir las peticiones de la FIFA. Se redujo el aforo de 125,000 a 90,800 al a\u00f1adir m\u00e1s localidades de asientos, cambios en la fachada, instalaci\u00f3n de nuevos marcadores, y se remodelaron los vestuarios, los accesos al estadio y las zonas alrededor de este.<\/p>\n<h3>D\u00e9cada de los 90<\/h3>\n<p>Tras la reducci\u00f3n de aforo, se a\u00f1adieron 20,000 localidades y un tercer anfiteatro, lo que hizo que la altura del estadio creciera de 20 a 45 metros. Para que las zonas de sombra en el c\u00e9sped durante el invierno, no da\u00f1aran con rapidez el campo, se instal\u00f3 un sistema de m\u00e1s de 30 kil\u00f3metros de tuber\u00edas por donde circulaba agua caliente para evitar las heladas.<\/p>\n<h3>A\u00f1os 2000<\/h3>\n<p><script async=\"\" src=\"https:\/\/pagead2.googlesyndication.com\/pagead\/js\/adsbygoogle.js\"><\/script> <ins class=\"adsbygoogle\" style=\"display:block; text-align:center;\" data-ad-layout=\"in-article\" data-ad-format=\"fluid\" data-ad-client=\"ca-pub-7450064428034605\" data-ad-slot=\"5670045061\"><\/ins> <script>(adsbygoogle = window.adsbygoogle || []).push({});<\/script>Con la llegada de Florentino P\u00e9rez, se construyeron nuevas oficinas, remodelaron los vestuarios, banquillos y zona de prensa, se cre\u00f3 la tienda del club y zonas de restauraci\u00f3n, se instalaron sistemas de calefacci\u00f3n en las gradas, se cre\u00f3 el palco de honor y una zona vip, y se ampli\u00f3 el aforo a m\u00e1s de 81,000 espectadores. Tras esto, la UEFA le nombr\u00f3 en 2007, Estadio \u00e9lite de Europa y lo design\u00f3 como sede de la final de la Champions League en 2010. Desde entonces, Florentino P\u00e9rez busc\u00f3 superar cualquier mejora con un proyecto ambicioso aprobado por el Ayuntamiento de Madrid en 2014 y que <strong>seg\u00fan el proyecto inicial finalizar\u00e1 este 2022<\/strong>, cuando el estadio cumpla 75 a\u00f1os. Pero, seg\u00fan las \u00faltimas previsiones adelantadas por distintos medios, <strong>las obras podr\u00edan finalizar a principios de 2023<\/strong>, unas semanas o meses despu\u00e9s de su aniversario que se celebra el 14 de diciembre.<\/p>\n<p>Se espera contar con una capacidad de 84,000, contar con un <a href=\"https:\/\/www.vidademadrid.com\/es\/30314\/video-nuevo-cesped-retractil-santiago-bernabeu\/\">techo y c\u00e9sped retr\u00e1ctil<\/a>, para convertir el estadio en un espacio donde se celebren multitud de eventos, marcadores giratorios e iluminaci\u00f3n externa que cambie de color.<\/p>\n","protected":false},"excerpt":{"rendered":"<p>Este a\u00f1o se cumplen 75 a\u00f1os de su inauguraci\u00f3n con el amistoso entre Real Madrid y el CF Os Belenenses<\/p>\n","protected":false},"author":1,"featured_media":39878,"comment_status":"open","ping_status":"open","sticky":false,"template":"","format":"standard","meta":{"footnotes":""},"categories":[78],"tags":[60],"class_list":{"0":"post-39877","1":"post","2":"type-post","3":"status-publish","4":"format-standard","5":"has-post-thumbnail","7":"category-deporte","8":"tag-real-madrid"},"_links":{"self":[{"href":"https:\/\/www.vidademadrid.com\/es\/wp-json\/wp\/v2\/posts\/39877","targetHints":{"allow":["GET"]}}],"collection":[{"href":"https:\/\/www.vidademadrid.com\/es\/wp-json\/wp\/v2\/posts"}],"about":[{"href":"https:\/\/www.vidademadrid.com\/es\/wp-json\/wp\/v2\/types\/post"}],"author":[{"embeddable":true,"href":"https:\/\/www.vidademadrid.com\/es\/wp-json\/wp\/v2\/users\/1"}],"replies":[{"embeddable":true,"href":"https:\/\/www.vidademadrid.com\/es\/wp-json\/wp\/v2\/comments?post=39877"}],"version-history":[{"count":7,"href":"https:\/\/www.vidademadrid.com\/es\/wp-json\/wp\/v2\/posts\/39877\/revisions"}],"predecessor-version":[{"id":39932,"href":"https:\/\/www.vidademadrid.com\/es\/wp-json\/wp\/v2\/posts\/39877\/revisions\/39932"}],"wp:featuredmedia":[{"embeddable":true,"href":"https:\/\/www.vidademadrid.com\/es\/wp-json\/wp\/v2\/media\/39878"}],"wp:attachment":[{"href":"https:\/\/www.vidademadrid.com\/es\/wp-json\/wp\/v2\/media?parent=39877"}],"wp:term":[{"taxonomy":"category","embeddable":true,"href":"https:\/\/www.vidademadrid.com\/es\/wp-json\/wp\/v2\/categories?post=39877"},{"taxonomy":"post_tag","embeddable":true,"href":"https:\/\/www.vidademadrid.com\/es\/wp-json\/wp\/v2\/tags?post=39877"}],"curies":[{"name":"wp","href":"https:\/\/api.w.org\/{rel}","templated":true}]}}