{"id":39785,"date":"2022-02-10T17:25:11","date_gmt":"2022-02-10T16:25:11","guid":{"rendered":"https:\/\/www.vidademadrid.com\/es\/?p=39785"},"modified":"2022-02-10T17:25:53","modified_gmt":"2022-02-10T16:25:53","slug":"edificio-metropolis-proximo-hotel-gran-via-proyecto","status":"publish","type":"post","link":"https:\/\/www.vidademadrid.com\/es\/39785\/edificio-metropolis-proximo-hotel-gran-via-proyecto\/","title":{"rendered":"El plan especial que convertir\u00e1 al edifico Metr\u00f3polis en el pr\u00f3ximo hotel de la Gran V\u00eda"},"content":{"rendered":"<p>Seguro que al leer el titular te ha venido inmediatamente a la cabeza la imagen de este t\u00edpico edifico de Madrid. Y es que la Junta de Gobierno ha aprobado inicialmente la propuesta <strong>convertir al edifico Metr\u00f3polis en el pr\u00f3ximo hotel<\/strong> de la capital. Sigue leyendo para descubrir todo sobre la posible rehabilitaci\u00f3n del inmueble.<\/p>\n<h2>El Edifico Metr\u00f3polis, el nuevo hotel que encabezar\u00e1 la Gran V\u00eda<\/h2>\n<p><script async=\"\" src=\"https:\/\/pagead2.googlesyndication.com\/pagead\/js\/adsbygoogle.js\"><\/script> <ins class=\"adsbygoogle\" style=\"display: block;\" data-ad-format=\"fluid\" data-ad-layout-key=\"-7f+eo+1+2-5\" data-ad-client=\"ca-pub-7450064428034605\" data-ad-slot=\"7327027071\"><\/ins><script>(adsbygoogle = window.adsbygoogle || []).push({});<\/script><\/p>\n<p>El <strong>edifico Metr\u00f3polis<\/strong>, ubicado entre las calles Alcal\u00e1 y Gran V\u00eda , es uno de los inmuebles m\u00e1s caracter\u00edsticos de Madrid. La idea de convertir este edifico en un hotel ya est\u00e1 sobre la mesa. Hoy, 10 de febrero de 2022, el Ayuntamiento ha sentado las bases para transformar este ic\u00f3nico inmueble en un hotel que encabece la principal v\u00eda de la capital.<\/p>\n<h2>Plan de Rehabilitaci\u00f3n del edificio Metr\u00f3polis de Madrid<\/h2>\n<p>En la actualidad este edifico est\u00e1 destinado a fines comerciales. Pero este nuevo Plan de rehabilitaci\u00f3n busca darle un <strong>uso hotelero<\/strong> y as\u00ed poder <strong>mejorar la arquitectura del interior<\/strong>. Un edificio que adem\u00e1s de habitaciones de hotel contar\u00e1 con otros salones y espacios complementarios, como un gimnasio en la quinta planta.<\/p>\n<p><script async=\"\" src=\"https:\/\/pagead2.googlesyndication.com\/pagead\/js\/adsbygoogle.js\"><\/script> <ins class=\"adsbygoogle\" style=\"display: block; text-align: center;\" data-ad-layout=\"in-article\" data-ad-format=\"fluid\" data-ad-client=\"ca-pub-7450064428034605\" data-ad-slot=\"5670045061\"><\/ins> <script>(adsbygoogle = window.adsbygoogle || []).push({});<\/script><\/p>\n<p>Este edifico forma parte del Cat\u00e1logo de Edificios Protegidos y,\u00a0por tanto, todos los cambios se realizar\u00e1n en el interior. Su apariencia externa quedar\u00e1 intacta y permanecer\u00e1 con su estilo y caracter\u00edsticas propias: el revestimiento de piedra caliza de Novelda, los grupos escult\u00f3ricos -obra de Mariano Benlliure-, y la Victoria alada en remate de c\u00fapula, obra de Coullant Valera.<\/p>\n","protected":false},"excerpt":{"rendered":"<p>Se busca rehabilitar el primer tramo de la Gran V\u00eda y mejorar la actividad econ\u00f3mica de la zona<\/p>\n","protected":false},"author":13,"featured_media":39787,"comment_status":"open","ping_status":"open","sticky":false,"template":"","format":"standard","meta":{"footnotes":""},"categories":[12,24],"tags":[],"class_list":{"0":"post-39785","1":"post","2":"type-post","3":"status-publish","4":"format-standard","5":"has-post-thumbnail","7":"category-actualidad-noticias-madrid","8":"category-hotel-madrid"},"_links":{"self":[{"href":"https:\/\/www.vidademadrid.com\/es\/wp-json\/wp\/v2\/posts\/39785","targetHints":{"allow":["GET"]}}],"collection":[{"href":"https:\/\/www.vidademadrid.com\/es\/wp-json\/wp\/v2\/posts"}],"about":[{"href":"https:\/\/www.vidademadrid.com\/es\/wp-json\/wp\/v2\/types\/post"}],"author":[{"embeddable":true,"href":"https:\/\/www.vidademadrid.com\/es\/wp-json\/wp\/v2\/users\/13"}],"replies":[{"embeddable":true,"href":"https:\/\/www.vidademadrid.com\/es\/wp-json\/wp\/v2\/comments?post=39785"}],"version-history":[{"count":4,"href":"https:\/\/www.vidademadrid.com\/es\/wp-json\/wp\/v2\/posts\/39785\/revisions"}],"predecessor-version":[{"id":39794,"href":"https:\/\/www.vidademadrid.com\/es\/wp-json\/wp\/v2\/posts\/39785\/revisions\/39794"}],"wp:featuredmedia":[{"embeddable":true,"href":"https:\/\/www.vidademadrid.com\/es\/wp-json\/wp\/v2\/media\/39787"}],"wp:attachment":[{"href":"https:\/\/www.vidademadrid.com\/es\/wp-json\/wp\/v2\/media?parent=39785"}],"wp:term":[{"taxonomy":"category","embeddable":true,"href":"https:\/\/www.vidademadrid.com\/es\/wp-json\/wp\/v2\/categories?post=39785"},{"taxonomy":"post_tag","embeddable":true,"href":"https:\/\/www.vidademadrid.com\/es\/wp-json\/wp\/v2\/tags?post=39785"}],"curies":[{"name":"wp","href":"https:\/\/api.w.org\/{rel}","templated":true}]}}