{"id":39720,"date":"2022-02-09T10:56:24","date_gmt":"2022-02-09T09:56:24","guid":{"rendered":"https:\/\/www.vidademadrid.com\/es\/?p=39720"},"modified":"2022-02-09T11:30:27","modified_gmt":"2022-02-09T10:30:27","slug":"andy-warhol-super-pop-exposicion-palacio-santa-barbara-entradas","status":"publish","type":"post","link":"https:\/\/www.vidademadrid.com\/es\/39720\/andy-warhol-super-pop-exposicion-palacio-santa-barbara-entradas\/","title":{"rendered":"\u00abAndy Warhol, Super Pop\u00bb, la nueva exposici\u00f3n que te lleva a la Am\u00e9rica de los 50, 60 y 70."},"content":{"rendered":"<p><strong>Andy Warhol,\u00a0<\/strong>conocido como uno de los <strong>fundadores del Pop Art,\u00a0<\/strong>tuvo una carrera art\u00edstica de aproximadamente 40 a\u00f1os. La exposici\u00f3n <strong><em>\u00abAndy Warhol, Super Pop\u00bb<\/em>\u00a0<\/strong>realiza un recorrido hist\u00f3rico sobre los numerosos sectores en los que trabaj\u00f3 el artista as\u00ed como su obra art\u00edstica. Conoce aqu\u00ed toda la informaci\u00f3n sobre la exposici\u00f3n.<\/p>\n<h2>\u00abAndy Warhol, Super Pop\u00bb<\/h2>\n<p><script async=\"\" src=\"https:\/\/pagead2.googlesyndication.com\/pagead\/js\/adsbygoogle.js\"><\/script> <ins class=\"adsbygoogle\" style=\"display: block;\" data-ad-format=\"fluid\" data-ad-layout-key=\"-7f+eo+1+2-5\" data-ad-client=\"ca-pub-7450064428034605\" data-ad-slot=\"7327027071\"><\/ins><script>(adsbygoogle = window.adsbygoogle || []).push({});<\/script><strong>Andy Warhol,\u00a0<\/strong>fue mucho m\u00e1s que un fundador del\u00a0<strong>Pop Art,\u00a0<\/strong>durante sus cuarenta a\u00f1os de carrera art\u00edstica supo innovar a trav\u00e9s del marketing, la historia del arte, la moda, la m\u00fasica, el dise\u00f1o gr\u00e1fico, el mundo del cine, la fotograf\u00eda y el entretenimiento.<\/p>\n<p>La exposici\u00f3n <strong><em>\u00abAndy Warhol, Super Pop\u00bb\u00a0<\/em><\/strong>hace un recorrido hist\u00f3rico y profesional del artista y los sectores en los que trabaj\u00f3. En este recorrido, que te lleva por la Am\u00e9rica de los 40, 50, 60 y 70, se pueden encontrar <strong>las diversas revistas de moda, \u00e1lbumes musicales y car\u00e1tulas de libros\u00a0<\/strong>con los que ha colaborado.<\/p>\n<p>Tambi\u00e9n, se encontrar\u00e1n algunas de sus principales obras como\u00a0<strong>la famosa sopa Campbell, Mao o Marilyn Monroe,\u00a0<\/strong>pertenecientes al primer periodo de Warhol en la pintura. As\u00ed mismo, se exponen\u00a0<strong>polaroids del artista\u00a0<\/strong>realizadas con su c\u00e1mara Big Short.<\/p>\n<p>La exposici\u00f3n <strong><em>\u00abAndy Warhol, Super Pop\u00bb\u00a0<\/em><\/strong>aborda tambi\u00e9n la relaci\u00f3n entre\u00a0<strong>moda y arte\u00a0<\/strong>a trav\u00e9s del empleo de nuevos soportes como las camisetas. Algunas obras de su serie \u00abLadies &amp; Gentlemen\u00bb, creada entre 1974 y 1975, en las que retrata a la\u00a0<strong>Comunidad Drag Queen y transexual de Nueva York,\u00a0<\/strong>se encuentran expuestas retratando temas como la sexualidad y la opresi\u00f3n.<\/p>\n<h2>Comprar entradas<\/h2>\n<p><script async=\"\" src=\"https:\/\/pagead2.googlesyndication.com\/pagead\/js\/adsbygoogle.js\"><\/script> <ins class=\"adsbygoogle\" style=\"display: block; text-align: center;\" data-ad-layout=\"in-article\" data-ad-format=\"fluid\" data-ad-client=\"ca-pub-7450064428034605\" data-ad-slot=\"5670045061\"><\/ins> <script>(adsbygoogle = window.adsbygoogle || []).push({});<\/script><strong><em>\u00abAndy Warhol, Super Pop\u00bb<\/em>\u00a0<\/strong>se encuentra en el\u00a0<strong>Palacio Santa B\u00e1rbara <\/strong>en Calle de Hortaleza, 87 (Metro Alonso Mart\u00ednez) del <strong>12 de febrero al 5 de junio del 2022.\u00a0<\/strong>El horario es de\u00a0<strong>martes a viernes de 11 a 19 horas y s\u00e1bados y domingos de 11 a las 20 horas.\u00a0<\/strong>Los lunes la exposici\u00f3n se encuentra cerrada.<\/p>\n<p>Las\u00a0<strong>entradas\u00a0<\/strong>se pueden adquirir en la <a href=\"http:\/\/andywarholmadrid.es\">web<\/a>, o en taquilla una vez inaugurada la exposici\u00f3n. El\u00a0<strong>precio de la entrada general es de 16,50 euros. <\/strong>La <strong>entrada reducida\u00a0<\/strong>(para mayores de 65, ni\u00f1os entre 6 y 12 a\u00f1os, estudiantes, profesores y personas con discapacidad) <strong>cuesta 14,50 euros.\u00a0<\/strong>Los grupos, de entre 8 y 35 personas,\u00a0<strong>cuesta 12 euros.\u00a0<\/strong>Los ni\u00f1os menores de seis a\u00f1os y acompa\u00f1antes de personas con movilidad reducida,\u00a0<strong>entran gratis.\u00a0<\/strong><\/p>\n","protected":false},"excerpt":{"rendered":"<p>La exposici\u00f3n estar\u00e1 hasta junio 2022. <\/p>\n","protected":false},"author":15,"featured_media":39721,"comment_status":"open","ping_status":"open","sticky":false,"template":"","format":"standard","meta":{"footnotes":""},"categories":[111],"tags":[],"class_list":{"0":"post-39720","1":"post","2":"type-post","3":"status-publish","4":"format-standard","5":"has-post-thumbnail","7":"category-exposiciones-madrid"},"_links":{"self":[{"href":"https:\/\/www.vidademadrid.com\/es\/wp-json\/wp\/v2\/posts\/39720","targetHints":{"allow":["GET"]}}],"collection":[{"href":"https:\/\/www.vidademadrid.com\/es\/wp-json\/wp\/v2\/posts"}],"about":[{"href":"https:\/\/www.vidademadrid.com\/es\/wp-json\/wp\/v2\/types\/post"}],"author":[{"embeddable":true,"href":"https:\/\/www.vidademadrid.com\/es\/wp-json\/wp\/v2\/users\/15"}],"replies":[{"embeddable":true,"href":"https:\/\/www.vidademadrid.com\/es\/wp-json\/wp\/v2\/comments?post=39720"}],"version-history":[{"count":4,"href":"https:\/\/www.vidademadrid.com\/es\/wp-json\/wp\/v2\/posts\/39720\/revisions"}],"predecessor-version":[{"id":39730,"href":"https:\/\/www.vidademadrid.com\/es\/wp-json\/wp\/v2\/posts\/39720\/revisions\/39730"}],"wp:featuredmedia":[{"embeddable":true,"href":"https:\/\/www.vidademadrid.com\/es\/wp-json\/wp\/v2\/media\/39721"}],"wp:attachment":[{"href":"https:\/\/www.vidademadrid.com\/es\/wp-json\/wp\/v2\/media?parent=39720"}],"wp:term":[{"taxonomy":"category","embeddable":true,"href":"https:\/\/www.vidademadrid.com\/es\/wp-json\/wp\/v2\/categories?post=39720"},{"taxonomy":"post_tag","embeddable":true,"href":"https:\/\/www.vidademadrid.com\/es\/wp-json\/wp\/v2\/tags?post=39720"}],"curies":[{"name":"wp","href":"https:\/\/api.w.org\/{rel}","templated":true}]}}