{"id":39644,"date":"2022-02-07T10:21:07","date_gmt":"2022-02-07T09:21:07","guid":{"rendered":"https:\/\/www.vidademadrid.com\/es\/?p=39644"},"modified":"2022-02-08T10:30:15","modified_gmt":"2022-02-08T09:30:15","slug":"linea-8-cierre-por-obras-autobus-metro-de-madrid-2022","status":"publish","type":"post","link":"https:\/\/www.vidademadrid.com\/es\/39644\/linea-8-cierre-por-obras-autobus-metro-de-madrid-2022\/","title":{"rendered":"Un tramo de la l\u00ednea 8 de Metro de Madrid cerrar\u00e1 esta semana"},"content":{"rendered":"<p>Esta semana comienzan las&nbsp;<strong>obras en la L\u00ednea 8&nbsp;<\/strong>de Metro de Madrid, que conlleva una suspensi\u00f3n de la circulaci\u00f3n de trenes en las estaciones de&nbsp;<strong>Colombia y Mar de Cristal.&nbsp;<\/strong>Se prev\u00e9 que las obras, que comienzan finalmente el <strong>domingo 13 de febrero, <\/strong>duren tres meses y medio hasta finales de&nbsp;<strong>mayo del 2022.&nbsp;<\/strong>Sigue leyendo este art\u00edculo para conocer toda la informaci\u00f3n.&nbsp;<\/p>\n<h2>Corte en la l\u00ednea 8&nbsp;<\/h2>\n<p><script async=\"\" src=\"https:\/\/pagead2.googlesyndication.com\/pagead\/js\/adsbygoogle.js\"><\/script> <ins class=\"adsbygoogle\" style=\"display: block;\" data-ad-format=\"fluid\" data-ad-layout-key=\"-7f+eo+1+2-5\" data-ad-client=\"ca-pub-7450064428034605\" data-ad-slot=\"7327027071\"><\/ins><script>(adsbygoogle = window.adsbygoogle || []).push({});<\/script><\/p>\n<p>Desde el mes de enero, se anunci\u00f3 un cierre temporal por obras para&nbsp;<strong>renovar las plataformas de las v\u00edas de metro&nbsp;<\/strong>en las estaciones de&nbsp;<strong>Colombia y Mar de Cristal,&nbsp;<\/strong>provocando la suspensi\u00f3n del servicio en estas estaciones.&nbsp;<\/p>\n<p>Las estaciones que ser\u00e1n renovadas seguir\u00e1n&nbsp;<strong>abiertas para transbordo,&nbsp;<\/strong>la \u00fanica estaci\u00f3n que cerrar\u00e1 durante estos meses ser\u00e1 la de&nbsp;<strong>Pinar del Rey. <\/strong>Los tramos en los que circular\u00e1 la l\u00ednea 8 de Metro ser\u00e1&nbsp;el de&nbsp;<strong>Nuevos Ministerios-Colombia&nbsp;<\/strong>y el tramo de&nbsp;<strong>Mar de Cristal-Aeropuerto.&nbsp;<\/strong><\/p>\n<p>El objetivo de las obras es eliminar las <strong>limitaciones de velocidad de este tramo <\/strong>y evitar las inundaciones en el t\u00fanel y bajo la plataforma de la v\u00eda. Las obras en la l\u00ednea 8 durar\u00e1n del <strong>13 de febrero a finales de mayo del 2022.&nbsp;<\/strong><\/p>\n<h2>Servicio de autobuses&nbsp;<\/h2>\n<p><script async=\"\" src=\"https:\/\/pagead2.googlesyndication.com\/pagead\/js\/adsbygoogle.js\"><\/script> <ins class=\"adsbygoogle\" style=\"display: block; text-align: center;\" data-ad-layout=\"in-article\" data-ad-format=\"fluid\" data-ad-client=\"ca-pub-7450064428034605\" data-ad-slot=\"5670045061\"><\/ins> <script>(adsbygoogle = window.adsbygoogle || []).push({});<\/script><\/p>\n<p>El&nbsp;Consorcio Regional de Transportes de Madrid ha anunciado la marcha de un&nbsp;<strong>servicio gratuito de autobuses&nbsp;<\/strong>entre&nbsp;<strong>Colombia y Mar de Cristal:&nbsp;<\/strong>habr\u00e1 10 autobuses, con una frecuencia de entre 3 y 4 minutos, entre el 13 de febrero y el 31 de mayo. Adem\u00e1s, se reforzar\u00e1 la <strong>l\u00ednea 87 de EMT Madrid.&nbsp;<\/strong><\/p>\n<p><img loading=\"lazy\" decoding=\"async\" class=\"aligncenter size-full wp-image-39667\" src=\"https:\/\/www.vidademadrid.com\/es\/wp-content\/uploads\/2022\/02\/foto_01279.jpg\" alt=\"\" width=\"1182\" height=\"858\" srcset=\"https:\/\/www.vidademadrid.com\/es\/wp-content\/uploads\/2022\/02\/foto_01279.jpg 1182w, https:\/\/www.vidademadrid.com\/es\/wp-content\/uploads\/2022\/02\/foto_01279-300x218.jpg 300w, https:\/\/www.vidademadrid.com\/es\/wp-content\/uploads\/2022\/02\/foto_01279-1024x743.jpg 1024w, https:\/\/www.vidademadrid.com\/es\/wp-content\/uploads\/2022\/02\/foto_01279-768x557.jpg 768w, https:\/\/www.vidademadrid.com\/es\/wp-content\/uploads\/2022\/02\/foto_01279-696x505.jpg 696w, https:\/\/www.vidademadrid.com\/es\/wp-content\/uploads\/2022\/02\/foto_01279-1068x775.jpg 1068w, https:\/\/www.vidademadrid.com\/es\/wp-content\/uploads\/2022\/02\/foto_01279-579x420.jpg 579w, https:\/\/www.vidademadrid.com\/es\/wp-content\/uploads\/2022\/02\/foto_01279-324x235.jpg 324w\" sizes=\"auto, (max-width: 1182px) 100vw, 1182px\" \/><\/p>\n<p>Conoce las alternativas para llegar al&nbsp;<strong>Aeropuerto de Barajas&nbsp;<\/strong>en este <a href=\"https:\/\/www.vidademadrid.com\/es\/39132\/cierre-linea-8-aeropuerto-fechas-obras-metro-de-madrid-2022\/\">enlace<\/a>.&nbsp;<\/p>\n\n\n<p><\/p>\n","protected":false},"excerpt":{"rendered":"<p>Las obras durar\u00e1n hasta mayo del 2022. <\/p>\n","protected":false},"author":15,"featured_media":39678,"comment_status":"open","ping_status":"open","sticky":false,"template":"","format":"standard","meta":{"footnotes":""},"categories":[119,23],"tags":[],"class_list":{"0":"post-39644","1":"post","2":"type-post","3":"status-publish","4":"format-standard","5":"has-post-thumbnail","7":"category-portada","8":"category-transportes-huelgas-madrid"},"_links":{"self":[{"href":"https:\/\/www.vidademadrid.com\/es\/wp-json\/wp\/v2\/posts\/39644","targetHints":{"allow":["GET"]}}],"collection":[{"href":"https:\/\/www.vidademadrid.com\/es\/wp-json\/wp\/v2\/posts"}],"about":[{"href":"https:\/\/www.vidademadrid.com\/es\/wp-json\/wp\/v2\/types\/post"}],"author":[{"embeddable":true,"href":"https:\/\/www.vidademadrid.com\/es\/wp-json\/wp\/v2\/users\/15"}],"replies":[{"embeddable":true,"href":"https:\/\/www.vidademadrid.com\/es\/wp-json\/wp\/v2\/comments?post=39644"}],"version-history":[{"count":7,"href":"https:\/\/www.vidademadrid.com\/es\/wp-json\/wp\/v2\/posts\/39644\/revisions"}],"predecessor-version":[{"id":39679,"href":"https:\/\/www.vidademadrid.com\/es\/wp-json\/wp\/v2\/posts\/39644\/revisions\/39679"}],"wp:featuredmedia":[{"embeddable":true,"href":"https:\/\/www.vidademadrid.com\/es\/wp-json\/wp\/v2\/media\/39678"}],"wp:attachment":[{"href":"https:\/\/www.vidademadrid.com\/es\/wp-json\/wp\/v2\/media?parent=39644"}],"wp:term":[{"taxonomy":"category","embeddable":true,"href":"https:\/\/www.vidademadrid.com\/es\/wp-json\/wp\/v2\/categories?post=39644"},{"taxonomy":"post_tag","embeddable":true,"href":"https:\/\/www.vidademadrid.com\/es\/wp-json\/wp\/v2\/tags?post=39644"}],"curies":[{"name":"wp","href":"https:\/\/api.w.org\/{rel}","templated":true}]}}