{"id":39525,"date":"2022-02-02T10:59:51","date_gmt":"2022-02-02T09:59:51","guid":{"rendered":"https:\/\/www.vidademadrid.com\/es\/?p=39525"},"modified":"2022-02-02T18:53:59","modified_gmt":"2022-02-02T17:53:59","slug":"museo-del-prado-ampliacion-salon-de-reinos-obras-2022","status":"publish","type":"post","link":"https:\/\/www.vidademadrid.com\/es\/39525\/museo-del-prado-ampliacion-salon-de-reinos-obras-2022\/","title":{"rendered":"Sal\u00f3n de Reinos: la ampliaci\u00f3n del Museo del Prado a\u00f1adir\u00e1 200 obras a su exposici\u00f3n"},"content":{"rendered":"<p>El\u00a0<strong>Museo del Prado <\/strong>comenzar\u00e1 sus obras de ampliaci\u00f3n en <strong>julio del 2022,\u00a0<\/strong>tras la autorizaci\u00f3n del Consejo de Ministros a finales del 2021. Las obras convertir\u00e1n el\u00a0<strong>Sal\u00f3n de Reinos\u00a0<\/strong>en un espacio expositivo del museo albergando 200 obras m\u00e1s de la exposici\u00f3n. Sigue leyendo este art\u00edculo para conocer toda la informaci\u00f3n sobre las obras en el Prado.\u00a0<\/p>\n<h2>El Sal\u00f3n de Reinos\u00a0<\/h2>\n<p><script async=\"\" src=\"https:\/\/pagead2.googlesyndication.com\/pagead\/js\/adsbygoogle.js\"><\/script> <ins class=\"adsbygoogle\" style=\"display: block;\" data-ad-format=\"fluid\" data-ad-layout-key=\"-7f+eo+1+2-5\" data-ad-client=\"ca-pub-7450064428034605\" data-ad-slot=\"7327027071\"><\/ins><script>(adsbygoogle = window.adsbygoogle || []).push({});<\/script><\/p>\n<p>Las obras dentro del\u00a0<strong>Museo Nacional del Prado\u00a0<\/strong>ha sido firmado por los arquitectos\u00a0<strong>Carlos Rubio<\/strong>, espa\u00f1ol, y el brit\u00e1nico <strong>Norman Foster.\u00a0<\/strong>Estas obras convertir\u00e1n el\u00a0<strong>Sal\u00f3n de Reinos,\u00a0<\/strong>que fue adscrito al Prado en 2015 y albergaba el antiguo Museo del Ej\u00e9rcito del Aire, en un espacio expositivo integrado al museo.<\/p>\n<figure id=\"attachment_39540\" aria-describedby=\"caption-attachment-39540\" style=\"width: 783px\" class=\"wp-caption aligncenter\"><img loading=\"lazy\" decoding=\"async\" class=\"size-full wp-image-39540\" src=\"https:\/\/www.vidademadrid.com\/es\/wp-content\/uploads\/2022\/02\/foto_01268.jpg\" alt=\"\" width=\"783\" height=\"788\" srcset=\"https:\/\/www.vidademadrid.com\/es\/wp-content\/uploads\/2022\/02\/foto_01268.jpg 783w, https:\/\/www.vidademadrid.com\/es\/wp-content\/uploads\/2022\/02\/foto_01268-298x300.jpg 298w, https:\/\/www.vidademadrid.com\/es\/wp-content\/uploads\/2022\/02\/foto_01268-150x150.jpg 150w, https:\/\/www.vidademadrid.com\/es\/wp-content\/uploads\/2022\/02\/foto_01268-768x773.jpg 768w, https:\/\/www.vidademadrid.com\/es\/wp-content\/uploads\/2022\/02\/foto_01268-696x700.jpg 696w, https:\/\/www.vidademadrid.com\/es\/wp-content\/uploads\/2022\/02\/foto_01268-417x420.jpg 417w\" sizes=\"auto, (max-width: 783px) 100vw, 783px\" \/><figcaption id=\"caption-attachment-39540\" class=\"wp-caption-text\">El Sal\u00f3n de Reinos y el Museo del Prado. Foto: Google Maps<\/figcaption><\/figure>\n<p>Cuando se finalicen las obras, estas a\u00f1adir\u00e1n 5,700 metros cuadrados al espacio del museo, de los cuales 2,600 ser\u00e1n de superficie expositiva. Esto dar\u00e1 lugar para\u00a0<strong>exponer 200 obras\u00a0<\/strong>que en este momento no son parte de la exposici\u00f3n por\u00a0<strong>falta de espacio.\u00a0<\/strong><\/p>\n<p>Las obras comenzar\u00e1n en\u00a0<strong>julio del 2022\u00a0<\/strong>y se prev\u00e9 que terminen en<strong>\u00a0<\/strong><strong>enero del 2025.\u00a0<\/strong>El presupuesto ser\u00e1 de <strong>36 millones de euros<\/strong> del Estado que ser\u00e1n divididos en cuotas anuales. La \u00faltima ampliaci\u00f3n del\u00a0<strong>Museo del Prado <\/strong>fue en 2007, con la que se convirti\u00f3 en el <strong>quinto museo m\u00e1s grande del mundo. <\/strong><\/p>\n<p>Este proyecto forma parte del <strong>Campus del Prado, <\/strong>\u00a0que incluye la <strong>peatonalizaci\u00f3n<\/strong> de varias calles, desde el Paseo de la Castellana hasta el Parque del Retiro, para conectar el museo con otros edificios como el Sal\u00f3n de Reinos, Villanueva, los Jer\u00f3nimos y el Cas\u00f3n del Buen Retiro. Esta ampliaci\u00f3n estaba vinculada con <a href=\"https:\/\/www.vidademadrid.com\/es\/35066\/el-paisaje-de-la-luz-patrimonio-mundial-de-la-unesco-candidatura-madrid\/\">el eje Prado-Recoletos que fue declarado\u00a0<strong>Patrimonio de la Humanidad de la UNESCO\u00a0<\/strong>en 2021<\/a>.\u00a0<\/p>\n<h2>La traza oculta<\/h2>\n<p><script async=\"\" src=\"https:\/\/pagead2.googlesyndication.com\/pagead\/js\/adsbygoogle.js\"><\/script> <ins class=\"adsbygoogle\" style=\"display: block; text-align: center;\" data-ad-layout=\"in-article\" data-ad-format=\"fluid\" data-ad-client=\"ca-pub-7450064428034605\" data-ad-slot=\"5670045061\"><\/ins> <script>(adsbygoogle = window.adsbygoogle || []).push({});<\/script><\/p>\n<p>Bajo el lema\u00a0<strong>La traza oculta,\u00a0<\/strong>el proyecto presentado por\u00a0<strong>Foster + Partners L.T.D y Rubio Arquitectura S.L.P\u00a0<\/strong>rentabiliza al m\u00e1ximo el uso muse\u00edstico del edificio y crea un gran atrio de acceso en la fachada sur con un espacio semiabierto y permeable al exterior, pero\u00a0<strong>conservando la fachada original del Sal\u00f3n de Reinos.\u00a0<\/strong><\/p>\n<p>La visi\u00f3n busca\u00a0<strong>recuperar el esp\u00edritu del Palacio del Buen Retiro.\u00a0<\/strong>El protagonista es el Sal\u00f3n de Reinos que se revelar\u00e1 su fachada Sur original del <strong>siglo XVII <\/strong>y albergar el espacio expositivo.\u00a0<\/p>\n<p>La propuesta plantea que la tercera planta del Sal\u00f3n de Reinos sea de mayor altura y anchura de la actual y que tenga una terraza que se oriente al Campus del Prado. Dentro del proyecto, se unir\u00e1n espacio expositivo y de recreo que conectar\u00e1 sus lados norte y sur.\u00a0<\/p>\n<p><a href=\"https:\/\/www.vidademadrid.com\/es\/wp-content\/uploads\/2022\/02\/a9d0b9ad-4b1b-4d95-949d-02c6ffe8c393_source-aspect-ratio_default_1030218.jpeg\"><img loading=\"lazy\" decoding=\"async\" class=\"size-medium wp-image-39532 aligncenter\" src=\"https:\/\/www.vidademadrid.com\/es\/wp-content\/uploads\/2022\/02\/a9d0b9ad-4b1b-4d95-949d-02c6ffe8c393_source-aspect-ratio_default_1030218-203x300.jpeg\" alt=\"\" width=\"203\" height=\"300\" srcset=\"https:\/\/www.vidademadrid.com\/es\/wp-content\/uploads\/2022\/02\/a9d0b9ad-4b1b-4d95-949d-02c6ffe8c393_source-aspect-ratio_default_1030218-203x300.jpeg 203w, https:\/\/www.vidademadrid.com\/es\/wp-content\/uploads\/2022\/02\/a9d0b9ad-4b1b-4d95-949d-02c6ffe8c393_source-aspect-ratio_default_1030218-694x1024.jpeg 694w, https:\/\/www.vidademadrid.com\/es\/wp-content\/uploads\/2022\/02\/a9d0b9ad-4b1b-4d95-949d-02c6ffe8c393_source-aspect-ratio_default_1030218-768x1134.jpeg 768w, https:\/\/www.vidademadrid.com\/es\/wp-content\/uploads\/2022\/02\/a9d0b9ad-4b1b-4d95-949d-02c6ffe8c393_source-aspect-ratio_default_1030218-696x1027.jpeg 696w, https:\/\/www.vidademadrid.com\/es\/wp-content\/uploads\/2022\/02\/a9d0b9ad-4b1b-4d95-949d-02c6ffe8c393_source-aspect-ratio_default_1030218-284x420.jpeg 284w, https:\/\/www.vidademadrid.com\/es\/wp-content\/uploads\/2022\/02\/a9d0b9ad-4b1b-4d95-949d-02c6ffe8c393_source-aspect-ratio_default_1030218.jpeg 970w\" sizes=\"auto, (max-width: 203px) 100vw, 203px\" \/><\/a><\/p>\n\n\n<p><\/p>\n","protected":false},"excerpt":{"rendered":"<p>La ampliaci\u00f3n a\u00f1adir\u00e1 m\u00e1s de cinco mil metros cuadrados al museo. <\/p>\n","protected":false},"author":15,"featured_media":39526,"comment_status":"open","ping_status":"open","sticky":false,"template":"","format":"standard","meta":{"footnotes":""},"categories":[12,111,119],"tags":[61,62],"class_list":{"0":"post-39525","1":"post","2":"type-post","3":"status-publish","4":"format-standard","5":"has-post-thumbnail","7":"category-actualidad-noticias-madrid","8":"category-exposiciones-madrid","9":"category-portada","10":"tag-museo-del-prado","11":"tag-museos"},"_links":{"self":[{"href":"https:\/\/www.vidademadrid.com\/es\/wp-json\/wp\/v2\/posts\/39525","targetHints":{"allow":["GET"]}}],"collection":[{"href":"https:\/\/www.vidademadrid.com\/es\/wp-json\/wp\/v2\/posts"}],"about":[{"href":"https:\/\/www.vidademadrid.com\/es\/wp-json\/wp\/v2\/types\/post"}],"author":[{"embeddable":true,"href":"https:\/\/www.vidademadrid.com\/es\/wp-json\/wp\/v2\/users\/15"}],"replies":[{"embeddable":true,"href":"https:\/\/www.vidademadrid.com\/es\/wp-json\/wp\/v2\/comments?post=39525"}],"version-history":[{"count":6,"href":"https:\/\/www.vidademadrid.com\/es\/wp-json\/wp\/v2\/posts\/39525\/revisions"}],"predecessor-version":[{"id":39543,"href":"https:\/\/www.vidademadrid.com\/es\/wp-json\/wp\/v2\/posts\/39525\/revisions\/39543"}],"wp:featuredmedia":[{"embeddable":true,"href":"https:\/\/www.vidademadrid.com\/es\/wp-json\/wp\/v2\/media\/39526"}],"wp:attachment":[{"href":"https:\/\/www.vidademadrid.com\/es\/wp-json\/wp\/v2\/media?parent=39525"}],"wp:term":[{"taxonomy":"category","embeddable":true,"href":"https:\/\/www.vidademadrid.com\/es\/wp-json\/wp\/v2\/categories?post=39525"},{"taxonomy":"post_tag","embeddable":true,"href":"https:\/\/www.vidademadrid.com\/es\/wp-json\/wp\/v2\/tags?post=39525"}],"curies":[{"name":"wp","href":"https:\/\/api.w.org\/{rel}","templated":true}]}}