{"id":39351,"date":"2022-01-28T11:41:34","date_gmt":"2022-01-28T10:41:34","guid":{"rendered":"https:\/\/www.vidademadrid.com\/es\/?p=39351"},"modified":"2022-02-07T01:05:06","modified_gmt":"2022-02-07T00:05:06","slug":"planes-madrid-28-29-30-enero-2022","status":"publish","type":"post","link":"https:\/\/www.vidademadrid.com\/es\/39351\/planes-madrid-28-29-30-enero-2022\/","title":{"rendered":"Planes de este fin de semana en Madrid: 28, 29 y 30 de enero 2022"},"content":{"rendered":"<p>\u00bfEst\u00e1s pensando ya en los planes de este fin de semana? Est\u00e1s en el sitio correcto. Aqu\u00ed encontrar\u00e1s <strong>todos los planes que puedes hacer este fin de semana del 28, 29 y 30 de enero 2022 en Madrid.&nbsp;<\/strong><\/p>\n<p><script async=\"\" src=\"https:\/\/pagead2.googlesyndication.com\/pagead\/js\/adsbygoogle.js\"><\/script> <ins class=\"adsbygoogle\" style=\"display: block; text-align: center;\" data-ad-layout=\"in-article\" data-ad-format=\"fluid\" data-ad-client=\"ca-pub-7450064428034605\" data-ad-slot=\"5670045061\"><\/ins> <script>(adsbygoogle = window.adsbygoogle || []).push({});<\/script><\/p>\n<h2>Exposici\u00f3n del musical de \u00abEl Rey Le\u00f3n\u00bb en el Retiro<\/h2>\n<p><script async=\"\" src=\"https:\/\/pagead2.googlesyndication.com\/pagead\/js\/adsbygoogle.js\"><\/script> <ins class=\"adsbygoogle\" style=\"display: block;\" data-ad-format=\"fluid\" data-ad-layout-key=\"-7f+eo+1+2-5\" data-ad-client=\"ca-pub-7450064428034605\" data-ad-slot=\"7327027071\"><\/ins><script>(adsbygoogle = window.adsbygoogle || []).push({});<\/script><\/p>\n<p>Si tienes pensado pasear este fin de semana por el parque del Retiro, te puedes pasar por la nueva exposici\u00f3n gratuita de los <strong>10 a\u00f1os del musical \u00abEl Rey Le\u00f3n\u00bb<\/strong>. Pincha <a href=\"https:\/\/www.vidademadrid.com\/es\/39339\/el-rey-leon-exposicion-retiro-madrid\/\">aqu\u00ed<\/a> para saber todo sobre esta exposici\u00f3n, las actividades y el horario.<\/p>\n<h2>Clausura de \u00abLa m\u00e1quina Magritte\u00bb en el Museo Thyssen<\/h2>\n<p>Este es el \u00faltimo fin de semana para disfrutar de la exposici\u00f3n <strong>\u00abLa m\u00e1quina Magritte\u00bb<\/strong> que acoge la primera retrospectiva del pintor franc\u00e9s Rene Magritte a trav\u00e9s de 90 pinturas. Podr\u00e1s comprar tus entradas a trav\u00e9s de la <a href=\"https:\/\/www.museothyssen.org\/exposiciones\/maquina-magritte\">p\u00e1gina web del Museo Thyssen<\/a> o en taquilla. Toda la informaci\u00f3n de la exposici\u00f3n la encontrar\u00e1s <a href=\"https:\/\/www.vidademadrid.com\/es\/35566\/la-maquina-magritte-exposicion-museo-thyssen-fechas\/\">aqu\u00ed<\/a>.<\/p>\n<h2>Vuelve la Fiesta de la Vaquilla en Colmenar<\/h2>\n<p>Colmenar Viejo acoge este s\u00e1bado 29 la la <strong>tradicional y colorida Fiesta de la Vaquilla<\/strong>. Este a\u00f1o participar\u00e1n 14 vaquillas. <a href=\"https:\/\/www.vidademadrid.com\/es\/39365\/fiesta-vaquilla-colmenar-viejo-madrid-2022\/\">Descubre todo aqu\u00ed.<\/a><\/p>\n<h2>\u00abSeeing Auschwitz\u00bb, recorrido visual por el campo de concentraci\u00f3n<\/h2>\n<p>Exposici\u00f3n gratuita que incluye un <strong>recorrido fotogr\u00e1fico por el campo de concentraci\u00f3n<\/strong>. Toda la informaci\u00f3n de la exposici\u00f3n y horarios <a href=\"https:\/\/www.vidademadrid.com\/es\/38974\/exposicion-auschwitz-madrid-2022-seeing-auschwitz-entradas\/\">aqu\u00ed<\/a>.<\/p>\n<h2>\u00abFlujo de conciencia\u00bb, experiencia de arte inmersivo digital<\/h2>\n<p>Exposici\u00f3n gratuita en el Instituto Italiano di Cultura en la calle Mayor. <strong>Textos de la literatura italiana<\/strong> proyectados mediante inteligencia artificial. Pincha <a href=\"https:\/\/www.vidademadrid.com\/es\/39201\/flujo-conciencia-arte-inmersivo-digital-istituto-italiano-di-cultura\/\">aqu\u00ed<\/a> y descubre todo sobre esta experiencia.<\/p>\n<h2>\u00abEl Jard\u00edn de las Hesp\u00e9rides\u00bb en el Centro de Arte de la Complutense<\/h2>\n<p>Obra del pintor Luis Priego en El Centro de Arte Complutense. Una exposici\u00f3n que te&nbsp;lleva a un lugar de la <strong>mitolog\u00eda griega<\/strong> donde se pone el sol: El Jard\u00edn de las Hesp\u00e9rides. Toda la informaci\u00f3n <a href=\"https:\/\/www.vidademadrid.com\/es\/39125\/jardin-hesperides-exposicion-cartec-universidad-complutense\/\">aqu\u00ed<\/a>.<\/p>\n<h2>\u00abRa\u00edz y Rizoma, M\u00e9xico en la colecci\u00f3n Otazu\u00bb en Casa M\u00e9xico<\/h2>\n<p>La nueva exposici\u00f3n gratuita de la Casa de M\u00e9xico, en colaboraci\u00f3n con la Fundaci\u00f3n Otazu, para mostrar el talento de los creadores de <strong>arte contempor\u00e1neo de M\u00e9xico<\/strong>. Toda la info <a href=\"https:\/\/www.vidademadrid.com\/es\/39357\/raiz-rizoma-casa-de-mexico-fundacion-otazu-exposicion-gratuita\/\">aqu\u00ed<\/a>.<\/p>\n<h2>Cine a 3,50 \u20ac con las mejores pel\u00edculas espa\u00f1olas<\/h2>\n<p>En la <strong>Sala Berlanga en Chamber\u00ed<\/strong>, el ciclo \u00abPremios Goya\u00bb, con motivo de la 36\u00ba edici\u00f3n de los Premios Goya, que acoge las proyecciones de las pel\u00edculas nominadas, a un precio de 3,50 \u20ac. <a href=\"https:\/\/www.vidademadrid.com\/es\/39288\/ciclo-de-cine-premios-goya-sala-berlanga-2022\/\">Inf\u00f3rmate aqu\u00ed<\/a>.<\/p>\n<h2>Patinar en la nueva pista de hielo de Azca<\/h2>\n<p>A la sombra de la <strong>Torre Picasso<\/strong>, la nueva pista de hielo del centro comercial Moda Shopping que ha abierto despu\u00e9s de Navidad y estar\u00e1 abierta hasta el 20 de febrero. Horarios y precios <a href=\"https:\/\/www.vidademadrid.com\/es\/39216\/nueva-pista-hielo-azca-plaza-carlos-trias-beltran-moda-shopping\/\">aqu\u00ed<\/a>.<\/p>\n<h2>Admirar la Virgen de la leche en el centro de Madrid<\/h2>\n<p>La obra del pintor palentino Pedro Berruguette se puede admirar de nuevo en su lugar original, donde ha vuelto esta semana tras pasar por el Prado, la National Gallery de Washington y el Meadows Museum de Dallas: est\u00e1 ahora el <strong>Museo de San Isidro<\/strong>, ubicado en la Plaza de San Andr\u00e9s (metro La Latina). <a href=\"https:\/\/www.vidademadrid.com\/es\/39267\/virgen-leche-museo-san-isidro-madrid-la-latina\/\">Info aqu\u00ed<\/a>.<\/p>\n<h2>Descubre un rinc\u00f3n secreto del Parque del Oeste<\/h2>\n<figure id=\"attachment_39385\" aria-describedby=\"caption-attachment-39385\" style=\"width: 645px\" class=\"wp-caption aligncenter\"><a href=\"https:\/\/www.vidademadrid.com\/es\/39221\/parque-oeste-rincones-secretos-monumento-piedra\/\"><img loading=\"lazy\" decoding=\"async\" class=\"size-full wp-image-39385\" src=\"https:\/\/www.vidademadrid.com\/es\/wp-content\/uploads\/2022\/01\/foto_01231.jpg\" alt=\"\" width=\"645\" height=\"662\" srcset=\"https:\/\/www.vidademadrid.com\/es\/wp-content\/uploads\/2022\/01\/foto_01231.jpg 645w, https:\/\/www.vidademadrid.com\/es\/wp-content\/uploads\/2022\/01\/foto_01231-292x300.jpg 292w, https:\/\/www.vidademadrid.com\/es\/wp-content\/uploads\/2022\/01\/foto_01231-409x420.jpg 409w, https:\/\/www.vidademadrid.com\/es\/wp-content\/uploads\/2022\/01\/foto_01231-356x364.jpg 356w\" sizes=\"auto, (max-width: 645px) 100vw, 645px\" \/><\/a><figcaption id=\"caption-attachment-39385\" class=\"wp-caption-text\">Foto: Vida de Madrid<\/figcaption><\/figure>\n<p>Paseando esta semana por el Parque del Oeste, nos chocamos con una r\u00eda con peque\u00f1as cascadas que nos hizo olvidar por un momento que est\u00e1bamos en plena ciudad. <a href=\"https:\/\/www.vidademadrid.com\/es\/39221\/parque-oeste-rincones-secretos-monumento-piedra\/\">Descubre este rinc\u00f3n (y su posici\u00f3n) aqu\u00ed.<\/a><\/p>\n<h2>Exposici\u00f3n de Superman<\/h2>\n<p>La mayor exposici\u00f3n sobre Superman que se ha hecho en Espa\u00f1a, \u00abSuperman, lo nunca visto del superh\u00e9roe\u00bb, con un recorrido por m\u00e1s de 300 figuras. Est\u00e1 en Fuenlabrada. <a href=\"https:\/\/www.vidademadrid.com\/es\/39404\/exposicion-superman-fuenlabrada-madrid-entrada-horarios\/\">Info aqu\u00ed<\/a>.<\/p>\n<h2>Restaurantes para este fin de semana<\/h2>\n<p>Aqu\u00ed te dejamos algunos <strong>restaurantes<\/strong> que hemos probado esta semana y <strong>novedades foodie<\/strong> que no te puedes perder:<\/p>\n<h3>Restaurante Raza Madrid<\/h3>\n<p>Uno de nuestros favoritos. Cerca de Banco de Espa\u00f1a, est\u00e1 Raza, un restaurante que abri\u00f3 hace tres meses y ya se ha convertido en una parada imprescindible para los <strong>amantes de la carne<\/strong>. Descubre lo que pedimos y vuelve a revivir nuestra experiencia en IG stories de <a href=\"https:\/\/www.instagram.com\/stories\/highlights\/17948206087672312\/\">@vidademadrid<\/a>.<\/p>\n<h3>Hamburguesas de \u00abEl Goxo\u00bb en el centro de Madrid<\/h3>\n<p>No te pierdas el nuevo foodtruck de Dabiz Mu\u00f1oz en el Corte ingl\u00e9s de Preciados- Cortylandia. En nuestro <a href=\"https:\/\/www.vidademadrid.com\/es\/38855\/noticias-foodie-madrid-enero-2022\/\">especial foodie<\/a> del mes te dejamos el horario.<\/p>\n<h3>Trek Taco, la nueva taquer\u00eda de Gran V\u00eda<\/h3>\n<p><strong>Taquer\u00eda muy original<\/strong> situada en plena Gran V\u00eda. Vuelve a vivir nuestra experiencia en IG stories de <a href=\"https:\/\/www.instagram.com\/stories\/highlights\/18180091996165243\/\">@vidademadrid.<\/a><\/p>\n<h3>Restaurante Hielo y Carb\u00f3n<\/h3>\n<p>Situado tambi\u00e9n en una ubicaci\u00f3n inmejorable, en plena Gran V\u00eda. Probamos la nueva carta del restaurante en la primera planta del <strong>Hotel Hyatt Centric<\/strong>, donde el fuego es protagonista. Luego subimos a su azotea, El Jard\u00edn de Diana, para disfrutar de las vistas y tomar algo. Descubre todo sobre este restaurante y sus platos en <a href=\"https:\/\/www.instagram.com\/stories\/highlights\/17922160580135200\/\">IG stories de @vidademadrid<\/a>.<\/p>\n<h2>M\u00e1s planes en Madrid<\/h2>\n<p>Recuerda que tienes <strong>m\u00e1s planes para hacer en Madrid<\/strong> en nuestra agenda del mes, siempre disponible en <a href=\"https:\/\/www.vidademadrid.com\/agenda\"><strong>vidademadrid.com\/agenda<\/strong><\/a> y todos los art\u00edculos en el <a href=\"https:\/\/www.vidademadrid.com\/es\/planes\/\"><strong>especial Planes<\/strong><\/a>, donde destacamos los grandes eventos del momento. Adem\u00e1s puedes seguir todos los d\u00edas nuestros reportajes en <a href=\"https:\/\/www.instagram.com\/VidaDeMadrid\">Instagram Stories @vidademadrid<\/a>. Te esperamos tambi\u00e9n en TikTok, Facebook y Twitter @vidademadrid.<\/p>\n","protected":false},"excerpt":{"rendered":"<p>Descubre nuestro listado con la selecci\u00f3n de los mejores eventos, planos para hacer y restaurantes <\/p>\n","protected":false},"author":13,"featured_media":39368,"comment_status":"open","ping_status":"open","sticky":false,"template":"","format":"standard","meta":{"footnotes":""},"categories":[1],"tags":[],"class_list":{"0":"post-39351","1":"post","2":"type-post","3":"status-publish","4":"format-standard","5":"has-post-thumbnail","7":"category-varios"},"_links":{"self":[{"href":"https:\/\/www.vidademadrid.com\/es\/wp-json\/wp\/v2\/posts\/39351","targetHints":{"allow":["GET"]}}],"collection":[{"href":"https:\/\/www.vidademadrid.com\/es\/wp-json\/wp\/v2\/posts"}],"about":[{"href":"https:\/\/www.vidademadrid.com\/es\/wp-json\/wp\/v2\/types\/post"}],"author":[{"embeddable":true,"href":"https:\/\/www.vidademadrid.com\/es\/wp-json\/wp\/v2\/users\/13"}],"replies":[{"embeddable":true,"href":"https:\/\/www.vidademadrid.com\/es\/wp-json\/wp\/v2\/comments?post=39351"}],"version-history":[{"count":13,"href":"https:\/\/www.vidademadrid.com\/es\/wp-json\/wp\/v2\/posts\/39351\/revisions"}],"predecessor-version":[{"id":39642,"href":"https:\/\/www.vidademadrid.com\/es\/wp-json\/wp\/v2\/posts\/39351\/revisions\/39642"}],"wp:featuredmedia":[{"embeddable":true,"href":"https:\/\/www.vidademadrid.com\/es\/wp-json\/wp\/v2\/media\/39368"}],"wp:attachment":[{"href":"https:\/\/www.vidademadrid.com\/es\/wp-json\/wp\/v2\/media?parent=39351"}],"wp:term":[{"taxonomy":"category","embeddable":true,"href":"https:\/\/www.vidademadrid.com\/es\/wp-json\/wp\/v2\/categories?post=39351"},{"taxonomy":"post_tag","embeddable":true,"href":"https:\/\/www.vidademadrid.com\/es\/wp-json\/wp\/v2\/tags?post=39351"}],"curies":[{"name":"wp","href":"https:\/\/api.w.org\/{rel}","templated":true}]}}