{"id":39339,"date":"2022-01-27T16:50:01","date_gmt":"2022-01-27T15:50:01","guid":{"rendered":"https:\/\/www.vidademadrid.com\/es\/?p=39339"},"modified":"2022-01-29T11:08:37","modified_gmt":"2022-01-29T10:08:37","slug":"el-rey-leon-exposicion-retiro-madrid","status":"publish","type":"post","link":"https:\/\/www.vidademadrid.com\/es\/39339\/el-rey-leon-exposicion-retiro-madrid\/","title":{"rendered":"La exposici\u00f3n gratuita del musical de \u00abEl Rey Le\u00f3n\u00bb llega al Parque del Retiro"},"content":{"rendered":"<p>Ya han pasado 10 a\u00f1os desde que se levant\u00f3 por primera vez el tel\u00f3n de<strong> \u201cEl Rey Le\u00f3n\u201d<\/strong> en el teatro Lope de Vega de la Gran V\u00eda. Este musical del que han podido disfrutar casi 5 millones de espectadores estos \u00faltimos a\u00f1os <strong>llega ahora en formato exposici\u00f3n en el Parque del Retiro y totalmente gratuita<\/strong>.<\/p>\n<h2>Exposici\u00f3n de \u201cEl Rey Le\u00f3n\u201d en el Retiro<\/h2>\n<p><script async=\"\" src=\"https:\/\/pagead2.googlesyndication.com\/pagead\/js\/adsbygoogle.js\"><\/script> <ins class=\"adsbygoogle\" style=\"display: block;\" data-ad-format=\"fluid\" data-ad-layout-key=\"-7f+eo+1+2-5\" data-ad-client=\"ca-pub-7450064428034605\" data-ad-slot=\"7327027071\"><\/ins><script>(adsbygoogle = window.adsbygoogle || []).push({});<\/script><\/p>\n<p>La exposici\u00f3n tiene lugar en la <strong>Biblioteca Eugenio Tr\u00edas, en el Parque del Buen Retiro<\/strong> de Madrid del <strong>26 de enero al 28 de febrero de 2022<\/strong>. Una oportunidad para ver las entra\u00f1as de \u201cEl Rey Le\u00f3n\u201d el musical y descubrir todos los secretos que esconde esta producci\u00f3n que cuenta con m\u00e1s de 150 profesionales.<\/p>\n<p>Durante la visita te podr\u00e1s sentir parte de esta gran producci\u00f3n y disfrutar de muchas de las actividades que proponen: talleres, experiencias de realidad virtual, demostraciones de maquillaje o vestuario, clases de danza e incluso tener un encuentro con los integrantes del musical.<\/p>\n<div id='gallery-1' class='gallery galleryid-39339 gallery-columns-2 gallery-size-large'><figure class='gallery-item'>\n\t\t\t<div class='gallery-icon portrait'>\n\t\t\t\t<a href='https:\/\/www.vidademadrid.com\/es\/39339\/el-rey-leon-exposicion-retiro-madrid\/whatsapp-image-2022-01-27-at-15-08-27\/'><img loading=\"lazy\" decoding=\"async\" width=\"696\" height=\"928\" src=\"https:\/\/www.vidademadrid.com\/es\/wp-content\/uploads\/2022\/01\/WhatsApp-Image-2022-01-27-at-15.08.27-768x1024.jpeg\" class=\"attachment-large size-large\" alt=\"\" aria-describedby=\"gallery-1-39342\" srcset=\"https:\/\/www.vidademadrid.com\/es\/wp-content\/uploads\/2022\/01\/WhatsApp-Image-2022-01-27-at-15.08.27-768x1024.jpeg 768w, https:\/\/www.vidademadrid.com\/es\/wp-content\/uploads\/2022\/01\/WhatsApp-Image-2022-01-27-at-15.08.27-225x300.jpeg 225w, https:\/\/www.vidademadrid.com\/es\/wp-content\/uploads\/2022\/01\/WhatsApp-Image-2022-01-27-at-15.08.27-1152x1536.jpeg 1152w, https:\/\/www.vidademadrid.com\/es\/wp-content\/uploads\/2022\/01\/WhatsApp-Image-2022-01-27-at-15.08.27-696x928.jpeg 696w, https:\/\/www.vidademadrid.com\/es\/wp-content\/uploads\/2022\/01\/WhatsApp-Image-2022-01-27-at-15.08.27-1068x1424.jpeg 1068w, https:\/\/www.vidademadrid.com\/es\/wp-content\/uploads\/2022\/01\/WhatsApp-Image-2022-01-27-at-15.08.27-315x420.jpeg 315w, https:\/\/www.vidademadrid.com\/es\/wp-content\/uploads\/2022\/01\/WhatsApp-Image-2022-01-27-at-15.08.27.jpeg 1200w\" sizes=\"auto, (max-width: 696px) 100vw, 696px\" \/><\/a>\n\t\t\t<\/div>\n\t\t\t\t<figcaption class='wp-caption-text gallery-caption' id='gallery-1-39342'>\n\t\t\t\tFoto: Vida de Madrid\n\t\t\t\t<\/figcaption><\/figure><figure class='gallery-item'>\n\t\t\t<div class='gallery-icon portrait'>\n\t\t\t\t<a href='https:\/\/www.vidademadrid.com\/es\/39339\/el-rey-leon-exposicion-retiro-madrid\/whatsapp-image-2022-01-27-at-15-08-27-3\/'><img loading=\"lazy\" decoding=\"async\" width=\"696\" height=\"928\" src=\"https:\/\/www.vidademadrid.com\/es\/wp-content\/uploads\/2022\/01\/WhatsApp-Image-2022-01-27-at-15.08.27-3-768x1024.jpeg\" class=\"attachment-large size-large\" alt=\"\" aria-describedby=\"gallery-1-39343\" srcset=\"https:\/\/www.vidademadrid.com\/es\/wp-content\/uploads\/2022\/01\/WhatsApp-Image-2022-01-27-at-15.08.27-3-768x1024.jpeg 768w, https:\/\/www.vidademadrid.com\/es\/wp-content\/uploads\/2022\/01\/WhatsApp-Image-2022-01-27-at-15.08.27-3-225x300.jpeg 225w, https:\/\/www.vidademadrid.com\/es\/wp-content\/uploads\/2022\/01\/WhatsApp-Image-2022-01-27-at-15.08.27-3-1152x1536.jpeg 1152w, https:\/\/www.vidademadrid.com\/es\/wp-content\/uploads\/2022\/01\/WhatsApp-Image-2022-01-27-at-15.08.27-3-696x928.jpeg 696w, https:\/\/www.vidademadrid.com\/es\/wp-content\/uploads\/2022\/01\/WhatsApp-Image-2022-01-27-at-15.08.27-3-1068x1424.jpeg 1068w, https:\/\/www.vidademadrid.com\/es\/wp-content\/uploads\/2022\/01\/WhatsApp-Image-2022-01-27-at-15.08.27-3-315x420.jpeg 315w, https:\/\/www.vidademadrid.com\/es\/wp-content\/uploads\/2022\/01\/WhatsApp-Image-2022-01-27-at-15.08.27-3.jpeg 1200w\" sizes=\"auto, (max-width: 696px) 100vw, 696px\" \/><\/a>\n\t\t\t<\/div>\n\t\t\t\t<figcaption class='wp-caption-text gallery-caption' id='gallery-1-39343'>\n\t\t\t\tFoto: Vida de Madrid\n\t\t\t\t<\/figcaption><\/figure>\n\t\t<\/div>\n\n<h2>Actividades de la exposici\u00f3n de \u201cEl Rey Le\u00f3n\u201d<\/h2>\n<p><script async=\"\" src=\"https:\/\/pagead2.googlesyndication.com\/pagead\/js\/adsbygoogle.js\"><\/script> <ins class=\"adsbygoogle\" style=\"display: block; text-align: center;\" data-ad-layout=\"in-article\" data-ad-format=\"fluid\" data-ad-client=\"ca-pub-7450064428034605\" data-ad-slot=\"5670045061\"><\/ins> <script>(adsbygoogle = window.adsbygoogle || []).push({});<\/script><\/p>\n<p>La exposici\u00f3n incluye muchas actividades que te permitir\u00e1n vivir el musical m\u00e1s de cerca. Podr\u00e1s disfrutar de una <strong>experiencia de realidad virtual<\/strong> y sentirte como si estuvieras en el teatro, concertar un <strong>encuentro con la compa\u00f1\u00eda de actores<\/strong>, asistir a<strong> clases de danza<\/strong>, <strong>ver el vestuario<\/strong> que han utilizado en las funciones de la mano de un miembro del equipo de vestuario, <strong>conocer los instrumentos del musical<\/strong>\u2026<\/p>\n<p>Para muchas de estas actividades hay l\u00edmite de aforo y es <strong>necesario registrarse antes<\/strong>. Puedes apuntarte y consultar el horario de todas estas actividades <a href=\"https:\/\/www.stage.es\/musicales\/el-rey-leon\/noticias\/expo-10-aniversario\">aqu\u00ed<\/a>.<\/p>\n\n\n<figure class=\"wp-block-embed is-type-rich is-provider-twitter wp-block-embed-twitter\"><div class=\"wp-block-embed__wrapper\">\n<blockquote class=\"twitter-tweet\" data-width=\"550\" data-dnt=\"true\"><p lang=\"es\" dir=\"ltr\">\u26a1 Consulta la agenda de actividades de la gran exposici\u00f3n de <a href=\"https:\/\/twitter.com\/hashtag\/ElReyLe%C3%B3n?src=hash&amp;ref_src=twsrc%5Etfw\">#ElReyLe\u00f3n<\/a> <br><br>Accede al link para apuntarte a las actividades \u25b6\ufe0f <a href=\"https:\/\/t.co\/foL8IbltON\">https:\/\/t.co\/foL8IbltON<\/a><br><br>\u00bfD\u00f3nde? En la Biblioteca Eugenio Tr\u00edas, en el Parque del Buen Retiro de Madrid. <a href=\"https:\/\/t.co\/MgeLiZItIw\">pic.twitter.com\/MgeLiZItIw<\/a><\/p>&mdash; El Rey Le\u00f3n (@ReyLeonMusical) <a href=\"https:\/\/twitter.com\/ReyLeonMusical\/status\/1486265337486131203?ref_src=twsrc%5Etfw\">January 26, 2022<\/a><\/blockquote><script async src=\"https:\/\/platform.twitter.com\/widgets.js\" charset=\"utf-8\"><\/script>\n<\/div><\/figure>\n\n\n<h2>Horario de \u201cEl Rey Le\u00f3n\u201d la exposici\u00f3n<\/h2>\n<p>La exposici\u00f3n <strong>no requiere registro previo y es gratuita<\/strong>. El horario de visita es de lunes a viernes de 8.30 h a 21.00 h, s\u00e1bados de 9.10 h a 17.50 h y domingos de 9.10h a 13.50 h.<\/p>\n\n\n<p><\/p>\n","protected":false},"excerpt":{"rendered":"<p>Disponible hasta el 28 de febrero<\/p>\n","protected":false},"author":13,"featured_media":39344,"comment_status":"open","ping_status":"open","sticky":false,"template":"","format":"standard","meta":{"footnotes":""},"categories":[11,111,115],"tags":[],"class_list":{"0":"post-39339","1":"post","2":"type-post","3":"status-publish","4":"format-standard","5":"has-post-thumbnail","7":"category-eventos-madrid","8":"category-exposiciones-madrid","9":"category-planes-del-momento-madrid"},"_links":{"self":[{"href":"https:\/\/www.vidademadrid.com\/es\/wp-json\/wp\/v2\/posts\/39339","targetHints":{"allow":["GET"]}}],"collection":[{"href":"https:\/\/www.vidademadrid.com\/es\/wp-json\/wp\/v2\/posts"}],"about":[{"href":"https:\/\/www.vidademadrid.com\/es\/wp-json\/wp\/v2\/types\/post"}],"author":[{"embeddable":true,"href":"https:\/\/www.vidademadrid.com\/es\/wp-json\/wp\/v2\/users\/13"}],"replies":[{"embeddable":true,"href":"https:\/\/www.vidademadrid.com\/es\/wp-json\/wp\/v2\/comments?post=39339"}],"version-history":[{"count":5,"href":"https:\/\/www.vidademadrid.com\/es\/wp-json\/wp\/v2\/posts\/39339\/revisions"}],"predecessor-version":[{"id":39350,"href":"https:\/\/www.vidademadrid.com\/es\/wp-json\/wp\/v2\/posts\/39339\/revisions\/39350"}],"wp:featuredmedia":[{"embeddable":true,"href":"https:\/\/www.vidademadrid.com\/es\/wp-json\/wp\/v2\/media\/39344"}],"wp:attachment":[{"href":"https:\/\/www.vidademadrid.com\/es\/wp-json\/wp\/v2\/media?parent=39339"}],"wp:term":[{"taxonomy":"category","embeddable":true,"href":"https:\/\/www.vidademadrid.com\/es\/wp-json\/wp\/v2\/categories?post=39339"},{"taxonomy":"post_tag","embeddable":true,"href":"https:\/\/www.vidademadrid.com\/es\/wp-json\/wp\/v2\/tags?post=39339"}],"curies":[{"name":"wp","href":"https:\/\/api.w.org\/{rel}","templated":true}]}}