{"id":39284,"date":"2022-01-26T10:49:46","date_gmt":"2022-01-26T09:49:46","guid":{"rendered":"https:\/\/www.vidademadrid.com\/es\/?p=39284"},"modified":"2022-01-26T12:40:45","modified_gmt":"2022-01-26T11:40:45","slug":"tarifa-variable-precio-parquimetros-madrid-2022","status":"publish","type":"post","link":"https:\/\/www.vidademadrid.com\/es\/39284\/tarifa-variable-precio-parquimetros-madrid-2022\/","title":{"rendered":"A partir de hoy, la tarifa variable de los parqu\u00edmetros entra en vigor"},"content":{"rendered":"<p>La nueva <strong>tarifa variable\u00a0<\/strong>de los\u00a0<strong>parqu\u00edmetros\u00a0<\/strong>entra en vigor este mi\u00e9rcoles. Esta medida pensada para <strong>contribuir a la mejora de la calidad del aire.\u00a0<\/strong>El aumento del SER se revisar\u00e1 con los niveles de\u00a0<strong>di\u00f3xido de nitr\u00f3geno\u00a0<\/strong>del d\u00eda anterior. Sigue leyendo este art\u00edculo para conocer toda la informaci\u00f3n.<\/p>\n<h2>Aumento de precio con la tarifa din\u00e1mica\u00a0<\/h2>\n<p><script async=\"\" src=\"https:\/\/pagead2.googlesyndication.com\/pagead\/js\/adsbygoogle.js\"><\/script> <ins class=\"adsbygoogle\" style=\"display: block;\" data-ad-format=\"fluid\" data-ad-layout-key=\"-7f+eo+1+2-5\" data-ad-client=\"ca-pub-7450064428034605\" data-ad-slot=\"7327027071\"><\/ins><script>(adsbygoogle = window.adsbygoogle || []).push({});<\/script><\/p>\n<p>Esta medida, aprobada en octubre del 2021, entra en vigor los d\u00edas que se tenga que aplicar el\u00a0<strong>protocolo anticontaminaci\u00f3n\u00a0<\/strong>por altos niveles de\u00a0<strong>di\u00f3xido de nitr\u00f3geno<\/strong> en el aire. As\u00ed, si la concentraci\u00f3n de di\u00f3xido de nitr\u00f3geno es muy alta, el\u00a0<strong>precio del aparcamiento llegar\u00e1 a duplicarse.\u00a0<\/strong><\/p>\n<p>Este aumento de la tasa se aplicar\u00e1 en el pago en <strong>parqu\u00edmetros<\/strong> y mediante las\u00a0<strong>aplicaciones\u00a0<\/strong>de SER durante el horario del funcionamiento del servicio. Es decir, desde 9 a las 21 horas de<strong> lunes a viernes,\u00a0<\/strong>y de 9 hasta las 15 horas los\u00a0<strong>s\u00e1bados y el mes de agosto.\u00a0<\/strong><\/p>\n<p>De acuerdo con el\u00a0<strong>Ayuntamiento de Madrid,\u00a0<\/strong>\u00abla tasa del Servicio de Estacionamiento Regulado se\u00a0<strong>incrementar\u00e1 un 60%\u00a0<\/strong>si los niveles de di\u00f3xido de nitr\u00f3geno del <strong>d\u00eda anterior<\/strong> superan los 60 microgramos por metros c\u00fabico de media en las estaciones de fondo y un 100% si exceden los 70 \u00b5g\/m3&#8243;. Los\u00a0<strong>veh\u00edculos cero emisiones\u00a0<\/strong>est\u00e1n exentos de esta medida del SER.\u00a0<\/p>\n<h2>Tasa din\u00e1mica dependiente de las estaciones de fondo<\/h2>\n<p><script async=\"\" src=\"https:\/\/pagead2.googlesyndication.com\/pagead\/js\/adsbygoogle.js\"><\/script> <ins class=\"adsbygoogle\" style=\"display: block; text-align: center;\" data-ad-layout=\"in-article\" data-ad-format=\"fluid\" data-ad-client=\"ca-pub-7450064428034605\" data-ad-slot=\"5670045061\"><\/ins> <script>(adsbygoogle = window.adsbygoogle || []).push({});<\/script><\/p>\n<p>Esta tarifa din\u00e1mica depender\u00e1 de los\u00a0<strong>registros del d\u00eda anterior\u00a0<\/strong>en las estaciones de fondo de la ciudad, que son 24. Para medir los\u00a0<strong>niveles de gases y part\u00edculas\u00a0<\/strong>12 son catalogadas como urbanas de fondo. Estas son las de: Tres Olivos, Sanchinarro, Barajas Pueblo, Urbanizaci\u00f3n Embajada, Arturo Soria, Plaza del Carmen, Retiro, M\u00e9ndez \u00c1lvaro, Vallecas, Villaverde, Farolillo y la de Ensanche de Vallecas.\u00a0<\/p>\n<p>El\u00a0<strong>Ayuntamiento de Madrid\u00a0<\/strong>publicar\u00e1 en la web municipal la modificaci\u00f3n de la\u00a0<strong>tarifa del SER\u00a0<\/strong>por incremento en los niveles del NO2 e <strong>informar\u00e1 de ella a los usuarios<\/strong> en los parqu\u00edmetros y aplicaciones, siempre se detallar\u00e1 el incremento de la tasa con car\u00e1cter previo a su abono.\u00a0<\/p>\n\n\n<p><\/p>\n","protected":false},"excerpt":{"rendered":"<p>Si la concentraci\u00f3n de di\u00f3xido de nitr\u00f3geno es muy alta, el\u00a0precio del aparcamiento llegar\u00e1 a duplicarse<\/p>\n","protected":false},"author":15,"featured_media":39285,"comment_status":"open","ping_status":"open","sticky":false,"template":"","format":"standard","meta":{"footnotes":""},"categories":[12],"tags":[],"class_list":{"0":"post-39284","1":"post","2":"type-post","3":"status-publish","4":"format-standard","5":"has-post-thumbnail","7":"category-actualidad-noticias-madrid"},"_links":{"self":[{"href":"https:\/\/www.vidademadrid.com\/es\/wp-json\/wp\/v2\/posts\/39284","targetHints":{"allow":["GET"]}}],"collection":[{"href":"https:\/\/www.vidademadrid.com\/es\/wp-json\/wp\/v2\/posts"}],"about":[{"href":"https:\/\/www.vidademadrid.com\/es\/wp-json\/wp\/v2\/types\/post"}],"author":[{"embeddable":true,"href":"https:\/\/www.vidademadrid.com\/es\/wp-json\/wp\/v2\/users\/15"}],"replies":[{"embeddable":true,"href":"https:\/\/www.vidademadrid.com\/es\/wp-json\/wp\/v2\/comments?post=39284"}],"version-history":[{"count":4,"href":"https:\/\/www.vidademadrid.com\/es\/wp-json\/wp\/v2\/posts\/39284\/revisions"}],"predecessor-version":[{"id":39302,"href":"https:\/\/www.vidademadrid.com\/es\/wp-json\/wp\/v2\/posts\/39284\/revisions\/39302"}],"wp:featuredmedia":[{"embeddable":true,"href":"https:\/\/www.vidademadrid.com\/es\/wp-json\/wp\/v2\/media\/39285"}],"wp:attachment":[{"href":"https:\/\/www.vidademadrid.com\/es\/wp-json\/wp\/v2\/media?parent=39284"}],"wp:term":[{"taxonomy":"category","embeddable":true,"href":"https:\/\/www.vidademadrid.com\/es\/wp-json\/wp\/v2\/categories?post=39284"},{"taxonomy":"post_tag","embeddable":true,"href":"https:\/\/www.vidademadrid.com\/es\/wp-json\/wp\/v2\/tags?post=39284"}],"curies":[{"name":"wp","href":"https:\/\/api.w.org\/{rel}","templated":true}]}}