{"id":39274,"date":"2022-01-25T20:05:38","date_gmt":"2022-01-25T19:05:38","guid":{"rendered":"https:\/\/www.vidademadrid.com\/es\/?p=39274"},"modified":"2022-01-25T20:05:40","modified_gmt":"2022-01-25T19:05:40","slug":"thompson-madrid-el-nuevo-hotel-de-5-estrellas-que-abre-sus-puertas-este-2022","status":"publish","type":"post","link":"https:\/\/www.vidademadrid.com\/es\/39274\/thompson-madrid-el-nuevo-hotel-de-5-estrellas-que-abre-sus-puertas-este-2022\/","title":{"rendered":"Thompson Madrid, el nuevo hotel de 5 estrellas que abre  sus puertas este 2022"},"content":{"rendered":"<p>La industria hotelera sigue apostando por abrir hoteles de gran calidad en Madrid. A mediados de este a\u00f1o 2022 se espera la apertura de <strong>Thompson Madrid, un hotel de 5 estrellas en pleno coraz\u00f3n de Madrid<\/strong>.<\/p>\n<h2>Thompson Madrid, el nuevo hotel de 5 estrellas<\/h2>\n<p>Si has estado paseando por los alrededores de la Gran V\u00eda, seguro que no has podido pasar por alto un nuevo edificio que asoma en la<strong> calle Montera<\/strong> y que a\u00fan sigue en obras por el lado de la <strong>Plaza del Carmen<\/strong>. Pues te desvelamos que ese espacio corresponde a&nbsp;<strong>Thompson Madrid, el pr\u00f3ximo hotel de lujo de la ciudad<\/strong>. Este hotel pertenece a la cadena hotelera Hyatt y se prev\u00e9 que<strong> abrir\u00e1 sus puertas a mediados de este a\u00f1o 2022<\/strong>.<\/p>\n<p>Como bien podr\u00e9is observar est\u00e1 <strong>situado en el centro de la nueva Milla de Oro de Madrid,<\/strong> a un paso de los lugares m\u00e1s visitados de la ciudad como la Plaza de Callao, Plaza de Espa\u00f1a, el Museo Del Prado, Sol, por su puesto la famosa Gran V\u00eda y con muy buenas conexiones al resto de puntos de inter\u00e9s de la ciudad.<\/p>\n<p>Este nuevo edificio con una est\u00e9tica propia de mediados de siglo incluye unos espacios cuidados al detalle, una terraza y una piscina en la azotea. Sin duda cualquier visitante disfrutar\u00e1 de servicios de primer nivel durante su estancia en el coraz\u00f3n de la capital.<\/p>\n<figure id=\"attachment_39277\" aria-describedby=\"caption-attachment-39277\" style=\"width: 2000px\" class=\"wp-caption aligncenter\"><a href=\"https:\/\/www.vidademadrid.com\/es\/wp-content\/uploads\/2022\/01\/WhatsApp-Image-2022-01-25-at-18.14.14.jpeg\"><img loading=\"lazy\" decoding=\"async\" class=\"wp-image-39277 size-full\" src=\"https:\/\/www.vidademadrid.com\/es\/wp-content\/uploads\/2022\/01\/WhatsApp-Image-2022-01-25-at-18.14.14.jpeg\" alt=\"\" width=\"2000\" height=\"1500\" srcset=\"https:\/\/www.vidademadrid.com\/es\/wp-content\/uploads\/2022\/01\/WhatsApp-Image-2022-01-25-at-18.14.14.jpeg 2000w, https:\/\/www.vidademadrid.com\/es\/wp-content\/uploads\/2022\/01\/WhatsApp-Image-2022-01-25-at-18.14.14-300x225.jpeg 300w, https:\/\/www.vidademadrid.com\/es\/wp-content\/uploads\/2022\/01\/WhatsApp-Image-2022-01-25-at-18.14.14-1024x768.jpeg 1024w, https:\/\/www.vidademadrid.com\/es\/wp-content\/uploads\/2022\/01\/WhatsApp-Image-2022-01-25-at-18.14.14-768x576.jpeg 768w, https:\/\/www.vidademadrid.com\/es\/wp-content\/uploads\/2022\/01\/WhatsApp-Image-2022-01-25-at-18.14.14-1536x1152.jpeg 1536w, https:\/\/www.vidademadrid.com\/es\/wp-content\/uploads\/2022\/01\/WhatsApp-Image-2022-01-25-at-18.14.14-696x522.jpeg 696w, https:\/\/www.vidademadrid.com\/es\/wp-content\/uploads\/2022\/01\/WhatsApp-Image-2022-01-25-at-18.14.14-1068x801.jpeg 1068w, https:\/\/www.vidademadrid.com\/es\/wp-content\/uploads\/2022\/01\/WhatsApp-Image-2022-01-25-at-18.14.14-1920x1440.jpeg 1920w, https:\/\/www.vidademadrid.com\/es\/wp-content\/uploads\/2022\/01\/WhatsApp-Image-2022-01-25-at-18.14.14-560x420.jpeg 560w, https:\/\/www.vidademadrid.com\/es\/wp-content\/uploads\/2022\/01\/WhatsApp-Image-2022-01-25-at-18.14.14-80x60.jpeg 80w, https:\/\/www.vidademadrid.com\/es\/wp-content\/uploads\/2022\/01\/WhatsApp-Image-2022-01-25-at-18.14.14-265x198.jpeg 265w\" sizes=\"auto, (max-width: 2000px) 100vw, 2000px\" \/><\/a><figcaption id=\"caption-attachment-39277\" class=\"wp-caption-text\">Obras Plaza del Carmen Hotel Thompson. Foto: Vida de Madrid<\/figcaption><\/figure>\n<h2>Apertura de Thompson Madrid, el nuevo hotel de 5 estrellas<\/h2>\n<p>Como ya hemos comentado en el art\u00edculo se espera que este nuevo hotel de lujo de la ciudad abra sus puertas a <strong>mediados de este a\u00f1o 2022<\/strong>. A\u00fan no conocemos la fecha exacta, pero iremos informando en cuanto conozcamos toda la informaci\u00f3n.<\/p>\n","protected":false},"excerpt":{"rendered":"<p>Situado en la Plaza del Carmen <\/p>\n","protected":false},"author":13,"featured_media":39276,"comment_status":"open","ping_status":"open","sticky":false,"template":"","format":"standard","meta":{"footnotes":""},"categories":[24],"tags":[],"class_list":{"0":"post-39274","1":"post","2":"type-post","3":"status-publish","4":"format-standard","5":"has-post-thumbnail","7":"category-hotel-madrid"},"_links":{"self":[{"href":"https:\/\/www.vidademadrid.com\/es\/wp-json\/wp\/v2\/posts\/39274","targetHints":{"allow":["GET"]}}],"collection":[{"href":"https:\/\/www.vidademadrid.com\/es\/wp-json\/wp\/v2\/posts"}],"about":[{"href":"https:\/\/www.vidademadrid.com\/es\/wp-json\/wp\/v2\/types\/post"}],"author":[{"embeddable":true,"href":"https:\/\/www.vidademadrid.com\/es\/wp-json\/wp\/v2\/users\/13"}],"replies":[{"embeddable":true,"href":"https:\/\/www.vidademadrid.com\/es\/wp-json\/wp\/v2\/comments?post=39274"}],"version-history":[{"count":7,"href":"https:\/\/www.vidademadrid.com\/es\/wp-json\/wp\/v2\/posts\/39274\/revisions"}],"predecessor-version":[{"id":39283,"href":"https:\/\/www.vidademadrid.com\/es\/wp-json\/wp\/v2\/posts\/39274\/revisions\/39283"}],"wp:featuredmedia":[{"embeddable":true,"href":"https:\/\/www.vidademadrid.com\/es\/wp-json\/wp\/v2\/media\/39276"}],"wp:attachment":[{"href":"https:\/\/www.vidademadrid.com\/es\/wp-json\/wp\/v2\/media?parent=39274"}],"wp:term":[{"taxonomy":"category","embeddable":true,"href":"https:\/\/www.vidademadrid.com\/es\/wp-json\/wp\/v2\/categories?post=39274"},{"taxonomy":"post_tag","embeddable":true,"href":"https:\/\/www.vidademadrid.com\/es\/wp-json\/wp\/v2\/tags?post=39274"}],"curies":[{"name":"wp","href":"https:\/\/api.w.org\/{rel}","templated":true}]}}