{"id":39245,"date":"2022-01-25T11:12:14","date_gmt":"2022-01-25T10:12:14","guid":{"rendered":"https:\/\/www.vidademadrid.com\/es\/?p=39245"},"modified":"2022-01-26T11:56:58","modified_gmt":"2022-01-26T10:56:58","slug":"la-edad-dichosa-infancia-nueva-exposicion-2022-museo-sorolla","status":"publish","type":"post","link":"https:\/\/www.vidademadrid.com\/es\/39245\/la-edad-dichosa-infancia-nueva-exposicion-2022-museo-sorolla\/","title":{"rendered":"\u00abLa edad dichosa. La infancia en la pintura de Sorolla\u00bb llega al Museo Sorolla"},"content":{"rendered":"<p>Una nueva exposici\u00f3n temporal, <strong>\u00abLa edad dichosa. La infancia en la pintura de Sorolla\u00bb<\/strong>, llega al Museo Sorolla poniendo a los ni\u00f1os como protagonistas. Estar\u00e1 disponible desde el\u00a0<strong>1 de febrero del 2022.\u00a0<\/strong>Sigue leyendo este art\u00edculo para conocer toda la informaci\u00f3n.\u00a0<\/p>\n<h2>La infancia en la pintura de Sorolla\u00a0<\/h2>\n<p><script async=\"\" src=\"https:\/\/pagead2.googlesyndication.com\/pagead\/js\/adsbygoogle.js\"><\/script> <ins class=\"adsbygoogle\" style=\"display: block;\" data-ad-format=\"fluid\" data-ad-layout-key=\"-7f+eo+1+2-5\" data-ad-client=\"ca-pub-7450064428034605\" data-ad-slot=\"7327027071\"><\/ins><script>(adsbygoogle = window.adsbygoogle || []).push({});<\/script><\/p>\n<p>Los ni\u00f1os han sido\u00a0<strong>protagonistas de la pintura de Sorolla\u00a0<\/strong>desde el principio de su carrera. En repetidas ocasiones recib\u00eda encargos para pintar a familias de la aristocracia y burgues\u00eda y a sus hijos. <strong>\u00abLa edad dichosa. La infancia en la pintura de Sorolla\u00bb<\/strong><strong>\u00a0<\/strong>est\u00e1 ordenada en tres secciones: el centro de la familia, el mundo de los ni\u00f1os y la otra infancia.\u00a0<\/p>\n<p>En el \u00faltimo tercio del siglo XIX, los ni\u00f1os se convierten en el protagonista de cuadros de costumbres, paisajes y escenas de g\u00e9nero. Sorolla representa c\u00f3mo los ni\u00f1os\u00a0<strong>viven, estudian, pintan o juegan.\u00a0<\/strong>Tambi\u00e9n, se presentan escenas de la \u00abotra infancia\u00bb, que representa\u00a0<strong>ni\u00f1os m\u00e1s humildes,\u00a0<\/strong>que tienen que trabajar para ayudar a sus familias. Esta\u00a0<strong>otra infancia\u00a0<\/strong>es retratada por Sorolla, con el mismo cari\u00f1o y dignidad que el resto.\u00a0<\/p>\n<h2>Horario y entradas de la nueva exposici\u00f3n<\/h2>\n<p><script async=\"\" src=\"https:\/\/pagead2.googlesyndication.com\/pagead\/js\/adsbygoogle.js\"><\/script> <ins class=\"adsbygoogle\" style=\"display: block; text-align: center;\" data-ad-layout=\"in-article\" data-ad-format=\"fluid\" data-ad-client=\"ca-pub-7450064428034605\" data-ad-slot=\"5670045061\"><\/ins> <script>(adsbygoogle = window.adsbygoogle || []).push({});<\/script><\/p>\n<p><strong>\u00abLa edad dichosa. La infancia en la pintura de Sorolla\u00bb<\/strong> estar\u00e1 disponible en el <strong>Museo Sorolla<\/strong> del <strong>1 de febrero al 19 de junio del 2022.\u00a0<\/strong>Su horario es de\u00a0<strong>martes a s\u00e1bado\u00a0<\/strong>de 9:30 a las 20 h y los <strong>domingos y festivos\u00a0<\/strong>de 10 a 15 h. El precio de la entrada es de 3 euros por persona y la <strong>entrada gratuita <\/strong>es los s\u00e1bado de 14 a 20 h y los domingos de 10 hasta las 15 h. Si quieres comprar tu entrada de forma\u00a0<strong>online,\u00a0<\/strong>se pueden adquirir <a href=\"https:\/\/museosorolla.sacatuentrada.es\/es\/entradas\/museo-sorolla\">aqu\u00ed<\/a>.\u00a0<\/p>\n\n\n<p> <\/p>\n","protected":false},"excerpt":{"rendered":"<p>Muestra la infancia retratada por Sorolla <\/p>\n","protected":false},"author":15,"featured_media":39246,"comment_status":"open","ping_status":"open","sticky":false,"template":"","format":"standard","meta":{"footnotes":""},"categories":[111,119],"tags":[],"class_list":{"0":"post-39245","1":"post","2":"type-post","3":"status-publish","4":"format-standard","5":"has-post-thumbnail","7":"category-exposiciones-madrid","8":"category-portada"},"_links":{"self":[{"href":"https:\/\/www.vidademadrid.com\/es\/wp-json\/wp\/v2\/posts\/39245","targetHints":{"allow":["GET"]}}],"collection":[{"href":"https:\/\/www.vidademadrid.com\/es\/wp-json\/wp\/v2\/posts"}],"about":[{"href":"https:\/\/www.vidademadrid.com\/es\/wp-json\/wp\/v2\/types\/post"}],"author":[{"embeddable":true,"href":"https:\/\/www.vidademadrid.com\/es\/wp-json\/wp\/v2\/users\/15"}],"replies":[{"embeddable":true,"href":"https:\/\/www.vidademadrid.com\/es\/wp-json\/wp\/v2\/comments?post=39245"}],"version-history":[{"count":3,"href":"https:\/\/www.vidademadrid.com\/es\/wp-json\/wp\/v2\/posts\/39245\/revisions"}],"predecessor-version":[{"id":39258,"href":"https:\/\/www.vidademadrid.com\/es\/wp-json\/wp\/v2\/posts\/39245\/revisions\/39258"}],"wp:featuredmedia":[{"embeddable":true,"href":"https:\/\/www.vidademadrid.com\/es\/wp-json\/wp\/v2\/media\/39246"}],"wp:attachment":[{"href":"https:\/\/www.vidademadrid.com\/es\/wp-json\/wp\/v2\/media?parent=39245"}],"wp:term":[{"taxonomy":"category","embeddable":true,"href":"https:\/\/www.vidademadrid.com\/es\/wp-json\/wp\/v2\/categories?post=39245"},{"taxonomy":"post_tag","embeddable":true,"href":"https:\/\/www.vidademadrid.com\/es\/wp-json\/wp\/v2\/tags?post=39245"}],"curies":[{"name":"wp","href":"https:\/\/api.w.org\/{rel}","templated":true}]}}