{"id":39221,"date":"2022-01-24T18:52:14","date_gmt":"2022-01-24T17:52:14","guid":{"rendered":"https:\/\/www.vidademadrid.com\/es\/?p=39221"},"modified":"2022-01-24T22:38:18","modified_gmt":"2022-01-24T21:38:18","slug":"parque-oeste-rincones-secretos-monumento-piedra","status":"publish","type":"post","link":"https:\/\/www.vidademadrid.com\/es\/39221\/parque-oeste-rincones-secretos-monumento-piedra\/","title":{"rendered":"Descubre algunos rincones secretos del Parque del Oeste"},"content":{"rendered":"\n<p>Pasear por las calles, parques y alrededores de Madrid te permite descubrir algunos lugares que nunca antes hab\u00edas visto. Esta vez paseando por el <strong>Parque del Oeste<\/strong> descubrimos algunos rincones con especial encanto. <\/p>\n\n\n\n<script async src=\"https:\/\/pagead2.googlesyndication.com\/pagead\/js\/adsbygoogle.js\"><\/script> <ins class=\"adsbygoogle\"  style=\"display:block\" data-ad-format=\"fluid\" data-ad-layout-key=\"-7f+eo+1+2-5\" data-ad-client=\"ca-pub-7450064428034605\" data-ad-slot=\"7327027071\"><\/ins><script>(adsbygoogle = window.adsbygoogle || []).push({});<\/script>\n\n\n\n<h2>Rincones secretos del Parque del Oeste<\/h2>\n<p>Uno de los famosos parques de Madrid es el <strong>Parque del Oeste<\/strong>, que para aquellos que a\u00fan no lo conozcan est\u00e1 situado en el distrito de Moncloa justo al lado del Templo de Debob. Una zona verde llena de rincones que descubrir y el plan perfecto para escapar un rato del ruido de la ciudad y disfrutar de la naturaleza.\u00a0<\/p>\n<p>Durante nuestro paseo pudimos descubrir algunos <strong>lugares con especial encanto<\/strong>. Solo de esta manera, paseando, nos chocamos con una <strong>r\u00eda con peque\u00f1as cascadas<\/strong> que nos hizo olvidar por un momento que est\u00e1bamos en plena ciudad.\u00a0<\/p>\n<figure id=\"attachment_39226\" aria-describedby=\"caption-attachment-39226\" style=\"width: 696px\" class=\"wp-caption aligncenter\"><a href=\"https:\/\/www.vidademadrid.com\/es\/wp-content\/uploads\/2022\/01\/WhatsApp-Image-2022-01-24-at-14.45.52.jpeg\"><img loading=\"lazy\" decoding=\"async\" class=\"wp-image-39226 size-large\" src=\"https:\/\/www.vidademadrid.com\/es\/wp-content\/uploads\/2022\/01\/WhatsApp-Image-2022-01-24-at-14.45.52-768x1024.jpeg\" alt=\"\" width=\"696\" height=\"928\" srcset=\"https:\/\/www.vidademadrid.com\/es\/wp-content\/uploads\/2022\/01\/WhatsApp-Image-2022-01-24-at-14.45.52-768x1024.jpeg 768w, https:\/\/www.vidademadrid.com\/es\/wp-content\/uploads\/2022\/01\/WhatsApp-Image-2022-01-24-at-14.45.52-225x300.jpeg 225w, https:\/\/www.vidademadrid.com\/es\/wp-content\/uploads\/2022\/01\/WhatsApp-Image-2022-01-24-at-14.45.52-1152x1536.jpeg 1152w, https:\/\/www.vidademadrid.com\/es\/wp-content\/uploads\/2022\/01\/WhatsApp-Image-2022-01-24-at-14.45.52-696x928.jpeg 696w, https:\/\/www.vidademadrid.com\/es\/wp-content\/uploads\/2022\/01\/WhatsApp-Image-2022-01-24-at-14.45.52-1068x1424.jpeg 1068w, https:\/\/www.vidademadrid.com\/es\/wp-content\/uploads\/2022\/01\/WhatsApp-Image-2022-01-24-at-14.45.52-315x420.jpeg 315w, https:\/\/www.vidademadrid.com\/es\/wp-content\/uploads\/2022\/01\/WhatsApp-Image-2022-01-24-at-14.45.52.jpeg 1200w\" sizes=\"auto, (max-width: 696px) 100vw, 696px\" \/><\/a><figcaption id=\"caption-attachment-39226\" class=\"wp-caption-text\">Peque\u00f1a cascada del Parque del Oeste. Foto: Vida de Madrid<\/figcaption><\/figure>\n<p>Adem\u00e1s de rincones como el de la foto, tambi\u00e9n podr\u00e1s encontrar un <strong>monumento de piedra<\/strong> con una historia detr\u00e1s.\u00a0<\/p>\n<h2>Monumento a Elena Fort\u00fan en el Parque del Oeste\u00a0<\/h2>\n<p><script async=\"\" src=\"https:\/\/pagead2.googlesyndication.com\/pagead\/js\/adsbygoogle.js\"><\/script> <ins class=\"adsbygoogle\" style=\"display: block; text-align: center;\" data-ad-layout=\"in-article\" data-ad-format=\"fluid\" data-ad-client=\"ca-pub-7450064428034605\" data-ad-slot=\"5670045061\"><\/ins> <script>(adsbygoogle = window.adsbygoogle || []).push({});<\/script><\/p>\n<p>Este monumento de piedra del que te hablamos es el <strong>monumento a Elena Fort\u00fan<\/strong>. Est\u00e1 ubicado justo al lado la r\u00eda de la fotograf\u00eda.<\/p>\n<p><iframe loading=\"lazy\" style=\"border: 0;\" src=\"https:\/\/www.google.com\/maps\/embed?pb=!1m14!1m8!1m3!1d6073.81105212119!2d-3.7279185!3d40.4330908!3m2!1i1024!2i768!4f13.1!3m3!1m2!1s0xd42283e17302f79%3A0xdd2cf6490e4e3384!2sMonumento%20a%20Elena%20Fort%C3%BAn!5e0!3m2!1ses!2ses!4v1643057679737!5m2!1ses!2ses\" width=\"800\" height=\"450\" allowfullscreen=\"allowfullscreen\"><\/iframe><\/p>\n<p>Para obtener la ubicaci\u00f3n exacta de la r\u00eda y del monumento, busca en el mapa \u00abMonumento a Elena Fort\u00fan\u00bb (o pincha <a href=\"https:\/\/goo.gl\/maps\/BT2uDt4fUoAYYGHd7\">aqu\u00ed<\/a>).<\/p>\n<p><strong>Elena Fort\u00fan<\/strong> es el pseud\u00f3nimo de Mar\u00eda de la Encarnaci\u00f3n Gertrudis Jacoba Aragoneses y de Urquijo (1886-1952) y fue una escritora dedicada a la literatura infantil y juvenil. Esta escritora estudi\u00f3\u00a0en la Residencia de Se\u00f1oritas, dirigida por Mar\u00eda de Maeztu y colabor\u00f3 con varias asociaciones. Fue considerada parte de la <strong>primera generaci\u00f3n de feministas espa\u00f1olas con conciencia de grupo y comprometidas con los derechos de las mujeres<\/strong>.<\/p>\n<p>La ya conocida como Elena Fort\u00fan fallece el 8 de mayo de 1952 con 65 a\u00f1os y cinco a\u00f1os despu\u00e9s <strong>amigos y admiradores de esta escritora feminista encargaron al escultor Jos\u00e9 Planes este monumento<\/strong> que ahora puedes ver en el Parque del Oeste.<\/p>\n<figure id=\"attachment_39225\" aria-describedby=\"caption-attachment-39225\" style=\"width: 696px\" class=\"wp-caption aligncenter\"><a href=\"https:\/\/www.vidademadrid.com\/es\/wp-content\/uploads\/2022\/01\/WhatsApp-Image-2022-01-24-at-14.45.52-2.jpeg\"><img loading=\"lazy\" decoding=\"async\" class=\"wp-image-39225 size-large\" src=\"https:\/\/www.vidademadrid.com\/es\/wp-content\/uploads\/2022\/01\/WhatsApp-Image-2022-01-24-at-14.45.52-2-1011x1024.jpeg\" alt=\"\" width=\"696\" height=\"705\" srcset=\"https:\/\/www.vidademadrid.com\/es\/wp-content\/uploads\/2022\/01\/WhatsApp-Image-2022-01-24-at-14.45.52-2-1011x1024.jpeg 1011w, https:\/\/www.vidademadrid.com\/es\/wp-content\/uploads\/2022\/01\/WhatsApp-Image-2022-01-24-at-14.45.52-2-296x300.jpeg 296w, https:\/\/www.vidademadrid.com\/es\/wp-content\/uploads\/2022\/01\/WhatsApp-Image-2022-01-24-at-14.45.52-2-768x778.jpeg 768w, https:\/\/www.vidademadrid.com\/es\/wp-content\/uploads\/2022\/01\/WhatsApp-Image-2022-01-24-at-14.45.52-2-696x705.jpeg 696w, https:\/\/www.vidademadrid.com\/es\/wp-content\/uploads\/2022\/01\/WhatsApp-Image-2022-01-24-at-14.45.52-2-1068x1082.jpeg 1068w, https:\/\/www.vidademadrid.com\/es\/wp-content\/uploads\/2022\/01\/WhatsApp-Image-2022-01-24-at-14.45.52-2-415x420.jpeg 415w, https:\/\/www.vidademadrid.com\/es\/wp-content\/uploads\/2022\/01\/WhatsApp-Image-2022-01-24-at-14.45.52-2.jpeg 1080w\" sizes=\"auto, (max-width: 696px) 100vw, 696px\" \/><\/a><figcaption id=\"caption-attachment-39225\" class=\"wp-caption-text\">Monumento a Elena Fort\u00fan. Foto: Vida de Madrid<\/figcaption><\/figure>\n<p>Para conocer m\u00e1s informaci\u00f3n sobre la escritora y feminista Elena Fort\u00fan pincha <a href=\"https:\/\/patrimonioypaisaje.madrid.es\/sites\/v\/index.jsp?vgnextoid=c928091d1b9c4510091d1b9c45102e085a0aRCRD&amp;vgnextchannel=8fac3cb702aa4510VgnVCM1000008a4a900aRCRD\">aqu\u00ed<\/a>.<\/p>","protected":false},"excerpt":{"rendered":"<p>Una r\u00eda y un monumento en honor a una mujer <\/p>\n","protected":false},"author":13,"featured_media":39224,"comment_status":"open","ping_status":"open","sticky":false,"template":"","format":"standard","meta":{"footnotes":""},"categories":[101,119,3],"tags":[],"class_list":{"0":"post-39221","1":"post","2":"type-post","3":"status-publish","4":"format-standard","5":"has-post-thumbnail","7":"category-ferias-fiestas-mercados-madrid","8":"category-portada","9":"category-visita-madrid"},"_links":{"self":[{"href":"https:\/\/www.vidademadrid.com\/es\/wp-json\/wp\/v2\/posts\/39221","targetHints":{"allow":["GET"]}}],"collection":[{"href":"https:\/\/www.vidademadrid.com\/es\/wp-json\/wp\/v2\/posts"}],"about":[{"href":"https:\/\/www.vidademadrid.com\/es\/wp-json\/wp\/v2\/types\/post"}],"author":[{"embeddable":true,"href":"https:\/\/www.vidademadrid.com\/es\/wp-json\/wp\/v2\/users\/13"}],"replies":[{"embeddable":true,"href":"https:\/\/www.vidademadrid.com\/es\/wp-json\/wp\/v2\/comments?post=39221"}],"version-history":[{"count":7,"href":"https:\/\/www.vidademadrid.com\/es\/wp-json\/wp\/v2\/posts\/39221\/revisions"}],"predecessor-version":[{"id":39240,"href":"https:\/\/www.vidademadrid.com\/es\/wp-json\/wp\/v2\/posts\/39221\/revisions\/39240"}],"wp:featuredmedia":[{"embeddable":true,"href":"https:\/\/www.vidademadrid.com\/es\/wp-json\/wp\/v2\/media\/39224"}],"wp:attachment":[{"href":"https:\/\/www.vidademadrid.com\/es\/wp-json\/wp\/v2\/media?parent=39221"}],"wp:term":[{"taxonomy":"category","embeddable":true,"href":"https:\/\/www.vidademadrid.com\/es\/wp-json\/wp\/v2\/categories?post=39221"},{"taxonomy":"post_tag","embeddable":true,"href":"https:\/\/www.vidademadrid.com\/es\/wp-json\/wp\/v2\/tags?post=39221"}],"curies":[{"name":"wp","href":"https:\/\/api.w.org\/{rel}","templated":true}]}}