{"id":39204,"date":"2022-01-24T11:55:50","date_gmt":"2022-01-24T10:55:50","guid":{"rendered":"https:\/\/www.vidademadrid.com\/es\/?p=39204"},"modified":"2022-01-24T12:09:26","modified_gmt":"2022-01-24T11:09:26","slug":"renovacion-ampliacion-gran-plaza-2-majadahonda","status":"publish","type":"post","link":"https:\/\/www.vidademadrid.com\/es\/39204\/renovacion-ampliacion-gran-plaza-2-majadahonda\/","title":{"rendered":"La Gran Plaza 2 de Majadahonda se renueva: a\u00f1ade 13 nuevos locales y salas de cine"},"content":{"rendered":"<p>El centro comercial&nbsp;<strong>Gran Plaza 2&nbsp;<\/strong>de Majadahonda ha anunciado su renovaci\u00f3n y las obras de ampliaci\u00f3n de sus instalaciones. Las&nbsp;<strong>obras&nbsp;<\/strong>comenzar\u00e1n este mismo enero y se prev\u00e9 que terminen a&nbsp;<strong>principios del 2023.&nbsp;<\/strong>Conoce aqu\u00ed toda la informaci\u00f3n.&nbsp;<\/p>\n<h2>Las obras en la Gran Plaza 2&nbsp;<\/h2>\n<p><script async=\"\" src=\"https:\/\/pagead2.googlesyndication.com\/pagead\/js\/adsbygoogle.js\"><\/script> <ins class=\"adsbygoogle\" style=\"display:block\" data-ad-format=\"fluid\" data-ad-layout-key=\"-7f+eo+1+2-5\" data-ad-client=\"ca-pub-7450064428034605\" data-ad-slot=\"7327027071\"><\/ins><script>(adsbygoogle = window.adsbygoogle || []).push({});<\/script><\/p>\n<p>LGSIE, propietario de Gran Plaza 2, ha anunciado las obras en su <strong>zona de ocio y restauraci\u00f3n<\/strong> que ha sido dise\u00f1ado por la firma de arquitectura <strong>Chapman Taylor&nbsp;<\/strong>y se prev\u00e9 que terminen a <strong>principios del 2023.&nbsp;<\/strong><\/p>\n<p>Las obras realizadas en 15 mil metros cuadrados incluye&nbsp;<strong>seis salas de cine,&nbsp;<\/strong>del operador Ode\u00f3n Multicines, y&nbsp;<strong>13 nuevos locales.&nbsp;<\/strong>Adem\u00e1s, en la zona exterior, estar\u00e1n <strong>\u00abLos Jardines de Gran Plaza 2\u00bb&nbsp;<\/strong>que contar\u00e1 con <strong>terrazas, \u00e1reas de descanso, roc\u00f3dromo, fuentes y una zona de juegos infantiles.&nbsp;<\/strong><\/p>\n<h2>Mayor oferta comercial&nbsp;<\/h2>\n<p><script async=\"\" src=\"https:\/\/pagead2.googlesyndication.com\/pagead\/js\/adsbygoogle.js\"><\/script> <ins class=\"adsbygoogle\" style=\"display:block; text-align:center;\" data-ad-layout=\"in-article\" data-ad-format=\"fluid\" data-ad-client=\"ca-pub-7450064428034605\" data-ad-slot=\"5670045061\"><\/ins> <script>(adsbygoogle = window.adsbygoogle || []).push({});<\/script><\/p>\n<p>Esta ampliaci\u00f3n a\u00f1ade nuevas tiendas a los&nbsp;<strong>170 locales&nbsp;<\/strong>ya existentes. Pronto,&nbsp;<strong>Lefties&nbsp;<\/strong>tendr\u00e1 uno de los locales m\u00e1s grandes de la Comunidad de Madrid en&nbsp;<strong>Gran Plaza 2&nbsp;<\/strong>as\u00ed como un&nbsp;<strong>Sfera&nbsp;<\/strong>de m\u00e1s de 800 metros cuadrados.&nbsp;<\/p>\n<p>Adem\u00e1s, entre sus inauguraciones recientes est\u00e1n&nbsp;<strong>Scalpers, MANGO Teen y Kids, la Casa del Libro,&nbsp;<\/strong>entre otros. El centro comercial&nbsp;<strong>Gran Plaza 2&nbsp;<\/strong>est\u00e1 ubicado en calle de los Qu\u00edmicos 2 en Majadahonda, Madrid.&nbsp;<\/p>\n\n\n<p><\/p>\n","protected":false},"excerpt":{"rendered":"<p>Estar\u00e1 lista a principios del 2023. <\/p>\n","protected":false},"author":15,"featured_media":39205,"comment_status":"open","ping_status":"open","sticky":false,"template":"","format":"standard","meta":{"footnotes":""},"categories":[27],"tags":[173],"class_list":{"0":"post-39204","1":"post","2":"type-post","3":"status-publish","4":"format-standard","5":"has-post-thumbnail","7":"category-tiendas-madrid","8":"tag-centros-comerciales"},"_links":{"self":[{"href":"https:\/\/www.vidademadrid.com\/es\/wp-json\/wp\/v2\/posts\/39204","targetHints":{"allow":["GET"]}}],"collection":[{"href":"https:\/\/www.vidademadrid.com\/es\/wp-json\/wp\/v2\/posts"}],"about":[{"href":"https:\/\/www.vidademadrid.com\/es\/wp-json\/wp\/v2\/types\/post"}],"author":[{"embeddable":true,"href":"https:\/\/www.vidademadrid.com\/es\/wp-json\/wp\/v2\/users\/15"}],"replies":[{"embeddable":true,"href":"https:\/\/www.vidademadrid.com\/es\/wp-json\/wp\/v2\/comments?post=39204"}],"version-history":[{"count":3,"href":"https:\/\/www.vidademadrid.com\/es\/wp-json\/wp\/v2\/posts\/39204\/revisions"}],"predecessor-version":[{"id":39213,"href":"https:\/\/www.vidademadrid.com\/es\/wp-json\/wp\/v2\/posts\/39204\/revisions\/39213"}],"wp:featuredmedia":[{"embeddable":true,"href":"https:\/\/www.vidademadrid.com\/es\/wp-json\/wp\/v2\/media\/39205"}],"wp:attachment":[{"href":"https:\/\/www.vidademadrid.com\/es\/wp-json\/wp\/v2\/media?parent=39204"}],"wp:term":[{"taxonomy":"category","embeddable":true,"href":"https:\/\/www.vidademadrid.com\/es\/wp-json\/wp\/v2\/categories?post=39204"},{"taxonomy":"post_tag","embeddable":true,"href":"https:\/\/www.vidademadrid.com\/es\/wp-json\/wp\/v2\/tags?post=39204"}],"curies":[{"name":"wp","href":"https:\/\/api.w.org\/{rel}","templated":true}]}}