{"id":39097,"date":"2022-01-20T12:15:42","date_gmt":"2022-01-20T11:15:42","guid":{"rendered":"https:\/\/www.vidademadrid.com\/es\/?p=39097"},"modified":"2022-01-20T12:40:07","modified_gmt":"2022-01-20T11:40:07","slug":"apertura-estacion-valdesqui-nieve-forfait-parking-2022","status":"publish","type":"post","link":"https:\/\/www.vidademadrid.com\/es\/39097\/apertura-estacion-valdesqui-nieve-forfait-parking-2022\/","title":{"rendered":"Reabre parcialmente la estaci\u00f3n de  Valdesqu\u00ed"},"content":{"rendered":"<p>Este\u00a0<strong>jueves 20 de enero\u00a0<\/strong>abre parcialmente, tras la \u00abproducci\u00f3n de nieve\u00bb, la <strong>estaci\u00f3n de Valdesqu\u00ed\u00a0<\/strong>y contar\u00e1 con 1,5 kil\u00f3metros de pista esquiables. Sigue leyendo este art\u00edculo para conocer toda la informaci\u00f3n.\u00a0<\/p>\n<h2>Novedades de Valdesqu\u00ed para esta temporada<\/h2>\n<p><script async=\"\" src=\"https:\/\/pagead2.googlesyndication.com\/pagead\/js\/adsbygoogle.js\"><\/script> <ins class=\"adsbygoogle\" style=\"display: block;\" data-ad-format=\"fluid\" data-ad-layout-key=\"-7f+eo+1+2-5\" data-ad-client=\"ca-pub-7450064428034605\" data-ad-slot=\"7327027071\"><\/ins><script>(adsbygoogle = window.adsbygoogle || []).push({});<\/script><\/p>\n<p>Con la apertura parcial de la estaci\u00f3n, tambi\u00e9n se ha anunciado el\u00a0<strong>precio \u00fanico de 22 euros\u00a0<\/strong>para las pistas de\u00a0<strong>La Pradera\u00a0<\/strong>y la\u00a0<strong>Escuela I y II<\/strong> que suman 1,5 kil\u00f3metros de pista. El aforo es limitado y se ha habilitado una <a href=\"https:\/\/tienda.valdesqui.es\/es\/\">tienda virtual<\/a> para la\u00a0<strong>reserva de parking\u00a0<\/strong>de forma\u00a0<strong>gratuita. <\/strong><\/p>\n<h2>Protocolo Covid-19<\/h2>\n<p><script async=\"\" src=\"https:\/\/pagead2.googlesyndication.com\/pagead\/js\/adsbygoogle.js\"><\/script> <ins class=\"adsbygoogle\" style=\"display: block; text-align: center;\" data-ad-layout=\"in-article\" data-ad-format=\"fluid\" data-ad-client=\"ca-pub-7450064428034605\" data-ad-slot=\"5670045061\"><\/ins> <script>(adsbygoogle = window.adsbygoogle || []).push({});<\/script><\/p>\n<p>Para garantizar la seguridad de todos, se han dado a conocer las medidas de seguridad para la estaci\u00f3n de Valdesqu\u00ed. La\u00a0<strong>mascarilla es obligatoria\u00a0<\/strong>en todas las instalaciones, se pide el uso de\u00a0<strong>gel hidroalcoh\u00f3lico\u00a0<\/strong>y el respeto de la <strong>distancia de seguridad.\u00a0<\/strong><\/p>\n<p>As\u00ed mismo, se prioriza el\u00a0<strong>pago con tarjeta<\/strong> y se han cambiado los accesos, la\u00a0<strong>entrada\u00a0<\/strong>ser\u00e1 por la puerta grande la zona de garages y la\u00a0<strong>salida\u00a0<\/strong>ser\u00e1 por el lugar habitual, aunque despu\u00e9s de las 16 h tambi\u00e9n se podr\u00e1 salir por la zona de garages.\u00a0<\/p>\n<p>\u00a0<\/p>\n\n\n<p><\/p>\n","protected":false},"excerpt":{"rendered":"<p>Cuenta com 1,5 km. de pista esquiable <\/p>\n","protected":false},"author":15,"featured_media":39098,"comment_status":"open","ping_status":"open","sticky":false,"template":"","format":"standard","meta":{"footnotes":""},"categories":[25,101],"tags":[],"class_list":{"0":"post-39097","1":"post","2":"type-post","3":"status-publish","4":"format-standard","5":"has-post-thumbnail","7":"category-escapadas-desde-madrid","8":"category-ferias-fiestas-mercados-madrid"},"_links":{"self":[{"href":"https:\/\/www.vidademadrid.com\/es\/wp-json\/wp\/v2\/posts\/39097","targetHints":{"allow":["GET"]}}],"collection":[{"href":"https:\/\/www.vidademadrid.com\/es\/wp-json\/wp\/v2\/posts"}],"about":[{"href":"https:\/\/www.vidademadrid.com\/es\/wp-json\/wp\/v2\/types\/post"}],"author":[{"embeddable":true,"href":"https:\/\/www.vidademadrid.com\/es\/wp-json\/wp\/v2\/users\/15"}],"replies":[{"embeddable":true,"href":"https:\/\/www.vidademadrid.com\/es\/wp-json\/wp\/v2\/comments?post=39097"}],"version-history":[{"count":2,"href":"https:\/\/www.vidademadrid.com\/es\/wp-json\/wp\/v2\/posts\/39097\/revisions"}],"predecessor-version":[{"id":39100,"href":"https:\/\/www.vidademadrid.com\/es\/wp-json\/wp\/v2\/posts\/39097\/revisions\/39100"}],"wp:featuredmedia":[{"embeddable":true,"href":"https:\/\/www.vidademadrid.com\/es\/wp-json\/wp\/v2\/media\/39098"}],"wp:attachment":[{"href":"https:\/\/www.vidademadrid.com\/es\/wp-json\/wp\/v2\/media?parent=39097"}],"wp:term":[{"taxonomy":"category","embeddable":true,"href":"https:\/\/www.vidademadrid.com\/es\/wp-json\/wp\/v2\/categories?post=39097"},{"taxonomy":"post_tag","embeddable":true,"href":"https:\/\/www.vidademadrid.com\/es\/wp-json\/wp\/v2\/tags?post=39097"}],"curies":[{"name":"wp","href":"https:\/\/api.w.org\/{rel}","templated":true}]}}