{"id":39053,"date":"2022-01-19T10:49:30","date_gmt":"2022-01-19T09:49:30","guid":{"rendered":"https:\/\/www.vidademadrid.com\/es\/?p=39053"},"modified":"2022-01-19T17:00:30","modified_gmt":"2022-01-19T16:00:30","slug":"mural-caribeno-estacion-santo-domingo-metro-de-madrid","status":"publish","type":"post","link":"https:\/\/www.vidademadrid.com\/es\/39053\/mural-caribeno-estacion-santo-domingo-metro-de-madrid\/","title":{"rendered":"La estaci\u00f3n de Metro de Santo Domingo se llena de iconograf\u00eda caribe\u00f1a"},"content":{"rendered":"<p>Un&nbsp;<strong>mural&nbsp;<\/strong>que muestra la m\u00fasica, las playas y naturaleza de <strong>Rep\u00fablica Dominicana&nbsp;<\/strong>decora la estaci\u00f3n de Metro de <strong>Santo Domingo, <\/strong>que pertenece a la l\u00ednea 2, en marco de la celebraci\u00f3n de FITUR. Sigue leyendo este art\u00edculo para conocer toda la informaci\u00f3n<\/p>\n<h2>Un mural para conocer Rep\u00fablica Dominicana&nbsp;<\/h2>\n<p><script async=\"\" src=\"https:\/\/pagead2.googlesyndication.com\/pagead\/js\/adsbygoogle.js\"><\/script> <ins class=\"adsbygoogle\" style=\"display:block\" data-ad-format=\"fluid\" data-ad-layout-key=\"-7f+eo+1+2-5\" data-ad-client=\"ca-pub-7450064428034605\" data-ad-slot=\"7327027071\"><\/ins><script>(adsbygoogle = window.adsbygoogle || []).push({});<\/script><\/p>\n<p>Un <strong>mural<\/strong> de 18 metros de largo por 1,74 de ancho decora la estaci\u00f3n de Metro de&nbsp;<strong>Santo Domingo&nbsp;<\/strong>y est\u00e1 realizada en spray y pintura de base acr\u00edlica. El mural fue realizado por la <strong>artista dominicana Wanda Cortorreal,&nbsp;<\/strong>en el que muestra la m\u00fasica, playas, flora y fauna de Rep\u00fablica Dominicana. El mural se ha ejecutado durante 7 d\u00edas en la misma estaci\u00f3n por un equipo de seis personas.<\/p>\n<p>El mural fue <strong>inaugurado<\/strong> por el consejero de Transportes e Infraestructuras de la Comunidad de Madrid, David P\u00e9rez, y el embajador de Rep\u00fablica Dominicana en Espa\u00f1a, Juan Bol\u00edvar D\u00edaz Santana.&nbsp;&nbsp;<\/p>\n<h2>Rep\u00fablica Dominicana como Socio FITUR&nbsp;<\/h2>\n<p><script async=\"\" src=\"https:\/\/pagead2.googlesyndication.com\/pagead\/js\/adsbygoogle.js\"><\/script> <ins class=\"adsbygoogle\" style=\"display:block; text-align:center;\" data-ad-layout=\"in-article\" data-ad-format=\"fluid\" data-ad-client=\"ca-pub-7450064428034605\" data-ad-slot=\"5670045061\"><\/ins> <script>(adsbygoogle = window.adsbygoogle || []).push({});<\/script><\/p>\n<p>La realizaci\u00f3n de este mural en la estaci\u00f3n de Santo Domingo se enmarca en la celebraci\u00f3n de la&nbsp;<strong>Feria Internacional del Turismo&nbsp;<\/strong>(<a href=\"https:\/\/www.vidademadrid.com\/es\/38814\/fitur-2022-entradas-fechas-horarios-madrid\/\">FITUR 2022<\/a>) en la que <strong>Rep\u00fablica Dominicana <\/strong>tiene un protagonismo oficial como <strong>Socio FITUR<\/strong>.&nbsp;&nbsp;<\/p>\n<p>La Embajada de la Rep\u00fablica Dominicana ha sido la que ha elegido esta estaci\u00f3n de Metro para llevar a cabo esta acci\u00f3n, con el objetivo de acercar <strong>la cultura y el arte&nbsp;<\/strong>de este pa\u00eds a los usuarios de Metro.&nbsp;<\/p>\n\n\n<p><\/p>\n","protected":false},"excerpt":{"rendered":"<p>En el marco de la celebraci\u00f3n de FITUR <\/p>\n","protected":false},"author":15,"featured_media":39054,"comment_status":"open","ping_status":"open","sticky":false,"template":"","format":"standard","meta":{"footnotes":""},"categories":[12,111],"tags":[],"class_list":{"0":"post-39053","1":"post","2":"type-post","3":"status-publish","4":"format-standard","5":"has-post-thumbnail","7":"category-actualidad-noticias-madrid","8":"category-exposiciones-madrid"},"_links":{"self":[{"href":"https:\/\/www.vidademadrid.com\/es\/wp-json\/wp\/v2\/posts\/39053","targetHints":{"allow":["GET"]}}],"collection":[{"href":"https:\/\/www.vidademadrid.com\/es\/wp-json\/wp\/v2\/posts"}],"about":[{"href":"https:\/\/www.vidademadrid.com\/es\/wp-json\/wp\/v2\/types\/post"}],"author":[{"embeddable":true,"href":"https:\/\/www.vidademadrid.com\/es\/wp-json\/wp\/v2\/users\/15"}],"replies":[{"embeddable":true,"href":"https:\/\/www.vidademadrid.com\/es\/wp-json\/wp\/v2\/comments?post=39053"}],"version-history":[{"count":2,"href":"https:\/\/www.vidademadrid.com\/es\/wp-json\/wp\/v2\/posts\/39053\/revisions"}],"predecessor-version":[{"id":39062,"href":"https:\/\/www.vidademadrid.com\/es\/wp-json\/wp\/v2\/posts\/39053\/revisions\/39062"}],"wp:featuredmedia":[{"embeddable":true,"href":"https:\/\/www.vidademadrid.com\/es\/wp-json\/wp\/v2\/media\/39054"}],"wp:attachment":[{"href":"https:\/\/www.vidademadrid.com\/es\/wp-json\/wp\/v2\/media?parent=39053"}],"wp:term":[{"taxonomy":"category","embeddable":true,"href":"https:\/\/www.vidademadrid.com\/es\/wp-json\/wp\/v2\/categories?post=39053"},{"taxonomy":"post_tag","embeddable":true,"href":"https:\/\/www.vidademadrid.com\/es\/wp-json\/wp\/v2\/tags?post=39053"}],"curies":[{"name":"wp","href":"https:\/\/api.w.org\/{rel}","templated":true}]}}