{"id":39029,"date":"2022-01-18T11:53:17","date_gmt":"2022-01-18T10:53:17","guid":{"rendered":"https:\/\/www.vidademadrid.com\/es\/?p=39029"},"modified":"2022-02-15T14:37:31","modified_gmt":"2022-02-15T13:37:31","slug":"exposicion-arturo-soria-museo-historia-madrid-entradas-horarios","status":"publish","type":"post","link":"https:\/\/www.vidademadrid.com\/es\/39029\/exposicion-arturo-soria-museo-historia-madrid-entradas-horarios\/","title":{"rendered":"La vida y obra de Arturo Soria llega al Museo de Historia: nueva exposici\u00f3n gratuita"},"content":{"rendered":"<p>Una exposici\u00f3n que repasa la\u00a0<strong>vida y obra de Arturo Soria\u00a0<\/strong>llega al <strong>Museo de Historia de Madrid.\u00a0<\/strong>El urbanista madrile\u00f1o fue impulsor de <strong>Ciudad Lineal\u00a0<\/strong>y su desarrollo profesional incluye trabajos como periodista y pol\u00edtico. Sigue leyendo este art\u00edculo para conocer toda la informaci\u00f3n.\u00a0<\/p>\n<h2>La vida de Arturo Soria\u00a0<\/h2>\n<p><script async=\"\" src=\"https:\/\/pagead2.googlesyndication.com\/pagead\/js\/adsbygoogle.js\"><\/script> <ins class=\"adsbygoogle\" style=\"display: block;\" data-ad-format=\"fluid\" data-ad-layout-key=\"-7f+eo+1+2-5\" data-ad-client=\"ca-pub-7450064428034605\" data-ad-slot=\"7327027071\"><\/ins><script>(adsbygoogle = window.adsbygoogle || []).push({});<\/script><\/p>\n<p>Arturo Soria naci\u00f3 en Madrid en 1844 y fue periodista, pol\u00edtico y urbanista en en 1863 se integr\u00f3 al\u00a0<strong>Cuerpo de Tel\u00e9grafos.\u00a0<\/strong>Colabor\u00f3 contra el gobierno mon\u00e1rquico y tras el triunfo de la Revoluci\u00f3n de 1868 fue designado como\u00a0<strong>Secretario del Gobierno Civil\u00a0<\/strong>en L\u00e9rida y Orense. Al final de la\u00a0<strong>primera revoluci\u00f3n\u00a0<\/strong>abandon\u00f3 su vida pol\u00edtica.\u00a0<\/p>\n<p>Colabor\u00f3 en el diario\u00a0<strong>El Progreso\u00a0<\/strong>y en 1882 public\u00f3 un art\u00edculo titulado\u00a0<em>Cosas de Madrid\u00a0<\/em>donde daba claves sobre lo que se convertir\u00eda en\u00a0<strong>Ciudad Lineal.\u00a0<\/strong>En 1894 cre\u00f3 la\u00a0<strong>Compa\u00f1\u00eda Madrile\u00f1a de Urbanizaci\u00f3n\u00a0<\/strong>de la que fue director hasta su fallecimiento en 1920.\u00a0<\/p>\n<h2>Horarios y ubicaci\u00f3n de la exposici\u00f3n\u00a0<\/h2>\n<p><script async=\"\" src=\"https:\/\/pagead2.googlesyndication.com\/pagead\/js\/adsbygoogle.js\"><\/script> <ins class=\"adsbygoogle\" style=\"display: block; text-align: center;\" data-ad-layout=\"in-article\" data-ad-format=\"fluid\" data-ad-client=\"ca-pub-7450064428034605\" data-ad-slot=\"5670045061\"><\/ins> <script>(adsbygoogle = window.adsbygoogle || []).push({});<\/script><\/p>\n<p>La exposici\u00f3n <em><strong>\u00abArturo Soria. Una mente poli\u00e9drica. 1844-1920\u00bb<\/strong><\/em> se encuentra en el <strong>Museo de Historia de Madrid\u00a0<\/strong>(Metro Tribunal) desde la la <strong>segunda quincena de febrero 2022<\/strong>. Estaba programada desde el 20 de enero al 27 de febrero, pero ha sido aplazada debido a la actual situaci\u00f3n sanitaria. <strong>Finalmente se inaugurar\u00e1 el 25 de febrero.<\/strong><\/p>\n<p>El horario en el que podr\u00e1s visitar la exposici\u00f3n es de <strong>martes a domingo\u00a0<\/strong>de las\u00a0<strong>10 a 20 h<\/strong> y la entrada es <strong>gratuita<\/strong>. Los lunes la exposici\u00f3n permanecer\u00e1\u00a0<strong>cerrada.\u00a0<\/strong><\/p>\n\n\n<p><\/p>\n","protected":false},"excerpt":{"rendered":"<p>El urbanista madrile\u00f1o fue impulsor de Ciudad Lineal\u00a0<\/p>\n","protected":false},"author":15,"featured_media":39030,"comment_status":"open","ping_status":"open","sticky":false,"template":"","format":"standard","meta":{"footnotes":""},"categories":[111],"tags":[],"class_list":{"0":"post-39029","1":"post","2":"type-post","3":"status-publish","4":"format-standard","5":"has-post-thumbnail","7":"category-exposiciones-madrid"},"_links":{"self":[{"href":"https:\/\/www.vidademadrid.com\/es\/wp-json\/wp\/v2\/posts\/39029","targetHints":{"allow":["GET"]}}],"collection":[{"href":"https:\/\/www.vidademadrid.com\/es\/wp-json\/wp\/v2\/posts"}],"about":[{"href":"https:\/\/www.vidademadrid.com\/es\/wp-json\/wp\/v2\/types\/post"}],"author":[{"embeddable":true,"href":"https:\/\/www.vidademadrid.com\/es\/wp-json\/wp\/v2\/users\/15"}],"replies":[{"embeddable":true,"href":"https:\/\/www.vidademadrid.com\/es\/wp-json\/wp\/v2\/comments?post=39029"}],"version-history":[{"count":5,"href":"https:\/\/www.vidademadrid.com\/es\/wp-json\/wp\/v2\/posts\/39029\/revisions"}],"predecessor-version":[{"id":39930,"href":"https:\/\/www.vidademadrid.com\/es\/wp-json\/wp\/v2\/posts\/39029\/revisions\/39930"}],"wp:featuredmedia":[{"embeddable":true,"href":"https:\/\/www.vidademadrid.com\/es\/wp-json\/wp\/v2\/media\/39030"}],"wp:attachment":[{"href":"https:\/\/www.vidademadrid.com\/es\/wp-json\/wp\/v2\/media?parent=39029"}],"wp:term":[{"taxonomy":"category","embeddable":true,"href":"https:\/\/www.vidademadrid.com\/es\/wp-json\/wp\/v2\/categories?post=39029"},{"taxonomy":"post_tag","embeddable":true,"href":"https:\/\/www.vidademadrid.com\/es\/wp-json\/wp\/v2\/tags?post=39029"}],"curies":[{"name":"wp","href":"https:\/\/api.w.org\/{rel}","templated":true}]}}