{"id":38974,"date":"2022-01-17T10:59:06","date_gmt":"2022-01-17T09:59:06","guid":{"rendered":"https:\/\/www.vidademadrid.com\/es\/?p=38974"},"modified":"2022-01-17T17:05:45","modified_gmt":"2022-01-17T16:05:45","slug":"exposicion-auschwitz-madrid-2022-seeing-auschwitz-entradas","status":"publish","type":"post","link":"https:\/\/www.vidademadrid.com\/es\/38974\/exposicion-auschwitz-madrid-2022-seeing-auschwitz-entradas\/","title":{"rendered":"Una colecci\u00f3n de fotograf\u00edas de Auschwitz llega a Madrid: nueva exposici\u00f3n gratuita"},"content":{"rendered":"<p>Un recorrido visual por el <strong>campo de concentraci\u00f3n de Auschwitz<\/strong> llega a Madrid en la exposici\u00f3n gratuita <strong>\u00ab<em>Seeing Auschwitz<\/em>\u00bb.<\/strong>&nbsp;Una<strong> serie de fotograf\u00edas<\/strong> de la vida dentro del campo y las personas que se encontraban en \u00e9l as\u00ed como de la vida previa y liberaci\u00f3n del mismo. Conoce aqu\u00ed toda la informaci\u00f3n.&nbsp;<\/p>\n<h2>Retratos y vida cotidiana de Auschwitz<\/h2><script async=\"\" src=\"https:\/\/pagead2.googlesyndication.com\/pagead\/js\/adsbygoogle.js\"><\/script> <ins class=\"adsbygoogle\" style=\"display:block\" data-ad-format=\"fluid\" data-ad-layout-key=\"-7f+eo+1+2-5\" data-ad-client=\"ca-pub-7450064428034605\" data-ad-slot=\"7327027071\"><\/ins><script>(adsbygoogle = window.adsbygoogle || []).push({});<\/script>\n\n<p>M\u00e1s de un mill\u00f3n de personas, en su mayor\u00eda jud\u00edas, fueron asesinadas durante la<strong> Segunda Guerra Mundial<\/strong>, en el mayor centro de exterminio operado la Alemania Nazi, <strong>Auschwitz&nbsp;<\/strong>entre 1940 y 1945.<\/p>\n<p>La exposici\u00f3n <strong>\u00ab<em>Seeing Auschwitz<\/em>\u00bb&nbsp;<\/strong>re\u00fane <strong>fotograf\u00edas tomadas en Auschwitz<\/strong> que presentan el proceso de exterminio sistem\u00e1tico, desde la llegada de los deportados hasta su incineraci\u00f3n. Estas fotograf\u00edas incluyen&nbsp;<strong>retratos de prisioneros&nbsp;<\/strong>e&nbsp;<strong>im\u00e1genes de la vida cotidiana&nbsp;<\/strong>de los oficiales que dirigieron el campo.&nbsp;<\/p>\n<p>Adem\u00e1s, se incluyen fotograf\u00edas que ilustran c\u00f3mo era la&nbsp;<strong>vida previa&nbsp;<\/strong>a la Sh\u00f3a, el t\u00e9rmino hebreo para referirse al holocausto, en las comunidades jud\u00edas. Tambi\u00e9n, la&nbsp;<strong>liberaci\u00f3n del campo<\/strong> de Auschwitz y las&nbsp;<strong>atrocidades del Tercer Reich&nbsp;<\/strong>durante este tiempo.&nbsp;<\/p>\n<p><strong>\u00ab<em>Seeing Auschwitz<\/em>\u00bb&nbsp;<\/strong>es una exposici\u00f3n organizada por el&nbsp;<strong>Centro Sefarad-Israel&nbsp;<\/strong>y&nbsp;<strong>Musealia&nbsp;<\/strong>junto con el Museo Auschwitz-Birkenau, la ONU y UNESCO as\u00ed como la Comunidad de Madrid, la Embajada de Alemania y Estados Unidos, el Ayuntamiento de Madrid y el Foro Cultural de Austria.&nbsp;<\/p>\n<h2>Seeing Auschwitz: horarios&nbsp;<\/h2><script async=\"\" src=\"https:\/\/pagead2.googlesyndication.com\/pagead\/js\/adsbygoogle.js\"><\/script> <ins class=\"adsbygoogle\" style=\"display:block; text-align:center;\" data-ad-layout=\"in-article\" data-ad-format=\"fluid\" data-ad-client=\"ca-pub-7450064428034605\" data-ad-slot=\"5670045061\"><\/ins> <script>(adsbygoogle = window.adsbygoogle || []).push({});<\/script>\n\n<p>La exposici\u00f3n es en el&nbsp;<strong>Centro Sefard-Israel&nbsp;<\/strong>ubicado en la Calle Mayor 69 y se podr\u00e1 visitar del 25 de enero al 15 de julio del 2022. Los horarios son de <strong>lunes a viernes&nbsp;<\/strong>de 10:30 a 14:30 y de 16:30 a las 20 h, los<strong> s\u00e1bados<\/strong> el horario es de 10 a 14 h y los domingos la exposici\u00f3n permanecer\u00e1 cerrada. La entrada a la exposici\u00f3n es&nbsp;<strong>gratuita.&nbsp;<\/strong><\/p>\n\n\n<p><\/p>\n","protected":false},"excerpt":{"rendered":"<p>Con retratos y escenas de la vida cotidiana. <\/p>\n","protected":false},"author":15,"featured_media":38975,"comment_status":"open","ping_status":"open","sticky":false,"template":"","format":"standard","meta":{"footnotes":""},"categories":[111,119],"tags":[],"class_list":{"0":"post-38974","1":"post","2":"type-post","3":"status-publish","4":"format-standard","5":"has-post-thumbnail","7":"category-exposiciones-madrid","8":"category-portada"},"_links":{"self":[{"href":"https:\/\/www.vidademadrid.com\/es\/wp-json\/wp\/v2\/posts\/38974","targetHints":{"allow":["GET"]}}],"collection":[{"href":"https:\/\/www.vidademadrid.com\/es\/wp-json\/wp\/v2\/posts"}],"about":[{"href":"https:\/\/www.vidademadrid.com\/es\/wp-json\/wp\/v2\/types\/post"}],"author":[{"embeddable":true,"href":"https:\/\/www.vidademadrid.com\/es\/wp-json\/wp\/v2\/users\/15"}],"replies":[{"embeddable":true,"href":"https:\/\/www.vidademadrid.com\/es\/wp-json\/wp\/v2\/comments?post=38974"}],"version-history":[{"count":6,"href":"https:\/\/www.vidademadrid.com\/es\/wp-json\/wp\/v2\/posts\/38974\/revisions"}],"predecessor-version":[{"id":39011,"href":"https:\/\/www.vidademadrid.com\/es\/wp-json\/wp\/v2\/posts\/38974\/revisions\/39011"}],"wp:featuredmedia":[{"embeddable":true,"href":"https:\/\/www.vidademadrid.com\/es\/wp-json\/wp\/v2\/media\/38975"}],"wp:attachment":[{"href":"https:\/\/www.vidademadrid.com\/es\/wp-json\/wp\/v2\/media?parent=38974"}],"wp:term":[{"taxonomy":"category","embeddable":true,"href":"https:\/\/www.vidademadrid.com\/es\/wp-json\/wp\/v2\/categories?post=38974"},{"taxonomy":"post_tag","embeddable":true,"href":"https:\/\/www.vidademadrid.com\/es\/wp-json\/wp\/v2\/tags?post=38974"}],"curies":[{"name":"wp","href":"https:\/\/api.w.org\/{rel}","templated":true}]}}