{"id":38491,"date":"2021-12-27T13:34:58","date_gmt":"2021-12-27T12:34:58","guid":{"rendered":"https:\/\/www.vidademadrid.com\/es\/?p=38491"},"modified":"2021-12-27T13:35:29","modified_gmt":"2021-12-27T12:35:29","slug":"bomba-aviacion-boadilla-monte-video-detonacion","status":"publish","type":"post","link":"https:\/\/www.vidademadrid.com\/es\/38491\/bomba-aviacion-boadilla-monte-video-detonacion\/","title":{"rendered":"Encuentran bomba de aviaci\u00f3n en Boadilla del Norte &#8211; V\u00eddeo"},"content":{"rendered":"\n<p>Una <strong>bomba de aviaci\u00f3n SD-50<\/strong>, de origen alem\u00e1n y com\u00fanmente utilizada durante la Guerra Civil espa\u00f1ola, fue hallada en<strong> Boadilla del Monte<\/strong> por operarios de excavaci\u00f3n. Al lugar se trasladaron agentes de la Guardia Civil que, junto a la Polic\u00eda de Boadilla, aislaron la zona y procedieron a trasladar y destruir el artefacto de 55 kilos de forma controlada.<\/p>\n\n\n\n<h2 class=\"wp-block-heading\">V\u00eddeo: as\u00ed han detonado la bomba<\/h2>\n\n\n\n<script async src=\"https:\/\/pagead2.googlesyndication.com\/pagead\/js\/adsbygoogle.js\"><\/script> <ins class=\"adsbygoogle\"  style=\"display:block\" data-ad-format=\"fluid\" data-ad-layout-key=\"-7f+eo+1+2-5\" data-ad-client=\"ca-pub-7450064428034605\" data-ad-slot=\"7327027071\"><\/ins><script>(adsbygoogle = window.adsbygoogle || []).push({});<\/script>\n\n\n\n\n<figure class=\"wp-block-embed is-type-rich is-provider-twitter wp-block-embed-twitter\"><div class=\"wp-block-embed__wrapper\">\n<blockquote class=\"twitter-tweet\" data-width=\"550\" data-dnt=\"true\"><p lang=\"es\" dir=\"ltr\">??La <a href=\"https:\/\/twitter.com\/guardiacivil?ref_src=twsrc%5Etfw\">@guardiacivil<\/a> y <a href=\"https:\/\/twitter.com\/policiaboadilla?ref_src=twsrc%5Etfw\">@policiaboadilla<\/a> detonaron un artefacto de la Guerra Civil? encontrado durante los trabajos de construcci\u00f3n de una vivienda en Boadilla.<br><br>?? Su profesionalidad hizo que no sucediera nada y que lo estallaran? de forma controlada tras la Ciudad Financiera\u2b07\ufe0f <a href=\"https:\/\/t.co\/30ZfPgtfuH\">pic.twitter.com\/30ZfPgtfuH<\/a><\/p>&mdash; Ayuntamiento de Boadilla del Monte (@Ayto_Boadilla) <a href=\"https:\/\/twitter.com\/Ayto_Boadilla\/status\/1474342453805293570?ref_src=twsrc%5Etfw\">December 24, 2021<\/a><\/blockquote><script async src=\"https:\/\/platform.twitter.com\/widgets.js\" charset=\"utf-8\"><\/script>\n<\/div><\/figure>\n\n\n\n<p><\/p>\n\n\n\n<p><\/p>\n","protected":false},"excerpt":{"rendered":"<p>El artefacto fue trasladado y detonado de forma controlada.<\/p>\n","protected":false},"author":15,"featured_media":0,"comment_status":"open","ping_status":"open","sticky":false,"template":"","format":"standard","meta":{"footnotes":""},"categories":[12],"tags":[],"class_list":{"0":"post-38491","1":"post","2":"type-post","3":"status-publish","4":"format-standard","6":"category-actualidad-noticias-madrid"},"_links":{"self":[{"href":"https:\/\/www.vidademadrid.com\/es\/wp-json\/wp\/v2\/posts\/38491","targetHints":{"allow":["GET"]}}],"collection":[{"href":"https:\/\/www.vidademadrid.com\/es\/wp-json\/wp\/v2\/posts"}],"about":[{"href":"https:\/\/www.vidademadrid.com\/es\/wp-json\/wp\/v2\/types\/post"}],"author":[{"embeddable":true,"href":"https:\/\/www.vidademadrid.com\/es\/wp-json\/wp\/v2\/users\/15"}],"replies":[{"embeddable":true,"href":"https:\/\/www.vidademadrid.com\/es\/wp-json\/wp\/v2\/comments?post=38491"}],"version-history":[{"count":5,"href":"https:\/\/www.vidademadrid.com\/es\/wp-json\/wp\/v2\/posts\/38491\/revisions"}],"predecessor-version":[{"id":38527,"href":"https:\/\/www.vidademadrid.com\/es\/wp-json\/wp\/v2\/posts\/38491\/revisions\/38527"}],"wp:attachment":[{"href":"https:\/\/www.vidademadrid.com\/es\/wp-json\/wp\/v2\/media?parent=38491"}],"wp:term":[{"taxonomy":"category","embeddable":true,"href":"https:\/\/www.vidademadrid.com\/es\/wp-json\/wp\/v2\/categories?post=38491"},{"taxonomy":"post_tag","embeddable":true,"href":"https:\/\/www.vidademadrid.com\/es\/wp-json\/wp\/v2\/tags?post=38491"}],"curies":[{"name":"wp","href":"https:\/\/api.w.org\/{rel}","templated":true}]}}