{"id":38260,"date":"2021-12-16T11:03:21","date_gmt":"2021-12-16T10:03:21","guid":{"rendered":"https:\/\/www.vidademadrid.com\/es\/?p=38260"},"modified":"2021-12-16T11:03:23","modified_gmt":"2021-12-16T10:03:23","slug":"navidad-2021-cabalgata-de-reyes-2022-villaverde-madrid","status":"publish","type":"post","link":"https:\/\/www.vidademadrid.com\/es\/38260\/navidad-2021-cabalgata-de-reyes-2022-villaverde-madrid\/","title":{"rendered":"As\u00ed celebra Villaverde la Navidad y la cabalgata de Reyes de 2022"},"content":{"rendered":"<p>Un a\u00f1o m\u00e1s, <strong>Villaverde<\/strong> da la bienvenida a la Navidad con un amplio programa cultural para disfrutar de las fiestas en el distrito.<\/p>\n<p><script async=\"\" src=\"https:\/\/pagead2.googlesyndication.com\/pagead\/js\/adsbygoogle.js\"><\/script><\/p>\n<p><!-- Vertical2020 --><ins class=\"adsbygoogle\" style=\"display: block;\" data-ad-client=\"ca-pub-7450064428034605\" data-ad-slot=\"4377430105\" data-ad-format=\"auto\" data-full-width-responsive=\"true\"><\/ins><script>(adsbygoogle = window.adsbygoogle || []).push({});<\/script><\/p>\n<h2>El Tren de la Navidad de Villaverde<\/h2>\n<p><script async=\"\" src=\"https:\/\/pagead2.googlesyndication.com\/pagead\/js\/adsbygoogle.js\"><\/script> <ins class=\"adsbygoogle\" style=\"display: block;\" data-ad-format=\"fluid\" data-ad-layout-key=\"-7f+eo+1+2-5\" data-ad-client=\"ca-pub-7450064428034605\" data-ad-slot=\"7327027071\"><\/ins><script>(adsbygoogle = window.adsbygoogle || []).push({});<\/script><\/p>\n<p>M\u00fasica en directo, teatro infantil y de t\u00edteres y belenes son algunas de las propuestas que la Junta Municipal de Villaverde ha preparado para disfrutar de esta <a href=\"https:\/\/www.vidademadrid.com\/es\/tag\/navidad-en-madrid\/\">Navidad<\/a> junto con el tradicional recorrido de la cabalgata de Reyes y la novedad del Tren de la Navidad.<\/p>\n<p><strong>El Tren de la Navidad<\/strong> se pondr\u00e1 en marcha el <strong>martes 28 de diciembre en Los Rosales-Butarque<\/strong> y durante los siguientes d\u00edas circular\u00e1 por el barrio de San Crist\u00f3bal de los \u00c1ngeles, Villaverde Bajo, Colonia Marconi, Villaverde Alto, Ciudad de los \u00c1ngeles y El Espinillo.<\/p>\n<p>Este plan, pensado para todos los p\u00fablicos, pretende dar a conocer las calles de Villaverde y mostrar la variedad de recursos que se ofrecen, al tiempo que permitir\u00e1 disfrutar en familia de una divertida ruta. Su horario ser\u00e1 <strong>de 10:30 h a 13:30 h<\/strong> y <strong>de 16:00 h a 19:00 h<\/strong>, con salida cada hora.<\/p>\n<h2>M\u00fasica y luces<\/h2>\n<p>La m\u00fasica ser\u00e1 otra de las grandes protagonistas de la agenda cultural de estas celebraciones y se volver\u00e1 a celebrar el <strong>Concierto de A\u00f1o Nuevo el pr\u00f3ximo d\u00eda 1 de enero<\/strong>, a las 10:30 h, en la parroquia San Pedro Nolasco. La orquesta Martin i Soler interpretar\u00e1 un repertorio con las m\u00e1s afamadas piezas del compositor austriaco Johann Strauss.<\/p>\n<p>Ma\u00f1ana, viernes 17, tambi\u00e9n habr\u00e1 numerosas propuestas musicales: concierto g\u00f3spel en el Centro Sociocultural \u00c1gata, \u00d3pera Navide\u00f1a en el Centro Sociocultural Bohemios y el espect\u00e1culo Esperando la Navidad, dirigido al p\u00fablico infantil, en el Centro Sociocultural Santa Petronila.<\/p>\n<p>Para acompa\u00f1ar a la m\u00fasica, este a\u00f1o Villaverde brillar\u00e1 con sus 125 arcos, guirnaldas de luces y dem\u00e1s elementos ornamentales que se han instalado en las principales calles comerciales del distrito para celebrar estas fiestas e incentivar el consumo y la econom\u00eda local.<\/p>\n<h2>Cabalgata de Reyes: Horario y recorrido<\/h2>\n<p><script async=\"\" src=\"https:\/\/pagead2.googlesyndication.com\/pagead\/js\/adsbygoogle.js\"><\/script> <ins class=\"adsbygoogle\" style=\"display: block;\" data-ad-format=\"fluid\" data-ad-layout-key=\"-7f+eo+1+2-5\" data-ad-client=\"ca-pub-7450064428034605\" data-ad-slot=\"7327027071\"><\/ins><script>(adsbygoogle = window.adsbygoogle || []).push({});<\/script><\/p>\n<p>El <strong>5 de enero<\/strong>, <strong>a las 15:45 h<\/strong>, los Reyes Magos llegar\u00e1n a Villaverde para recorrer sus calles participando en una gran <strong>cabalgata<\/strong> que este a\u00f1o contar\u00e1 con nuevo itinerario.<\/p>\n<p>La comitiva real visitar\u00e1 en primer lugar la Colonia Marconi donde tendr\u00e1 lugar una recepci\u00f3n y donde los ni\u00f1os podr\u00e1n entregar sus cartas. A las 16:45, los Reyes Magos se desplazar\u00e1n hasta la junta municipal, donde se les dar\u00e1 la bienvenida y proceder\u00e1n a subirse a sus respectivas carrozas.<\/p>\n<p><strong>La salida oficial est\u00e1 prevista a las 17:00 h desde el n\u00famero 53 de la calle del Arroyo Bueno<\/strong>. Posteriormente atravesar\u00e1 algunas de las v\u00edas m\u00e1s emblem\u00e1ticas como Alcocer, Desamparados, Anoeta, avenida de Andaluc\u00eda, Rocafort, Concepci\u00f3n de la Oliva, avenida de los Rosales y Zafiro, entre otras.<\/p>\n<p>Tras un recorrido de 8,5 kil\u00f3metros por los barrios del distrito, Melchor, Gaspar y Baltasar llegar\u00e1n a la plaza de los Metales para saludar a los ni\u00f1os y recoger sus \u00faltimos deseos.<\/p>\n","protected":false},"excerpt":{"rendered":"<p>M\u00fasica en directo, teatro infantil y los recorridos del Tren de la Navidad y la Cabalgata ser\u00e1n los protagonistas<\/p>\n","protected":false},"author":10,"featured_media":0,"comment_status":"open","ping_status":"open","sticky":false,"template":"","format":"standard","meta":{"footnotes":""},"categories":[111],"tags":[143],"class_list":{"0":"post-38260","1":"post","2":"type-post","3":"status-publish","4":"format-standard","6":"category-exposiciones-madrid","7":"tag-navidad-en-madrid"},"_links":{"self":[{"href":"https:\/\/www.vidademadrid.com\/es\/wp-json\/wp\/v2\/posts\/38260","targetHints":{"allow":["GET"]}}],"collection":[{"href":"https:\/\/www.vidademadrid.com\/es\/wp-json\/wp\/v2\/posts"}],"about":[{"href":"https:\/\/www.vidademadrid.com\/es\/wp-json\/wp\/v2\/types\/post"}],"author":[{"embeddable":true,"href":"https:\/\/www.vidademadrid.com\/es\/wp-json\/wp\/v2\/users\/10"}],"replies":[{"embeddable":true,"href":"https:\/\/www.vidademadrid.com\/es\/wp-json\/wp\/v2\/comments?post=38260"}],"version-history":[{"count":4,"href":"https:\/\/www.vidademadrid.com\/es\/wp-json\/wp\/v2\/posts\/38260\/revisions"}],"predecessor-version":[{"id":38265,"href":"https:\/\/www.vidademadrid.com\/es\/wp-json\/wp\/v2\/posts\/38260\/revisions\/38265"}],"wp:attachment":[{"href":"https:\/\/www.vidademadrid.com\/es\/wp-json\/wp\/v2\/media?parent=38260"}],"wp:term":[{"taxonomy":"category","embeddable":true,"href":"https:\/\/www.vidademadrid.com\/es\/wp-json\/wp\/v2\/categories?post=38260"},{"taxonomy":"post_tag","embeddable":true,"href":"https:\/\/www.vidademadrid.com\/es\/wp-json\/wp\/v2\/tags?post=38260"}],"curies":[{"name":"wp","href":"https:\/\/api.w.org\/{rel}","templated":true}]}}