{"id":38180,"date":"2021-12-15T11:24:51","date_gmt":"2021-12-15T10:24:51","guid":{"rendered":"https:\/\/www.vidademadrid.com\/es\/?p=38180"},"modified":"2022-01-13T12:28:30","modified_gmt":"2022-01-13T11:28:30","slug":"tren-navidad-metro-madrid","status":"publish","type":"post","link":"https:\/\/www.vidademadrid.com\/es\/38180\/tren-navidad-metro-madrid\/","title":{"rendered":"Ya est\u00e1 operativo el Tren de la Navidad de Metro de Madrid"},"content":{"rendered":"\n<p><strong>Desde el d\u00eda 13 de diciembre est\u00e1 operativo el Tren de la Navidad de Metro de Madrid<\/strong>, un cl\u00e1sico de la capital en estas fechas. Ser\u00e1 todo un espect\u00e1culo ya que<strong> estar\u00e1 ambientado<\/strong> tanto por dentro como por fuera de los vagones, y viajar\u00e1n personajes navide\u00f1os acompa\u00f1ados de m\u00fasica, es una forma de acercar la <a href=\"https:\/\/www.vidademadrid.com\/es\/tag\/navidad-en-madrid\/\">Navidad <\/a>a los usuarios de Metro de Madrid. <\/p>\n\n\n\n<p>Sigue leyendo todos los detalles en este art\u00edculo, \u00a1comenzamos!<\/p>\n\n\n\n<script async=\"\" src=\"https:\/\/pagead2.googlesyndication.com\/pagead\/js\/adsbygoogle.js\"><\/script> <ins class=\"adsbygoogle\" style=\"display:block\" data-ad-format=\"fluid\" data-ad-layout-key=\"-7f+eo+1+2-5\" data-ad-client=\"ca-pub-7450064428034605\" data-ad-slot=\"7327027071\"><\/ins><script>(adsbygoogle = window.adsbygoogle || []).push({});<\/script>\n\n\n\n<h2 class=\"wp-block-heading\">Tren de la Navidad de Metro de Madrid  <\/h2>\n\n\n\n<script async=\"\" src=\"https:\/\/pagead2.googlesyndication.com\/pagead\/js\/adsbygoogle.js\"><\/script> <ins class=\"adsbygoogle\" style=\"display:block; text-align:center;\" data-ad-layout=\"in-article\" data-ad-format=\"fluid\" data-ad-client=\"ca-pub-7450064428034605\" data-ad-slot=\"5670045061\"><\/ins> <script>(adsbygoogle = window.adsbygoogle || []).push({});<\/script>\n\n\n\n<p>En la Comunidad de Madrid, las<strong> actividades navide\u00f1as no paran<\/strong>, de hecho ya ha comenzado el tradicional Tren de la Navidad de Metro de Madrid, pero en esta ocasi\u00f3n con <strong>varias novedades <\/strong>que mencionamos a continuaci\u00f3n. <\/p>\n\n\n\n<p>Una de ellas es que <strong>en esta Navidad 2021 viajar\u00e1n en su interior personajes navide\u00f1os<\/strong>, <strong>felicitar\u00e1n <\/strong>a los pasajeros<strong> las fiestas<\/strong> cuando se abran y cierren las puertas, y llevar\u00e1n consigo <strong>m\u00fasica <\/strong>en altavoces port\u00e1tiles. <\/p>\n\n\n\n<p>Asimismo, en su exterior la decoraci\u00f3n es de otro mundo, habr\u00e1 <strong>m\u00e1s de 700 metros lineales de luces led<\/strong>, se situar\u00e1n alrededor de las puertas, de las ventanas y en la parte superior. <\/p>\n\n\n\n<p><strong>El interior de los vagones tambi\u00e9n estar\u00e1 decorado y ambientado en la Navidad<\/strong>, el conjunto ser\u00e1 todo un espect\u00e1culo que sorprender\u00e1 a los viajeros de Metro de Madrid. <\/p>\n\n\n\n<p>Esta no es la primera vez que se ha vinilado el Metro de Madrid, tambi\u00e9n se ha hecho para otras celebraciones y eventos de gran importancia. <\/p>\n\n\n\n\n\n<h2 class=\"wp-block-heading\">\u00bfEn qu\u00e9 l\u00ednea estar\u00e1 el Tren de la Navidad?<\/h2>\n\n\n\n<p>Aunque el Tren de la Navidad sea toda una revoluci\u00f3n, no es posible que est\u00e9 en todas las l\u00edneas de Metro de Madrid, por lo que solo <strong>circular\u00e1 por la l\u00ednea 6 (l\u00ednea circular)<\/strong>. Est\u00e1 presente <strong>desde ayer, 13 de diciembre, hasta el 6 de enero. <\/strong><\/p>\n\n\n\n<p>Si tienes oportunidad,<strong> viaja al menos una vez en el Tren de la Navidad de Metro de Madrid<\/strong>, ser\u00e1 todo un espect\u00e1culo teniendo en cuenta las novedades con las que contar\u00e1, \u00a1no te lo puedes perder!<\/p>\n","protected":false},"excerpt":{"rendered":"<p>Hasta el 6 de enero podremos disfrutar de la aut\u00e9ntica magia que desprenden estos maravillosos vagones.<\/p>\n","protected":false},"author":6,"featured_media":38247,"comment_status":"open","ping_status":"open","sticky":false,"template":"","format":"standard","meta":{"footnotes":""},"categories":[23],"tags":[74,143],"class_list":{"0":"post-38180","1":"post","2":"type-post","3":"status-publish","4":"format-standard","5":"has-post-thumbnail","7":"category-transportes-huelgas-madrid","8":"tag-metro-de-madrid","9":"tag-navidad-en-madrid"},"_links":{"self":[{"href":"https:\/\/www.vidademadrid.com\/es\/wp-json\/wp\/v2\/posts\/38180","targetHints":{"allow":["GET"]}}],"collection":[{"href":"https:\/\/www.vidademadrid.com\/es\/wp-json\/wp\/v2\/posts"}],"about":[{"href":"https:\/\/www.vidademadrid.com\/es\/wp-json\/wp\/v2\/types\/post"}],"author":[{"embeddable":true,"href":"https:\/\/www.vidademadrid.com\/es\/wp-json\/wp\/v2\/users\/6"}],"replies":[{"embeddable":true,"href":"https:\/\/www.vidademadrid.com\/es\/wp-json\/wp\/v2\/comments?post=38180"}],"version-history":[{"count":7,"href":"https:\/\/www.vidademadrid.com\/es\/wp-json\/wp\/v2\/posts\/38180\/revisions"}],"predecessor-version":[{"id":38248,"href":"https:\/\/www.vidademadrid.com\/es\/wp-json\/wp\/v2\/posts\/38180\/revisions\/38248"}],"wp:featuredmedia":[{"embeddable":true,"href":"https:\/\/www.vidademadrid.com\/es\/wp-json\/wp\/v2\/media\/38247"}],"wp:attachment":[{"href":"https:\/\/www.vidademadrid.com\/es\/wp-json\/wp\/v2\/media?parent=38180"}],"wp:term":[{"taxonomy":"category","embeddable":true,"href":"https:\/\/www.vidademadrid.com\/es\/wp-json\/wp\/v2\/categories?post=38180"},{"taxonomy":"post_tag","embeddable":true,"href":"https:\/\/www.vidademadrid.com\/es\/wp-json\/wp\/v2\/tags?post=38180"}],"curies":[{"name":"wp","href":"https:\/\/api.w.org\/{rel}","templated":true}]}}