{"id":38169,"date":"2022-07-07T10:46:04","date_gmt":"2022-07-07T08:46:04","guid":{"rendered":"https:\/\/www.vidademadrid.com\/es\/?p=38169"},"modified":"2022-07-11T23:59:50","modified_gmt":"2022-07-11T21:59:50","slug":"fiestas-del-orgullo-madrid-2022-programa-conciertos","status":"publish","type":"post","link":"https:\/\/www.vidademadrid.com\/es\/38169\/fiestas-del-orgullo-madrid-2022-programa-conciertos\/","title":{"rendered":"Fiestas del Orgullo LGTBIQ+ 2022 en Madrid: programa, conciertos, nuevos horarios metro"},"content":{"rendered":"<p>Las&nbsp;<strong>Fiestas del Orgullo&nbsp;<\/strong>vuelven a Madrid este 2022 tras dos a\u00f1os de ausencia por la pandemia provocada por el Covid-19. Durante&nbsp;<strong>diez d\u00edas&nbsp;<\/strong>habr\u00e1 distintos eventos para celebrar el <strong>Orgullo de Madrid <\/strong>y visibilizar a este colectivo. Bajo el lema&nbsp;<strong>&#8216;Frente al odio: visibilidad, orgullo y resiliencia&#8217;&nbsp;<\/strong>se llevar\u00e1 a cabo un amplio programa de actividades. Te contamos todo en este art\u00edculo.<\/p>\n<h1>Actualizaci\u00f3n 7 de julio 2022<\/h1>\n<p>Tras la cancelaci\u00f3n las actuaciones programadas este mi\u00e9rcoles y jueves&nbsp; en la <strong>plaza del Rey,&nbsp;<\/strong>se ha anunciado la&nbsp;<strong>reubicaci\u00f3n&nbsp;<\/strong>desde el&nbsp;<strong>viernes hasta el domingo&nbsp;<\/strong>en la&nbsp;<strong>Plaza de Barcel\u00f3,&nbsp;<\/strong>los Jardines del Arquitecto Ribera. El concierto, que seguir\u00e1 llam\u00e1ndose Escenario de las Reinas, estar\u00e1 presente una <strong>refugiada rusa, una activista, una refugiada ucraniana y la Comisaria Europea de Igualdad<\/strong>.<\/p>\n<p>El escenario de&nbsp;<strong>Plaza Barcel\u00f3&nbsp;<\/strong>contar\u00e1 del&nbsp;<strong>viernes 8 al domingo 10&nbsp;<\/strong>distintas actuaciones de artistas como Brooke, Sof\u00eda Cristo DJ, Oreiana, Roberta Nikita, Roc\u00edo S\u00e1iz, Dollora, y muchos m\u00e1s.<\/p>\n<h2>Programa Plaza de Barcel\u00f3-Plaza de las Reinas<\/h2>\n<p><strong>Viernes 8 de julio:&nbsp;<\/strong><\/p>\n<ul>\n<li>20:00:&nbsp;<strong>Yoly Saa<\/strong><\/li>\n<li>20:25:&nbsp;<strong>Sweet California<\/strong><\/li>\n<li>20:50:&nbsp;<strong>Brooke (Eurovision 2022 Irlanda)<\/strong><\/li>\n<li>21:10:&nbsp;<strong>Tatiana Delalvz&nbsp;<\/strong><\/li>\n<li>21:35:&nbsp;<strong>Ni\u00f1a Lunares<\/strong><\/li>\n<li>22:00:&nbsp;<strong>Mar\u00eda Pel\u00e1e<\/strong><\/li>\n<li>23:05:&nbsp;<strong>Sof\u00eda Cristo DJ<\/strong><\/li>\n<li>0:00:&nbsp;<strong>Cierre<\/strong><\/li>\n<\/ul>\n<p><strong>S\u00e1bado 9 de julio:<\/strong><\/p>\n<ul>\n<li>20:00:&nbsp;<strong>Silvina Magari&nbsp;<\/strong><\/li>\n<li>20:20:&nbsp;<strong>Oreiana<\/strong><\/li>\n<li>20:45:&nbsp;<strong>Safree<\/strong><\/li>\n<li>21:10:&nbsp;<strong>Roberta Nikita<\/strong><\/li>\n<li>21:35:&nbsp;<strong>Blackpanda<\/strong><\/li>\n<li>22:10:&nbsp;<strong>Roc\u00edo S\u00e1iz&nbsp;<\/strong><\/li>\n<li>23:10:&nbsp;<strong>Fluide Scape Party<\/strong><\/li>\n<li>0:00:&nbsp;<strong>Cierre<\/strong><\/li>\n<\/ul>\n<p><strong>Domingo 10 de julio:&nbsp;<\/strong><\/p>\n<ul>\n<li>19:00:&nbsp;<strong>Entrega trofeos del campeonato de f\u00fatbol Fulanita de Tal&nbsp;<\/strong><\/li>\n<li>19:15:&nbsp;<strong>\u00abHot Bingo Fulanita de Tal\u00bb con Patricia Galv\u00e1n + Itziar Castro&nbsp;<\/strong><\/li>\n<li>20:00:&nbsp;<strong>Dolora<\/strong><\/li>\n<li>20:20:&nbsp;<strong>Elena Farga<\/strong><\/li>\n<li>20:40:&nbsp;<strong>Miss Bolivia<\/strong><\/li>\n<li>21:00:&nbsp;<strong>N\u00eda Correia<\/strong><\/li>\n<li>21:40:&nbsp;<strong>Cari\u00f1o<\/strong><\/li>\n<li>22:25:&nbsp;<strong>Alba Reche<\/strong><\/li>\n<li>23:00:&nbsp;<strong>Cierre<\/strong><\/li>\n<\/ul>\n<h3>Nuevos horarios Metro de Madrid<\/h3>\n<p>Hoy Metro de Madrid ha anunciado <strong>la ampliaci\u00f3n del servicio en un tramo de la L\u00ednea 5<\/strong>: los d\u00edas <strong>7, 8 y 9 de julio<\/strong> los trenes circular\u00e1n una hora m\u00e1s, es decir con salida del <strong>\u00faltimo tren a las 2.30 h<\/strong>, entre las estaciones de <strong>Ventas y Marqu\u00e9s de Vadillo<\/strong>.<\/p>\n<h1>Actualizaci\u00f3n 30 de junio 2022<\/h1>\n<h2>Programa y conciertos de las Fiestas del Orgullo 2022<\/h2>\n<p><script async=\"\" src=\"https:\/\/pagead2.googlesyndication.com\/pagead\/js\/adsbygoogle.js\"><\/script> <ins class=\"adsbygoogle\" style=\"display: block;\" data-ad-format=\"fluid\" data-ad-layout-key=\"-7f+eo+1+2-5\" data-ad-client=\"ca-pub-7450064428034605\" data-ad-slot=\"7327027071\"><\/ins><script>(adsbygoogle = window.adsbygoogle || []).push({});<\/script><\/p>\n<p>Tras dos a\u00f1os, el&nbsp;<strong>Orgullo de Madrid&nbsp;<\/strong>vuelve este 2022 con una agenda que llenar\u00e1 las calles de la ciudad del&nbsp;<strong>1 al 10 de julio. <\/strong>Bajo el lema &#8216;<strong>Frente al odio: visibilidad, orgullo y resiliencia<\/strong>&#8216;, durante diez d\u00edas se llevar\u00e1n a cabo distintas actividades para celebrar las&nbsp;<strong>Fiestas del Orgullo 2022.<\/strong> Te contamos todas las actividades:<\/p>\n<ul>\n<li><strong>1 de julio:&nbsp;<\/strong>Comienza el&nbsp;<strong>Chueca&#8217;s Pride,&nbsp;<\/strong>el Orgullo de Barrio con actos y eventos en&nbsp;distintos locales de&nbsp;<strong>Chueca.&nbsp;<\/strong><\/li>\n<li><strong>3 de julio:&nbsp;<\/strong>La plaza de&nbsp;<strong>Pedro Zerolo&nbsp;<\/strong>acoger\u00e1 un eventos para los <strong>animalistas y comprometidos con los derechos de los animales<\/strong>. Bajo el lema &#8216;Adopta, Apadrina, Colabora&#8217;, habr\u00e1 un mercadillo solidario, photocall y un desfile de mascotas adoptadas a las&nbsp;<strong>19 horas.&nbsp;<\/strong><\/li>\n<li><strong>6 de julio:&nbsp;<\/strong>Vuelve el&nbsp;<strong>preg\u00f3n&nbsp;<\/strong>que dar\u00e1 salida a las&nbsp;<strong>Fiestas del Orgullo. La pregonera de este a\u00f1o es Chanel Terrero<\/strong>, la gran protagonista de Eurovision 2022<strong>. <\/strong>Tambi\u00e9n estar\u00e1n algunas de las <em>drags&nbsp;<\/em>m\u00e1s reconocidas como&nbsp;La Plexy, Nacha la Macha, la Hungara, Diossa&nbsp;y m\u00e1s. El preg\u00f3n ser\u00e1 en la <strong>plaza Pedro Zerolo a las 20 horas. El programa completo del preg\u00f3n<br \/>\n<a href=\"https:\/\/www.vidademadrid.com\/es\/wp-content\/uploads\/2022\/06\/foto_01826.jpg\"><img loading=\"lazy\" decoding=\"async\" class=\"aligncenter size-full wp-image-43378\" src=\"https:\/\/www.vidademadrid.com\/es\/wp-content\/uploads\/2022\/06\/foto_01826.jpg\" alt=\"\" width=\"250\" height=\"463\" srcset=\"https:\/\/www.vidademadrid.com\/es\/wp-content\/uploads\/2022\/06\/foto_01826.jpg 250w, https:\/\/www.vidademadrid.com\/es\/wp-content\/uploads\/2022\/06\/foto_01826-162x300.jpg 162w, https:\/\/www.vidademadrid.com\/es\/wp-content\/uploads\/2022\/06\/foto_01826-227x420.jpg 227w\" sizes=\"auto, (max-width: 250px) 100vw, 250px\" \/><\/a><\/strong><\/li>\n<li><strong>6 de julio<\/strong> en la <strong>Plaza del Rey<\/strong>:<br \/>\n<a href=\"https:\/\/www.vidademadrid.com\/es\/wp-content\/uploads\/2022\/06\/foto_01830.jpg\"><img loading=\"lazy\" decoding=\"async\" class=\"aligncenter size-full wp-image-43383\" src=\"https:\/\/www.vidademadrid.com\/es\/wp-content\/uploads\/2022\/06\/foto_01830.jpg\" alt=\"\" width=\"210\" height=\"192\"><\/a><\/li>\n<li><strong>Del 6 al 9 de julio en el escenario de Callao:<\/strong><br \/>\n<a href=\"https:\/\/www.vidademadrid.com\/es\/wp-content\/uploads\/2022\/06\/foto_01836.jpg\"><img loading=\"lazy\" decoding=\"async\" class=\"aligncenter size-full wp-image-43388\" src=\"https:\/\/www.vidademadrid.com\/es\/wp-content\/uploads\/2022\/06\/foto_01836.jpg\" alt=\"\" width=\"1042\" height=\"715\" srcset=\"https:\/\/www.vidademadrid.com\/es\/wp-content\/uploads\/2022\/06\/foto_01836.jpg 1042w, https:\/\/www.vidademadrid.com\/es\/wp-content\/uploads\/2022\/06\/foto_01836-300x206.jpg 300w, https:\/\/www.vidademadrid.com\/es\/wp-content\/uploads\/2022\/06\/foto_01836-1024x703.jpg 1024w, https:\/\/www.vidademadrid.com\/es\/wp-content\/uploads\/2022\/06\/foto_01836-768x527.jpg 768w, https:\/\/www.vidademadrid.com\/es\/wp-content\/uploads\/2022\/06\/foto_01836-218x150.jpg 218w, https:\/\/www.vidademadrid.com\/es\/wp-content\/uploads\/2022\/06\/foto_01836-696x478.jpg 696w, https:\/\/www.vidademadrid.com\/es\/wp-content\/uploads\/2022\/06\/foto_01836-612x420.jpg 612w, https:\/\/www.vidademadrid.com\/es\/wp-content\/uploads\/2022\/06\/foto_01836-100x70.jpg 100w\" sizes=\"auto, (max-width: 1042px) 100vw, 1042px\" \/><\/a><\/li>\n<li><strong>Del 7 al 10 de julio en el escenario de Plaza de Espa\u00f1a \u00abOrgullo de Madrid\u00bb<\/strong>:<br \/>\n<a href=\"https:\/\/www.vidademadrid.com\/es\/wp-content\/uploads\/2022\/06\/foto_01837.jpg\"><img loading=\"lazy\" decoding=\"async\" class=\"aligncenter size-full wp-image-43389\" src=\"https:\/\/www.vidademadrid.com\/es\/wp-content\/uploads\/2022\/06\/foto_01837.jpg\" alt=\"\" width=\"1013\" height=\"717\" srcset=\"https:\/\/www.vidademadrid.com\/es\/wp-content\/uploads\/2022\/06\/foto_01837.jpg 1013w, https:\/\/www.vidademadrid.com\/es\/wp-content\/uploads\/2022\/06\/foto_01837-300x212.jpg 300w, https:\/\/www.vidademadrid.com\/es\/wp-content\/uploads\/2022\/06\/foto_01837-768x544.jpg 768w, https:\/\/www.vidademadrid.com\/es\/wp-content\/uploads\/2022\/06\/foto_01837-696x493.jpg 696w, https:\/\/www.vidademadrid.com\/es\/wp-content\/uploads\/2022\/06\/foto_01837-593x420.jpg 593w, https:\/\/www.vidademadrid.com\/es\/wp-content\/uploads\/2022\/06\/foto_01837-100x70.jpg 100w\" sizes=\"auto, (max-width: 1013px) 100vw, 1013px\" \/><\/a><\/li>\n<li><strong>7 de julio: <\/strong>Se llevar\u00e1 a cabo la tradicional <strong>Carrera de Tacones<\/strong> que consiste en una prueba deportivo-festiva que consiste en acabar el recorrido sobre plataformas de hasta <strong>15 cent\u00edmetros de altura, <\/strong>este evento ser\u00e1 en la <strong>calle Pelayo a las 18 horas.&nbsp;<\/strong><\/li>\n<li><strong>7 de julio<\/strong>: en <strong>Plaza de Pedro Zerolo<\/strong> el Festival \u00abOrgullo 2000\u00bb, con la siguiente programaci\u00f3n:<br \/>\n<a href=\"https:\/\/www.vidademadrid.com\/es\/wp-content\/uploads\/2022\/06\/foto_01827.jpg\"><img loading=\"lazy\" decoding=\"async\" class=\"aligncenter size-full wp-image-43380\" src=\"https:\/\/www.vidademadrid.com\/es\/wp-content\/uploads\/2022\/06\/foto_01827.jpg\" alt=\"\" width=\"227\" height=\"298\"><\/a><\/li>\n<li><strong>7 de julio<\/strong> en <strong>Plaza del Rey<\/strong>:<br \/>\n<a href=\"https:\/\/www.vidademadrid.com\/es\/wp-content\/uploads\/2022\/06\/foto_01832.jpg\"><img loading=\"lazy\" decoding=\"async\" class=\"aligncenter size-full wp-image-43384\" src=\"https:\/\/www.vidademadrid.com\/es\/wp-content\/uploads\/2022\/06\/foto_01832.jpg\" alt=\"\" width=\"231\" height=\"200\"><\/a><\/li>\n<li><strong>8 de julio: <\/strong>A partir de las 20 horas ser\u00e1 la 15\u00ba edici\u00f3n del certamen <strong>Mr. Gay Espa\u00f1a<\/strong>, en el ecenario de Plaza de Espa\u00f1a<strong>. <\/strong>A las 20.00 la pregala: Javier Penedo y Andrea S\u00e1nchez de los 40 Classic presentar\u00e1n a Abraham Mateo, L\u00e9rica, Leo Rizzi y Dj de los 40, con la participaci\u00f3n especial de Tony Aguilar. &nbsp;La gala final (a las 22.00) donde se elegir\u00e1 el <strong>Mr. Gay Espa\u00f1a 2022&nbsp;<\/strong>ser\u00e1 presentado por&nbsp;<strong>Luj\u00e1n Arg\u00fcelles&nbsp;<\/strong>y&nbsp;<strong>Omar Suarez.&nbsp; <\/strong>El certamen contar\u00e1 con la participaci\u00f3n especial de <strong>Isabel Pantoja<\/strong> y las actuaciones de <strong>Cristina Ramos, Mirela, WRS y Suri Dj.<\/strong><\/li>\n<li>Este d\u00eda tambi\u00e9n ser\u00e1 el <strong>Madrid Summit,&nbsp;<\/strong>la&nbsp;<strong>Conferencia Internacional de Derechos Humanos&nbsp;<\/strong>que se llevar\u00e1 a cabo en las Oficinas del Parlamento Europeo y la Comisi\u00f3n Europea en Espa\u00f1a y se podr\u00e1 asistir de manera presencial u online.<\/li>\n<li>8 de julio, escenario de Plaza Pedro Zerolo:<br \/>\n<a href=\"https:\/\/www.vidademadrid.com\/es\/wp-content\/uploads\/2022\/06\/foto_01828.jpg\"><img loading=\"lazy\" decoding=\"async\" class=\"aligncenter size-full wp-image-43381\" src=\"https:\/\/www.vidademadrid.com\/es\/wp-content\/uploads\/2022\/06\/foto_01828.jpg\" alt=\"\" width=\"246\" height=\"138\"><\/a><\/li>\n<li>8 de julio, Plaza del Rey:<br \/>\n<a href=\"https:\/\/www.vidademadrid.com\/es\/wp-content\/uploads\/2022\/06\/foto_01833.jpg\"><img loading=\"lazy\" decoding=\"async\" class=\"aligncenter size-full wp-image-43385\" src=\"https:\/\/www.vidademadrid.com\/es\/wp-content\/uploads\/2022\/06\/foto_01833.jpg\" alt=\"\" width=\"219\" height=\"207\"><\/a><\/li>\n<li><strong>9 de julio: Manifestaci\u00f3n estatal,&nbsp;<\/strong>saldr\u00e1 de la&nbsp;<strong>glorieta de Carlos V <\/strong>a las <strong>19 horas <\/strong>y finalizar\u00e1 en la&nbsp;<strong>plaza de Col\u00f3n.&nbsp;<\/strong><\/li>\n<li>9 de julio, escenario Plaza Pedro Zerolo:<br \/>\n<a href=\"https:\/\/www.vidademadrid.com\/es\/wp-content\/uploads\/2022\/06\/foto_01829.jpg\"><img loading=\"lazy\" decoding=\"async\" class=\"aligncenter size-full wp-image-43382\" src=\"https:\/\/www.vidademadrid.com\/es\/wp-content\/uploads\/2022\/06\/foto_01829.jpg\" alt=\"\" width=\"236\" height=\"120\"><\/a><\/li>\n<li>9 de julio, Plaza del Rey:<br \/>\n<a href=\"https:\/\/www.vidademadrid.com\/es\/wp-content\/uploads\/2022\/06\/foto_01834.jpg\"><img loading=\"lazy\" decoding=\"async\" class=\"aligncenter size-full wp-image-43386\" src=\"https:\/\/www.vidademadrid.com\/es\/wp-content\/uploads\/2022\/06\/foto_01834.jpg\" alt=\"\" width=\"235\" height=\"198\"><\/a><\/li>\n<li><strong>10 de julio:&nbsp;<\/strong>Ceremonia de clausura de las&nbsp;<strong>Fiestas del Orgullo 2022&nbsp;<\/strong>en&nbsp;<strong><strong>Plaza de Espa\u00f1a <\/strong><\/strong>(tambi\u00e9n en directo en La 2 de TVE, presentada por Julia Varela y Paco Tom\u00e1s). Con las&nbsp;actuaciones de Dana International, Conchita Wurst, Jamala, WRS, Brooke, Barei, Daniela Vega, Filipe Catto, Esteman, Cissy, Sole\u00e1 Morente, Eduardo Casanova , Manuel Li\u00f1an, Mar\u00eda Aguado y el elenco de \u00abMalinche\u00bb. Tambi\u00e9n estar\u00e1n Agoney, Ricky Merino, Levi D\u00edaz, Luna Ki, Daniel Tejera. Homenaje&nbsp; a Raffaella Carr\u00e1 y a Mar\u00eda Mendiola de Baccara.<\/li>\n<li>10 de julio, Plaza del Rey:<br \/>\n<a href=\"https:\/\/www.vidademadrid.com\/es\/wp-content\/uploads\/2022\/06\/foto_01835.jpg\"><img loading=\"lazy\" decoding=\"async\" class=\"aligncenter size-full wp-image-43387\" src=\"https:\/\/www.vidademadrid.com\/es\/wp-content\/uploads\/2022\/06\/foto_01835.jpg\" alt=\"\" width=\"247\" height=\"208\"><\/a><\/li>\n<\/ul>\n<p><script async=\"\" src=\"https:\/\/pagead2.googlesyndication.com\/pagead\/js\/adsbygoogle.js\"><\/script> <ins class=\"adsbygoogle\" style=\"display: block; text-align: center;\" data-ad-layout=\"in-article\" data-ad-format=\"fluid\" data-ad-client=\"ca-pub-7450064428034605\" data-ad-slot=\"5670045061\"><\/ins> <script>(adsbygoogle = window.adsbygoogle || []).push({});<\/script><\/p>\n<figure id=\"attachment_43295\" aria-describedby=\"caption-attachment-43295\" style=\"width: 800px\" class=\"wp-caption alignnone\"><a href=\"https:\/\/www.vidademadrid.com\/es\/wp-content\/uploads\/2022\/03\/Cartel-Artistasv7-web.jpeg\"><img loading=\"lazy\" decoding=\"async\" class=\"size-full wp-image-43295\" src=\"https:\/\/www.vidademadrid.com\/es\/wp-content\/uploads\/2022\/03\/Cartel-Artistasv7-web.jpeg\" alt=\"\" width=\"800\" height=\"1131\" srcset=\"https:\/\/www.vidademadrid.com\/es\/wp-content\/uploads\/2022\/03\/Cartel-Artistasv7-web.jpeg 800w, https:\/\/www.vidademadrid.com\/es\/wp-content\/uploads\/2022\/03\/Cartel-Artistasv7-web-212x300.jpeg 212w, https:\/\/www.vidademadrid.com\/es\/wp-content\/uploads\/2022\/03\/Cartel-Artistasv7-web-724x1024.jpeg 724w, https:\/\/www.vidademadrid.com\/es\/wp-content\/uploads\/2022\/03\/Cartel-Artistasv7-web-768x1086.jpeg 768w, https:\/\/www.vidademadrid.com\/es\/wp-content\/uploads\/2022\/03\/Cartel-Artistasv7-web-696x984.jpeg 696w, https:\/\/www.vidademadrid.com\/es\/wp-content\/uploads\/2022\/03\/Cartel-Artistasv7-web-297x420.jpeg 297w\" sizes=\"auto, (max-width: 800px) 100vw, 800px\" \/><\/a><figcaption id=\"caption-attachment-43295\" class=\"wp-caption-text\">Foto: MADO&#8217;22<\/figcaption><\/figure>\n<h1>Actualizaci\u00f3n 31 de marzo 2022<\/h1>\n<p>Este a\u00f1o, el&nbsp;<strong>Orgullo LGTBI&nbsp;<\/strong>tendr\u00e1 un amplio programa de actividades culturales, conciertos y actos conmemorativos durante diez d\u00edas, incluyendo la manifestaci\u00f3n que recorrer\u00e1 Madrid.<\/p>\n<h2>Vuelven las Fiestas del Orgullo<\/h2>\n<p>En su primera edici\u00f3n, tras el par\u00f3n por la pandemia del coronavirus, <strong>Madrid Orgullo 2022 <\/strong>(MADO) estar\u00e1 enmarcado en las celebraciones que la <strong>Asociaci\u00f3n Europea de Organizadores de Orgullo&nbsp;<\/strong>(EPOA) ha preparado con motivo del 30 aniversario del <strong>primer EuroPride, <\/strong>celebrado en Londres en 1992.<\/p>\n<p>Por eso, se ha preparado una agenda coordinada de actos que se desarrollar\u00e1n por todo el continente, incluyendo uno de sus eventos m\u00e1s sobresalientes en Madrid.<\/p>\n<h2>Programa Fiestas del Orgullo 2022<\/h2>\n<p>Las fiestas del&nbsp;<strong>Orgullo LGTBI&nbsp;<\/strong>se celebrar\u00e1n <strong>del 1 al 10 de julio<\/strong> con un programa que incluye&nbsp;actividades culturales, conciertos, actos conmemorativos y la manifestaci\u00f3n estatal que recorrer\u00e1 Madrid el <strong>9 de julio<\/strong>.<\/p>\n<p>El tradicional preg\u00f3n en la&nbsp;<strong>Plaza Pedro Zerolo <\/strong>tendr\u00e1 lugar el mi\u00e9rcoles <strong>6 de julio <\/strong>como pistoletazo de salida para los actos de celebraci\u00f3n. El domingo 10 de julio, tras la manifestaci\u00f3n, ser\u00e1 la <strong>clausura del Madrid Orgullo 2022. <\/strong><\/p>\n<h1>Art\u00edculo del 14 de diciembre 2021<\/h1>\n<h2>Fiestas del Orgullo en 2022<\/h2>\n<p>Tras el impacto generado por el paso de la pandemia del Covid-19, Madrid est\u00e1 viviendo un importante impulso tur\u00edstico que continuar\u00e1 en 2022 con nuevos y grandes eventos que situar\u00e1n a la capital como uno de los destinos de referencia de Europa y del mundo.<\/p>\n<p>Una de las fechas m\u00e1s se\u00f1aladas que volver\u00e1 a celebrarse el pr\u00f3ximo a\u00f1o, son las <strong>fiestas del Orgullo<\/strong>, una cita imprescindible para miles de personas. Para 2022, se espera que todo haya vuelto a la normalidad y que la fiesta vuelva a Chueca con un programa cultural, reivindicativo y de ocio.<\/p>\n<h2>Celebraci\u00f3n tras la pandemia<\/h2>\n<p>Las celebraciones del Orgullo comienzan todos los a\u00f1os <strong>a finales de junio<\/strong> (el 28 es el D\u00eda Internacional del Orgullo) y se prolongan una semana con un amplio programa de actividades reivindicativas, culturales, deportivas y l\u00fadicas que tienen su d\u00eda grande la tarde del primer s\u00e1bado de julio con la gran<strong> manifestaci\u00f3n estatal<\/strong>, el momento cumbre de las fiestas.<\/p>\n<p>Otras de las actividades imprescindibles de estas fechas son la Carrera del Orgullo por la Diversidad, el Madrid Summit, el certamen Mr. Gay Pride Espa\u00f1a y la popular carrera de tacones. Adem\u00e1s, tambi\u00e9n se organizan conciertos y espect\u00e1culos gratuitos y se lleva a cabo la lectura del preg\u00f3n por una personalidad vinculada al colectivo.<\/p>\n","protected":false},"excerpt":{"rendered":"<p>Durante diez d\u00edas habr\u00e1 actividades en distintos puntos de Madrid. <\/p>\n","protected":false},"author":15,"featured_media":43315,"comment_status":"open","ping_status":"open","sticky":false,"template":"","format":"standard","meta":{"footnotes":""},"categories":[11,111],"tags":[],"class_list":{"0":"post-38169","1":"post","2":"type-post","3":"status-publish","4":"format-standard","5":"has-post-thumbnail","7":"category-eventos-madrid","8":"category-exposiciones-madrid"},"_links":{"self":[{"href":"https:\/\/www.vidademadrid.com\/es\/wp-json\/wp\/v2\/posts\/38169","targetHints":{"allow":["GET"]}}],"collection":[{"href":"https:\/\/www.vidademadrid.com\/es\/wp-json\/wp\/v2\/posts"}],"about":[{"href":"https:\/\/www.vidademadrid.com\/es\/wp-json\/wp\/v2\/types\/post"}],"author":[{"embeddable":true,"href":"https:\/\/www.vidademadrid.com\/es\/wp-json\/wp\/v2\/users\/15"}],"replies":[{"embeddable":true,"href":"https:\/\/www.vidademadrid.com\/es\/wp-json\/wp\/v2\/comments?post=38169"}],"version-history":[{"count":21,"href":"https:\/\/www.vidademadrid.com\/es\/wp-json\/wp\/v2\/posts\/38169\/revisions"}],"predecessor-version":[{"id":43573,"href":"https:\/\/www.vidademadrid.com\/es\/wp-json\/wp\/v2\/posts\/38169\/revisions\/43573"}],"wp:featuredmedia":[{"embeddable":true,"href":"https:\/\/www.vidademadrid.com\/es\/wp-json\/wp\/v2\/media\/43315"}],"wp:attachment":[{"href":"https:\/\/www.vidademadrid.com\/es\/wp-json\/wp\/v2\/media?parent=38169"}],"wp:term":[{"taxonomy":"category","embeddable":true,"href":"https:\/\/www.vidademadrid.com\/es\/wp-json\/wp\/v2\/categories?post=38169"},{"taxonomy":"post_tag","embeddable":true,"href":"https:\/\/www.vidademadrid.com\/es\/wp-json\/wp\/v2\/tags?post=38169"}],"curies":[{"name":"wp","href":"https:\/\/api.w.org\/{rel}","templated":true}]}}