{"id":3813,"date":"2016-06-25T19:49:59","date_gmt":"2016-06-25T17:49:59","guid":{"rendered":"http:\/\/www.vidademadrid.com\/es\/?p=3813"},"modified":"2016-06-25T19:55:27","modified_gmt":"2016-06-25T17:55:27","slug":"huelga-madrid-julio-2016","status":"publish","type":"post","link":"https:\/\/www.vidademadrid.com\/es\/3813\/huelga-madrid-julio-2016\/","title":{"rendered":"Huelgas Madrid julio 2016: info metro, cercan\u00edas Renfe, L\u00ednea Madrid"},"content":{"rendered":"<p>En esta p\u00e1gina, que ser\u00e1 actualizada durante todo el mes, os voy a dar toda la info sobre los estados de los servicios, huelgas, paros, etc. sobre Metro de Madrid, cercan\u00edas Renfe, autobuses Emt, L\u00ednea Madrid, etc.<\/p>\n<p>Por cada actualizaci\u00f3n voy a indicar web oficial o fuente y la fecha de la noticia. Os recomiendo siempre de consultar las fuentes oficiales para estar al d\u00eda de modificaciones, huelgas desconvocadas etc. (que tambi\u00e9n pondr\u00e9 aqu\u00ed).<\/p>\n<p><span style=\"color:brown\">Enlaces directos &#8211; pincha para info huelgas en: <\/font><br \/>\n<script async src=\"\/\/pagead2.googlesyndication.com\/pagead\/js\/adsbygoogle.js\"><\/script> <!-- Vida vertical --> <ins class=\"adsbygoogle\" style=\"display:inline-block;width:300px;height:600px\" data-ad-client=\"ca-pub-7450064428034605\" data-ad-slot=\"7296098777\"><\/ins> <script> (adsbygoogle = window.adsbygoogle || []).push({}); <\/script> <\/p>\n<p><a href=\"#metro\">metro<\/a>, <a href=\"#cercanias-renfe\">cercan\u00edas Renfe<\/a>, <a href=\"#mas\">m\u00e1s<\/a>.<\/p>\n<h2  id=\"metro\">Huelga metro Madrid julio 2016<\/h2>\n<p><script async src=\"\/\/pagead2.googlesyndication.com\/pagead\/js\/adsbygoogle.js\"><\/script> <!-- Vida vertical --> <ins class=\"adsbygoogle\" style=\"display:inline-block;width:300px;height:600px\" data-ad-client=\"ca-pub-7450064428034605\" data-ad-slot=\"7296098777\"><\/ins> <script> (adsbygoogle = window.adsbygoogle || []).push({}); <\/script> <\/p>\n<p>De momento no hay huelgas previstas en julio 2016 en Metro Madrid. Ha habido muchos d\u00edas de huelgas con paros parciales en junio, pero nada en programa en julio. Cuidado pero a lo que <a href=\"http:\/\/www.elmundo.es\/madrid\/2016\/06\/24\/576c0d06e2704e750d8b45b0.html\" target=\"_blank\">se lee en El Mundo<\/a>:<\/p>\n<blockquote><p>\u00abSi no hay un acuerdo no descartamos convocar nuevos paros. Llevamos unas semanas pero las movilizaciones no tienen l\u00edmite de tiempo\u00bb, asegura Ricardo Andr\u00e9s, secretario general del Sindicato del Colectivo de Maquinistas de Metro (SCMM). De convocar nuevos paros, estos tendr\u00edan que realizarse a partir del mes de julio ya que la ley no permite convocarlos con menos de diez d\u00edas de antelaci\u00f3n.<\/p><\/blockquote>\n<h2>Cierre L\u00ednea 1 metro Madrid julio 2016<\/h2>\n<p>S\u00ed habr\u00e1 <a href=\"http:\/\/www.vidademadrid.com\/es\/2075\/metro-madrid-linea-1-cierre-mayo-junio-julio-agosto-septiembre-2016\/\" target=\"_blank\">el cierre de L\u00ednea 1 de Metro Madrid<\/a> por obras (133 d\u00edas), pero de momento no hay fecha de comienzo obras.<\/p>\n<h2  id=\"cercanias-renfe\">Huelgas cercan\u00edas Renfe Madrid julio 2016<\/h2>\n<p>No hay huelgas en programa.<br \/>\nDesconvocada la huelga del 1 julio 2016: servicio regular.<\/p>\n<p><a href=\"http:\/\/web02.renfe.es\/u13\/MTR\/UltimaHora.nsf\/Leer%20Noticia%203A?OpenAgent&#038;id=6AC3F2A317323E52C1257FDC002F369D\" target=\"_blank\">Aqu\u00ed<\/a> los nuevos horarios Cercan\u00edas Madrid Renfe en el mes de julio<\/p>\n<h2 id=\"mas\">Huelga Samur Madrid julio 2016<\/h2>\n<p>Huelga el 30 junio y 1, 2 y 3 julio 2016 de 18.00 a 20.00 horas. <a href=\"http:\/\/www.elmundo.es\/madrid\/2016\/06\/20\/576822ee46163ffe218b456f.html\" target=\"_blank\">M\u00e1s info<\/a><\/p>\n<h2>Huelga L\u00ednea Madrid y Agencia Tributaria  julio 2016<\/h2>\n<p>Paros parciales para los trabajadores de L\u00ednea Madrid y la Agencia Tributaria: 28-29-30 junio 2016 y 1 julio 2016 (de 11 a 14 horas). <a href=\"http:\/\/madridpress.com\/not\/206483\/ccoo-convoca-paros-parciales-en-linea-madrid-y-agencia-tributaria-\/\" target=\"_blank\">M\u00e1s info<\/a><\/p>\n<p>Foto: Vida de MAdrid<\/p>\n","protected":false},"excerpt":{"rendered":"<p>Estado del servicio&#8230;<\/p>\n","protected":false},"author":1,"featured_media":3814,"comment_status":"open","ping_status":"open","sticky":false,"template":"","format":"standard","meta":{"footnotes":""},"categories":[12,23],"tags":[],"class_list":{"0":"post-3813","1":"post","2":"type-post","3":"status-publish","4":"format-standard","5":"has-post-thumbnail","7":"category-actualidad-noticias-madrid","8":"category-transportes-huelgas-madrid"},"_links":{"self":[{"href":"https:\/\/www.vidademadrid.com\/es\/wp-json\/wp\/v2\/posts\/3813","targetHints":{"allow":["GET"]}}],"collection":[{"href":"https:\/\/www.vidademadrid.com\/es\/wp-json\/wp\/v2\/posts"}],"about":[{"href":"https:\/\/www.vidademadrid.com\/es\/wp-json\/wp\/v2\/types\/post"}],"author":[{"embeddable":true,"href":"https:\/\/www.vidademadrid.com\/es\/wp-json\/wp\/v2\/users\/1"}],"replies":[{"embeddable":true,"href":"https:\/\/www.vidademadrid.com\/es\/wp-json\/wp\/v2\/comments?post=3813"}],"version-history":[{"count":11,"href":"https:\/\/www.vidademadrid.com\/es\/wp-json\/wp\/v2\/posts\/3813\/revisions"}],"predecessor-version":[{"id":3824,"href":"https:\/\/www.vidademadrid.com\/es\/wp-json\/wp\/v2\/posts\/3813\/revisions\/3824"}],"wp:featuredmedia":[{"embeddable":true,"href":"https:\/\/www.vidademadrid.com\/es\/wp-json\/wp\/v2\/media\/3814"}],"wp:attachment":[{"href":"https:\/\/www.vidademadrid.com\/es\/wp-json\/wp\/v2\/media?parent=3813"}],"wp:term":[{"taxonomy":"category","embeddable":true,"href":"https:\/\/www.vidademadrid.com\/es\/wp-json\/wp\/v2\/categories?post=3813"},{"taxonomy":"post_tag","embeddable":true,"href":"https:\/\/www.vidademadrid.com\/es\/wp-json\/wp\/v2\/tags?post=3813"}],"curies":[{"name":"wp","href":"https:\/\/api.w.org\/{rel}","templated":true}]}}