{"id":37618,"date":"2021-11-24T22:42:08","date_gmt":"2021-11-24T21:42:08","guid":{"rendered":"https:\/\/www.vidademadrid.com\/es\/?p=37618"},"modified":"2021-11-24T23:01:57","modified_gmt":"2021-11-24T22:01:57","slug":"vuelve-menina-gigante-navidad-madrid-2021","status":"publish","type":"post","link":"https:\/\/www.vidademadrid.com\/es\/37618\/vuelve-menina-gigante-navidad-madrid-2021\/","title":{"rendered":"Vuelve la Menina gigante a Madrid esta Navidad 2021 (en una nueva ubicaci\u00f3n)"},"content":{"rendered":"\n<p><strong>Vuelve la Menina gigante a Madrid esta Navidad 2021.<\/strong> Hace un tiempo que Madrid tiene en diversos puntos diferentes Meninas caracterizadas por personas con reconocimiento p\u00fablico en varias \u00e1reas, como influencers, actrices o actores. Adem\u00e1s, <strong>el a\u00f1o pasado se dise\u00f1\u00f3 una Menina especial para la Navidad, y este a\u00f1o vuelve a decorar la capital.<\/strong><\/p>\n\n\n\n<p>Si quieres conocer todos los detalles y novedades de la Menina gigante especial de la Navidad, \u00a1no te pierdas este art\u00edculo!<\/p>\n\n\n\n<h2 class=\"wp-block-heading\">Menina gigante en Madrid esta Navidad 2021<\/h2>\n\n\n\n<script async=\"\" src=\"https:\/\/pagead2.googlesyndication.com\/pagead\/js\/adsbygoogle.js\"><\/script> <ins class=\"adsbygoogle\" style=\"display:block\" data-ad-format=\"fluid\" data-ad-layout-key=\"-7f+eo+1+2-5\" data-ad-client=\"ca-pub-7450064428034605\" data-ad-slot=\"7327027071\"><\/ins><script>(adsbygoogle = window.adsbygoogle || []).push({});<\/script>\n\n\n\n<p>Ya est\u00e1 lista la Menina gigante en Madrid para esta<a href=\"https:\/\/www.vidademadrid.com\/es\/tag\/navidad-en-madrid\/\"> Navidad 2021<\/a>. La menina luminosa fue la gran novedad del a\u00f1o pasado en la Plaza de Col\u00f3n, ahora ha vuelto en una nueva ubicaci\u00f3n.<\/p>\n\n\n\n<p>El creador de la Menina es <strong>Andr\u00e9s Sard\u00e1<\/strong>, y su dise\u00f1o consta de una estructura de aluminio con m\u00e1s de 37.500 luces Led, cuyas medidas son 10 metros de altura, 5 metros de fondo y 7,5 metros de anchura. Asimismo, incluye en su estructura lentejuelas, bolas y diamantes de pl\u00e1stico transl\u00facido. El color plata ser\u00e1 el principal. Debido a todo ello, el peso de la menina ascende a 1,3 toneladas. <\/p>\n\n\n\n<h2 class=\"wp-block-heading\">Nueva ubicaci\u00f3n de la Menina gigante de la Navidad 2021<\/h2>\n\n\n\n<script async=\"\" src=\"https:\/\/pagead2.googlesyndication.com\/pagead\/js\/adsbygoogle.js\"><\/script> <ins class=\"adsbygoogle\" style=\"display:block; text-align:center;\" data-ad-layout=\"in-article\" data-ad-format=\"fluid\" data-ad-client=\"ca-pub-7450064428034605\" data-ad-slot=\"5670045061\"><\/ins> <script>(adsbygoogle = window.adsbygoogle || []).push({});<\/script>\n\n\n\n<p>Esta Navidad Madrid vuelve a contar con la impresionante Menina gigante llena de luces y brillos que coronar\u00e1 la ciudad las pr\u00f3ximas fiestas, pero en este caso <strong>la novedad que posee es su emplazamiento. <\/strong><\/p>\n\n\n\n<p>Existe una <strong>nueva ubicaci\u00f3n de la Menina gigante de la Navidad 2021<\/strong>, ya que el a\u00f1o pasado se situaba en la Plaza Col\u00f3n (donde este a\u00f1o est\u00e1 el <strong><a href=\"https:\/\/www.vidademadrid.com\/es\/37012\/abeto-bandera-navidad-2021-plaza-de-colon-madrid\/\">abeto-bandera de Espa\u00f1a<\/a><\/strong>). Este a\u00f1o la Menina gigante se ubicar\u00e1 en el<strong> Paseo del Prado, entre Cibeles y Neptuno. <\/strong><\/p>\n\n\n\n<script async=\"\" src=\"https:\/\/pagead2.googlesyndication.com\/pagead\/js\/adsbygoogle.js\"><\/script> <!-- Vertical2020 --><ins class=\"adsbygoogle\" style=\"display:block\" data-ad-client=\"ca-pub-7450064428034605\" data-ad-slot=\"4377430105\" data-ad-format=\"auto\" data-full-width-responsive=\"true\"><\/ins><script>(adsbygoogle = window.adsbygoogle || []).push({});<\/script>\n\n\n\n<p>La Navidad ya est\u00e1 aqu\u00ed y la capital est\u00e1 preparada para el encendido este viernes, no faltar\u00e1 la<strong> Menina gigante que vuelve esta Navidad 2021<\/strong>.<\/p>\n","protected":false},"excerpt":{"rendered":"<p>Podremos volver a visualizar esta preciosa estructura pero en una nueva ubicaci\u00f3n. <\/p>\n","protected":false},"author":6,"featured_media":37625,"comment_status":"open","ping_status":"open","sticky":false,"template":"","format":"standard","meta":{"footnotes":""},"categories":[101,3],"tags":[143],"class_list":{"0":"post-37618","1":"post","2":"type-post","3":"status-publish","4":"format-standard","5":"has-post-thumbnail","7":"category-ferias-fiestas-mercados-madrid","8":"category-visita-madrid","9":"tag-navidad-en-madrid"},"_links":{"self":[{"href":"https:\/\/www.vidademadrid.com\/es\/wp-json\/wp\/v2\/posts\/37618","targetHints":{"allow":["GET"]}}],"collection":[{"href":"https:\/\/www.vidademadrid.com\/es\/wp-json\/wp\/v2\/posts"}],"about":[{"href":"https:\/\/www.vidademadrid.com\/es\/wp-json\/wp\/v2\/types\/post"}],"author":[{"embeddable":true,"href":"https:\/\/www.vidademadrid.com\/es\/wp-json\/wp\/v2\/users\/6"}],"replies":[{"embeddable":true,"href":"https:\/\/www.vidademadrid.com\/es\/wp-json\/wp\/v2\/comments?post=37618"}],"version-history":[{"count":10,"href":"https:\/\/www.vidademadrid.com\/es\/wp-json\/wp\/v2\/posts\/37618\/revisions"}],"predecessor-version":[{"id":37630,"href":"https:\/\/www.vidademadrid.com\/es\/wp-json\/wp\/v2\/posts\/37618\/revisions\/37630"}],"wp:featuredmedia":[{"embeddable":true,"href":"https:\/\/www.vidademadrid.com\/es\/wp-json\/wp\/v2\/media\/37625"}],"wp:attachment":[{"href":"https:\/\/www.vidademadrid.com\/es\/wp-json\/wp\/v2\/media?parent=37618"}],"wp:term":[{"taxonomy":"category","embeddable":true,"href":"https:\/\/www.vidademadrid.com\/es\/wp-json\/wp\/v2\/categories?post=37618"},{"taxonomy":"post_tag","embeddable":true,"href":"https:\/\/www.vidademadrid.com\/es\/wp-json\/wp\/v2\/tags?post=37618"}],"curies":[{"name":"wp","href":"https:\/\/api.w.org\/{rel}","templated":true}]}}