{"id":37543,"date":"2021-11-22T17:31:11","date_gmt":"2021-11-22T16:31:11","guid":{"rendered":"https:\/\/www.vidademadrid.com\/es\/?p=37543"},"modified":"2021-11-22T17:35:14","modified_gmt":"2021-11-22T16:35:14","slug":"lemures-luces-navidad-2021-calle-fuencarral","status":"publish","type":"post","link":"https:\/\/www.vidademadrid.com\/es\/37543\/lemures-luces-navidad-2021-calle-fuencarral\/","title":{"rendered":"L\u00e9mures en las luces de Navidad 2021 en Calle Fuencarral"},"content":{"rendered":"\n<p>La iluminaci\u00f3n para estas fiestas ya est\u00e1 preparada en Madrid, pero este a\u00f1o ocurre algo muy curioso, y es que hay <strong>l\u00e9mures en las luces de Navidad 2021 en Calle Fuencarral. <\/strong><\/p>\n\n\n\n<script async src=\"https:\/\/pagead2.googlesyndication.com\/pagead\/js\/adsbygoogle.js\"><\/script> <ins class=\"adsbygoogle\" style=\"display:block; text-align:center;\" data-ad-layout=\"in-article\" data-ad-format=\"fluid\" data-ad-client=\"ca-pub-7450064428034605\" data-ad-slot=\"5670045061\"><\/ins> <script>(adsbygoogle = window.adsbygoogle || []).push({});<\/script>\n\n\n\n\n<p>Es cierto que las luces navide\u00f1as son cada vez m\u00e1s modernas, algo necesario para adaptarnos a los nuevos tiempos, pero es necesario que no se pierda la esencia y la tem\u00e1tica de la <a href=\"https:\/\/www.vidademadrid.com\/es\/tag\/navidad-en-madrid\/\">Navidad<\/a>. Es por esto \u00faltimo que ha resultado <strong>bastante sorprendente este dise\u00f1o. <\/strong><\/p>\n\n\n\n<div class=\"wp-block-image td-caption-align-https:\/\/www.vidademadrid.com\/es\/wp-content\/uploads\/2021\/11\/IMG_20211111_163817-1-scaled.jpg\"><figure class=\"aligncenter size-large is-resized\"><a href=\"https:\/\/www.vidademadrid.com\/es\/wp-content\/uploads\/2021\/11\/IMG_20211111_163817-1-scaled.jpg\"><img loading=\"lazy\" decoding=\"async\" src=\"https:\/\/www.vidademadrid.com\/es\/wp-content\/uploads\/2021\/11\/IMG_20211111_163817-1-768x1024.jpg\" alt=\"\" class=\"wp-image-37545\" width=\"372\" height=\"495\" srcset=\"https:\/\/www.vidademadrid.com\/es\/wp-content\/uploads\/2021\/11\/IMG_20211111_163817-1-768x1024.jpg 768w, https:\/\/www.vidademadrid.com\/es\/wp-content\/uploads\/2021\/11\/IMG_20211111_163817-1-225x300.jpg 225w, https:\/\/www.vidademadrid.com\/es\/wp-content\/uploads\/2021\/11\/IMG_20211111_163817-1-1152x1536.jpg 1152w, https:\/\/www.vidademadrid.com\/es\/wp-content\/uploads\/2021\/11\/IMG_20211111_163817-1-1536x2048.jpg 1536w, https:\/\/www.vidademadrid.com\/es\/wp-content\/uploads\/2021\/11\/IMG_20211111_163817-1-696x928.jpg 696w, https:\/\/www.vidademadrid.com\/es\/wp-content\/uploads\/2021\/11\/IMG_20211111_163817-1-1068x1424.jpg 1068w, https:\/\/www.vidademadrid.com\/es\/wp-content\/uploads\/2021\/11\/IMG_20211111_163817-1-scaled.jpg 1920w, https:\/\/www.vidademadrid.com\/es\/wp-content\/uploads\/2021\/11\/IMG_20211111_163817-1-315x420.jpg 315w\" sizes=\"auto, (max-width: 372px) 100vw, 372px\" \/><\/a><figcaption>Foto: Vida de Madrid<\/figcaption><\/figure><\/div>\n\n\n\n<h2 class=\"wp-block-heading\">L\u00e9mures en las luces de Navidad 2021 en Calle Fuencarral<\/h2>\n\n\n\n<p>La <strong>respuesta <\/strong>al por qu\u00e9 hay l\u00e9mures en las luces de Navidad 2021 en Calle Fuencarral <strong>no tiene resoluci\u00f3n por el momento<\/strong>, <strong>nadie sabe la raz\u00f3n por la que se ha elegido incorporar estos animales en las luces. <\/strong><\/p>\n\n\n\n<p>Es verdad que las del a\u00f1o pasado no se pueden reutilizar porque se cayeron cuando ocurri\u00f3 Filomena, la enorme nevada que ti\u00f1\u00f3 Madrid de blanco. Este a\u00f1o el dise\u00f1ador ha querido innovar a lo grande, aunque no queda muy clara la identificaci\u00f3n de los l\u00e9mures con la Navidad. <\/p>\n\n\n\n<p>Mucha gente nos <strong>pregunta por TikTok <\/strong>el por qu\u00e9 de este hecho, pero como ya hemos comentado, no sabemos nada por el momento. <\/p>\n\n\n\n<blockquote class=\"tiktok-embed\" cite=\"https:\/\/www.tiktok.com\/@vida_demadrid\/video\/7032564799531781382\" data-video-id=\"7032564799531781382\" style=\"max-width: 605px;min-width: 325px;\" > <section> <a target=\"_blank\" title=\"@vida_demadrid\" href=\"https:\/\/www.tiktok.com\/@vida_demadrid\" rel=\"noopener\">@vida_demadrid<\/a> <p>\u00bfcu\u00e1l te gusta m\u00e1s de las 5 novedades de <a title=\"navidad2021\" target=\"_blank\" href=\"https:\/\/www.tiktok.com\/tag\/navidad2021\" rel=\"noopener\">##Navidad2021<\/a> en <a title=\"madrid\" target=\"_blank\" href=\"https:\/\/www.tiktok.com\/tag\/madrid\" rel=\"noopener\">##madrid<\/a> ?<\/p> <a target=\"_blank\" title=\"\u266c Do It To It - ACRAZE\" href=\"https:\/\/www.tiktok.com\/music\/Do-It-To-It-6995755718976473089\" rel=\"noopener\">\u266c Do It To It &#8211; ACRAZE<\/a> <\/section> <\/blockquote> <script async src=\"https:\/\/www.tiktok.com\/embed.js\"><\/script>\n\n\n\n<h2 class=\"wp-block-heading\">Encendido de las luces de Navidad en Madrid<\/h2>\n\n\n\n<script async src=\"https:\/\/pagead2.googlesyndication.com\/pagead\/js\/adsbygoogle.js\"><\/script> <ins class=\"adsbygoogle\"  style=\"display:block\" data-ad-format=\"fluid\" data-ad-layout-key=\"-7f+eo+1+2-5\" data-ad-client=\"ca-pub-7450064428034605\" data-ad-slot=\"7327027071\"><\/ins><script>(adsbygoogle = window.adsbygoogle || []).push({});<\/script>\n\n\n\n\n<p>Con l\u00e9mures o no, el<strong> <a href=\"https:\/\/www.vidademadrid.com\/es\/37261\/fecha-horarios-encendido-luces-navidad-madrid-2021\/\">encendido de las luces de Navidad <\/a>en Madrid se da el pr\u00f3ximo viernes 26 de noviembre<\/strong>, mismo d\u00eda de inicio del <a href=\"http:\/\/vidademadrid.com\/tag\/black-friday\">Black Friday<\/a>. <\/p>\n\n\n\n<p>Esperemos que pronto nos cuenten cu\u00e1l es la raz\u00f3n de este dise\u00f1o que seguro que tiene una gran historia detr\u00e1s, \u00a1seguiremos informando!<\/p>\n\n\n\n<p>La Navidad ya est\u00e1 aqu\u00ed, as\u00ed que guarda un d\u00eda para que puedas ir a ver los <strong>l\u00e9mures en las luces de Navidad 2021 en Calle Fuencarral<\/strong> y el resto del centro de Madrid. <\/p>\n\n\n","protected":false},"excerpt":{"rendered":"<p>Este dise\u00f1o es uno de los temas m\u00e1s sonados en estos d\u00edas previos a la Navidad. <\/p>\n","protected":false},"author":6,"featured_media":37546,"comment_status":"open","ping_status":"open","sticky":false,"template":"","format":"standard","meta":{"footnotes":""},"categories":[101,3],"tags":[143],"class_list":{"0":"post-37543","1":"post","2":"type-post","3":"status-publish","4":"format-standard","5":"has-post-thumbnail","7":"category-ferias-fiestas-mercados-madrid","8":"category-visita-madrid","9":"tag-navidad-en-madrid"},"_links":{"self":[{"href":"https:\/\/www.vidademadrid.com\/es\/wp-json\/wp\/v2\/posts\/37543","targetHints":{"allow":["GET"]}}],"collection":[{"href":"https:\/\/www.vidademadrid.com\/es\/wp-json\/wp\/v2\/posts"}],"about":[{"href":"https:\/\/www.vidademadrid.com\/es\/wp-json\/wp\/v2\/types\/post"}],"author":[{"embeddable":true,"href":"https:\/\/www.vidademadrid.com\/es\/wp-json\/wp\/v2\/users\/6"}],"replies":[{"embeddable":true,"href":"https:\/\/www.vidademadrid.com\/es\/wp-json\/wp\/v2\/comments?post=37543"}],"version-history":[{"count":6,"href":"https:\/\/www.vidademadrid.com\/es\/wp-json\/wp\/v2\/posts\/37543\/revisions"}],"predecessor-version":[{"id":37555,"href":"https:\/\/www.vidademadrid.com\/es\/wp-json\/wp\/v2\/posts\/37543\/revisions\/37555"}],"wp:featuredmedia":[{"embeddable":true,"href":"https:\/\/www.vidademadrid.com\/es\/wp-json\/wp\/v2\/media\/37546"}],"wp:attachment":[{"href":"https:\/\/www.vidademadrid.com\/es\/wp-json\/wp\/v2\/media?parent=37543"}],"wp:term":[{"taxonomy":"category","embeddable":true,"href":"https:\/\/www.vidademadrid.com\/es\/wp-json\/wp\/v2\/categories?post=37543"},{"taxonomy":"post_tag","embeddable":true,"href":"https:\/\/www.vidademadrid.com\/es\/wp-json\/wp\/v2\/tags?post=37543"}],"curies":[{"name":"wp","href":"https:\/\/api.w.org\/{rel}","templated":true}]}}