{"id":37366,"date":"2021-11-16T14:31:01","date_gmt":"2021-11-16T13:31:01","guid":{"rendered":"https:\/\/www.vidademadrid.com\/es\/?p=37366"},"modified":"2022-01-13T12:28:33","modified_gmt":"2022-01-13T11:28:33","slug":"metro-de-madrid-nuevos-trayectos-nuevas-estaciones","status":"publish","type":"post","link":"https:\/\/www.vidademadrid.com\/es\/37366\/metro-de-madrid-nuevos-trayectos-nuevas-estaciones\/","title":{"rendered":"As\u00ed crecer\u00e1 la red de Metro de Madrid: nuevas v\u00edas y estaciones"},"content":{"rendered":"<p>El <strong>Metro de Madrid<\/strong> sigue creciendo y de aqu\u00ed a 2028 podr\u00eda llegar a tener <strong>m\u00e1s de 40 nuevos kil\u00f3metros y otras siete paradas<\/strong>.<\/p>\n<p><script async=\"\" src=\"https:\/\/pagead2.googlesyndication.com\/pagead\/js\/adsbygoogle.js\"><\/script><\/p>\n<p><!-- Vertical2020 --><ins class=\"adsbygoogle\" style=\"display: block;\" data-ad-client=\"ca-pub-7450064428034605\" data-ad-slot=\"4377430105\" data-ad-format=\"auto\" data-full-width-responsive=\"true\"><\/ins><script>(adsbygoogle = window.adsbygoogle || []).push({});<\/script><\/p>\n<h2>Extensiones en la red de Metro<\/h2>\n<p><script async=\"\" src=\"https:\/\/pagead2.googlesyndication.com\/pagead\/js\/adsbygoogle.js\"><\/script> <ins class=\"adsbygoogle\" style=\"display: block;\" data-ad-format=\"fluid\" data-ad-layout-key=\"-7f+eo+1+2-5\" data-ad-client=\"ca-pub-7450064428034605\" data-ad-slot=\"7327027071\"><\/ins><script>(adsbygoogle = window.adsbygoogle || []).push({});<\/script><\/p>\n<p>A pesar de que el calendario podr\u00eda sufrir modificaciones debido a la complejidad de las intervenciones, se prev\u00e9 que la red de Metro crezca <strong>40,5 kil\u00f3metros de aqu\u00ed a 2028<\/strong>. Las ampliaciones programadas afectar\u00e1n a las <strong>l\u00edneas 3, 5, 10 y 11<\/strong> y crear\u00e1n tambi\u00e9n <strong>siete nuevas estaciones<\/strong>.<\/p>\n<p>Actualmente, el plano de <a href=\"https:\/\/www.vidademadrid.com\/es\/tag\/metro-de-madrid\/\"><strong>Metro de Madrid<\/strong><\/a> cuenta con 302 estaciones y 294 kil\u00f3metros de v\u00edas, posicion\u00e1ndose as\u00ed como una de las redes m\u00e1s extensas del mundo por detr\u00e1s de Nueva York, Londres, Shanghai y Par\u00eds. Tras esta reforma, podr\u00eda contar con un total de 309 estaciones y 334 kil\u00f3metros de recorrido.<\/p>\n<h2>Nuevas estaciones de Metro Madrid<\/h2>\n<p><script async=\"\" src=\"https:\/\/pagead2.googlesyndication.com\/pagead\/js\/adsbygoogle.js\"><\/script> <ins class=\"adsbygoogle\" style=\"display: block;\" data-ad-format=\"fluid\" data-ad-layout-key=\"-7f+eo+1+2-5\" data-ad-client=\"ca-pub-7450064428034605\" data-ad-slot=\"7327027071\"><\/ins><script>(adsbygoogle = window.adsbygoogle || []).push({});<\/script><\/p>\n<p>Las primeras obras que empezar\u00e1n a ejecutarse ser\u00e1n las de la<strong> L\u00ednea 3<\/strong>, de manera que la que ha tenido hasta ahora como cabeza de l\u00ednea la parada de Villaverde Alto, <strong>conectar\u00e1 con El Casar, municipio de Getafe<\/strong>. Esta parada tambi\u00e9n sufrir\u00eda modificaciones para conectarla con el Cercan\u00edas y un aparcamiento en superficie con 500 plazas.<\/p>\n<p>La siguiente ampliaci\u00f3n ser\u00e1 en el <strong>primer tramo de la L\u00ednea 11<\/strong>, que discurrir\u00e1 entre Plaza El\u00edptica y Conde Casal, en la 6, donde se construir\u00e1 un <strong>nuevo intercambiador<\/strong>. Esta intervenci\u00f3n supondr\u00e1 la creaci\u00f3n de 7,5 kil\u00f3metros de nuevas v\u00edas y dos nuevas estaciones: una en el barrio de Comillas y otra en Madrid R\u00edo.<\/p>\n<p>Las reformas de la <strong>L\u00ednea 5 unir\u00e1n Alameda de Osuna con la T1, T2 y T3<\/strong>, con 1,5 kil\u00f3metros de t\u00faneles. Finalmente, la <strong>prolongaci\u00f3n de la L\u00ednea 10<\/strong> dar\u00e1 cobertura a los residentes y trabajadores que acudir\u00e1n a las oficinas de <a href=\"https:\/\/www.vidademadrid.com\/es\/36105\/madrid-nuevo-norte-transformacion-de-chamartin\/\"><strong>Madrid Nuevo Norte<\/strong><\/a> cuando este nuevo enclave urban\u00edstico sea una realidad.<\/p>\n","protected":false},"excerpt":{"rendered":"<p>En 2028, la red del suburbano podr\u00eda tener 309 paradas y 334 kil\u00f3metros de recorrido<\/p>\n","protected":false},"author":10,"featured_media":37367,"comment_status":"open","ping_status":"open","sticky":false,"template":"","format":"standard","meta":{"footnotes":""},"categories":[23],"tags":[74],"class_list":{"0":"post-37366","1":"post","2":"type-post","3":"status-publish","4":"format-standard","5":"has-post-thumbnail","7":"category-transportes-huelgas-madrid","8":"tag-metro-de-madrid"},"_links":{"self":[{"href":"https:\/\/www.vidademadrid.com\/es\/wp-json\/wp\/v2\/posts\/37366","targetHints":{"allow":["GET"]}}],"collection":[{"href":"https:\/\/www.vidademadrid.com\/es\/wp-json\/wp\/v2\/posts"}],"about":[{"href":"https:\/\/www.vidademadrid.com\/es\/wp-json\/wp\/v2\/types\/post"}],"author":[{"embeddable":true,"href":"https:\/\/www.vidademadrid.com\/es\/wp-json\/wp\/v2\/users\/10"}],"replies":[{"embeddable":true,"href":"https:\/\/www.vidademadrid.com\/es\/wp-json\/wp\/v2\/comments?post=37366"}],"version-history":[{"count":4,"href":"https:\/\/www.vidademadrid.com\/es\/wp-json\/wp\/v2\/posts\/37366\/revisions"}],"predecessor-version":[{"id":37373,"href":"https:\/\/www.vidademadrid.com\/es\/wp-json\/wp\/v2\/posts\/37366\/revisions\/37373"}],"wp:featuredmedia":[{"embeddable":true,"href":"https:\/\/www.vidademadrid.com\/es\/wp-json\/wp\/v2\/media\/37367"}],"wp:attachment":[{"href":"https:\/\/www.vidademadrid.com\/es\/wp-json\/wp\/v2\/media?parent=37366"}],"wp:term":[{"taxonomy":"category","embeddable":true,"href":"https:\/\/www.vidademadrid.com\/es\/wp-json\/wp\/v2\/categories?post=37366"},{"taxonomy":"post_tag","embeddable":true,"href":"https:\/\/www.vidademadrid.com\/es\/wp-json\/wp\/v2\/tags?post=37366"}],"curies":[{"name":"wp","href":"https:\/\/api.w.org\/{rel}","templated":true}]}}