{"id":36883,"date":"2021-11-01T10:11:18","date_gmt":"2021-11-01T09:11:18","guid":{"rendered":"https:\/\/www.vidademadrid.com\/es\/?p=36883"},"modified":"2021-11-23T10:36:42","modified_gmt":"2021-11-23T09:36:42","slug":"meninas-madrid-gallery-2021-mapa-localizaciones","status":"publish","type":"post","link":"https:\/\/www.vidademadrid.com\/es\/36883\/meninas-madrid-gallery-2021-mapa-localizaciones\/","title":{"rendered":"Meninas Madrid Gallery 2021: mapa con todas las localizaciones"},"content":{"rendered":"<p>Empieza hoy, 1 de noviembre 2021, la nueva edici\u00f3n de <a href=\"https:\/\/www.vidademadrid.com\/es\/36807\/meninas-madrid-gallery-fechas-exposicion-autores\/\"><strong>Meninas Madrid Gallery<\/strong><\/a>. Un a\u00f1o m\u00e1s, las calles de Madrid se llenan de <strong>meninas<\/strong> y nosotros de <strong>Vida de Madrid<\/strong> intentaremos \u00abcazarlas\u00bb como siempre con nuestros reportajes en Instagram Stories (@vidademadrid) y dando a vosotros toda la informaci\u00f3n para encontrarlas. Sigue leyendo para descubrir cu\u00e1les son y d\u00f3nde est\u00e1n las meninas de esta edici\u00f3n.<\/p>\n<p><script async=\"\" src=\"https:\/\/pagead2.googlesyndication.com\/pagead\/js\/adsbygoogle.js\"><\/script> <ins class=\"adsbygoogle\" style=\"display: block;\" data-ad-format=\"fluid\" data-ad-layout-key=\"-7f+eo+1+2-5\" data-ad-client=\"ca-pub-7450064428034605\" data-ad-slot=\"7327027071\"><\/ins><script>(adsbygoogle = window.adsbygoogle || []).push({});<\/script><\/p>\n<h2>Meninas Madrid Gallery 2021: mapa<\/h2>\n<p><script async=\"\" src=\"https:\/\/pagead2.googlesyndication.com\/pagead\/js\/adsbygoogle.js\"><\/script> <ins class=\"adsbygoogle\" style=\"display: block; text-align: center;\" data-ad-layout=\"in-article\" data-ad-format=\"fluid\" data-ad-client=\"ca-pub-7450064428034605\" data-ad-slot=\"5670045061\"><\/ins> <script>(adsbygoogle = window.adsbygoogle || []).push({});<\/script><\/p>\n<p>A continuaci\u00f3n <strong>el mapa con las ubicaciones de Meninas Madrid Gallery 2021<\/strong>. Hemos recogido la informaci\u00f3n de las localizaciones desde la web oficial del Ayuntamiento, pero en nuestro mapa vamos -seg\u00fan descubrimos las meninas- poniendo la numeraci\u00f3n de nuestra caza y a\u00f1adiendo m\u00e1s detalles como nuestra fotos.<\/p>\n<p>Puedes ver facilmente las actualizaciones entrando en vidademadrid.com\/meninas<\/p>\n\n\n<iframe loading=\"lazy\" src=\"https:\/\/www.google.com\/maps\/d\/embed?mid=1oKLjVIhEW4RtMgX6jyLYECCrFczPifox\" width=\"640\" height=\"480\"><\/iframe>\n\n\n<h2>Cu\u00e1ntas son las meninas 2021 (y en qu\u00e9 barrios est\u00e1n)<\/h2>\n<p>El primer listado difundido de Meninas Madrid Gallery 2021 cuenta con <strong>47 meninas<\/strong>. No sabemos si finalmente llegar\u00e1n m\u00e1s meninas. Las ubicaciones, similares a los a\u00f1os pasado: la mayor\u00eda est\u00e1n en la <strong>zona de Col\u00f3n<\/strong> y en el <strong>centro de Madrid (Gran V\u00eda, Callao, Sol&#8230;)<\/strong>. Saliendo de los barrios m\u00e1s c\u00e9ntricos, hay cuatro meninas: una en Usera, una en Parque de las Avenidas, una en Prosperidad y otra en Plaza de Castilla.<\/p>\n<p><a href=\"https:\/\/www.instagram.com\/stories\/highlights\/17908148831193261\/\"><strong>Entra en nuestra cuenta Instagram para el reportaje en tiempo real con la caza a todas las meninas.<\/strong><\/a><\/p>\n<h2>Hasta cu\u00e1ndo ver Meninas Madrid Gallery 2021<\/h2>\n<p><script async=\"\" src=\"https:\/\/pagead2.googlesyndication.com\/pagead\/js\/adsbygoogle.js\"><\/script><\/p>\n<p><!-- Vertical2020 --><\/p>\n<p><ins class=\"adsbygoogle\" style=\"display: block;\" data-ad-client=\"ca-pub-7450064428034605\" data-ad-slot=\"4377430105\" data-ad-format=\"auto\" data-full-width-responsive=\"true\"><\/ins><script>(adsbygoogle = window.adsbygoogle || []).push({});<\/script><\/p>\n<p>La edici\u00f3n 2021 de Meninas Madrid Gallery ha empezado el <strong>1 de noviembre 2021<\/strong> con la colocaci\u00f3n de las primeras meninas y terminar\u00e1 el <strong>15 diciembre 2021<\/strong>.<\/p>\n<p>En Vida de Madrid te vamos a contar todo sobre las meninas, as\u00ed que s\u00edguenos en Instagram Stories, Facebook y TikTok para no perderte nada.<\/p>","protected":false},"excerpt":{"rendered":"<p>Especial de Vida de Madrid, un a\u00f1o m\u00e1s \u00abcazando\u00bb todas las meninas <\/p>\n","protected":false},"author":5,"featured_media":36890,"comment_status":"open","ping_status":"open","sticky":false,"template":"","format":"standard","meta":{"footnotes":""},"categories":[11,101,115,119],"tags":[],"class_list":{"0":"post-36883","1":"post","2":"type-post","3":"status-publish","4":"format-standard","5":"has-post-thumbnail","7":"category-eventos-madrid","8":"category-ferias-fiestas-mercados-madrid","9":"category-planes-del-momento-madrid","10":"category-portada"},"_links":{"self":[{"href":"https:\/\/www.vidademadrid.com\/es\/wp-json\/wp\/v2\/posts\/36883","targetHints":{"allow":["GET"]}}],"collection":[{"href":"https:\/\/www.vidademadrid.com\/es\/wp-json\/wp\/v2\/posts"}],"about":[{"href":"https:\/\/www.vidademadrid.com\/es\/wp-json\/wp\/v2\/types\/post"}],"author":[{"embeddable":true,"href":"https:\/\/www.vidademadrid.com\/es\/wp-json\/wp\/v2\/users\/5"}],"replies":[{"embeddable":true,"href":"https:\/\/www.vidademadrid.com\/es\/wp-json\/wp\/v2\/comments?post=36883"}],"version-history":[{"count":5,"href":"https:\/\/www.vidademadrid.com\/es\/wp-json\/wp\/v2\/posts\/36883\/revisions"}],"predecessor-version":[{"id":37063,"href":"https:\/\/www.vidademadrid.com\/es\/wp-json\/wp\/v2\/posts\/36883\/revisions\/37063"}],"wp:featuredmedia":[{"embeddable":true,"href":"https:\/\/www.vidademadrid.com\/es\/wp-json\/wp\/v2\/media\/36890"}],"wp:attachment":[{"href":"https:\/\/www.vidademadrid.com\/es\/wp-json\/wp\/v2\/media?parent=36883"}],"wp:term":[{"taxonomy":"category","embeddable":true,"href":"https:\/\/www.vidademadrid.com\/es\/wp-json\/wp\/v2\/categories?post=36883"},{"taxonomy":"post_tag","embeddable":true,"href":"https:\/\/www.vidademadrid.com\/es\/wp-json\/wp\/v2\/tags?post=36883"}],"curies":[{"name":"wp","href":"https:\/\/api.w.org\/{rel}","templated":true}]}}