{"id":36777,"date":"2021-10-27T09:28:40","date_gmt":"2021-10-27T07:28:40","guid":{"rendered":"https:\/\/www.vidademadrid.com\/es\/?p=36777"},"modified":"2021-10-28T10:30:16","modified_gmt":"2021-10-28T08:30:16","slug":"luzmadrid-2021-instalaciones-barajas-iceberg-totems-de-luz","status":"publish","type":"post","link":"https:\/\/www.vidademadrid.com\/es\/36777\/luzmadrid-2021-instalaciones-barajas-iceberg-totems-de-luz\/","title":{"rendered":"LuzMadrid 2021 se adelanta e ilumina Barajas a partir del jueves"},"content":{"rendered":"<p>El Festival Internacional de la Luz, <a href=\"https:\/\/www.vidademadrid.com\/es\/tag\/luzmadrid\/\"><strong>LuzMadrid 2021<\/strong><\/a>, encender\u00e1 Madrid a partir del d\u00eda 29 con diferentes instalaciones luminosas. Sin embargo, las dos obras de <strong>Barajas<\/strong>, podr\u00e1n visitarse a partir de ma\u00f1ana, <strong>jueves 28 de octubre<\/strong>, desde las 20:00 horas.&nbsp;<\/p>\n<p><script async=\"\" src=\"https:\/\/pagead2.googlesyndication.com\/pagead\/js\/adsbygoogle.js\"><\/script> <!-- Vertical2020 --><ins class=\"adsbygoogle\" style=\"display:block\" data-ad-client=\"ca-pub-7450064428034605\" data-ad-slot=\"4377430105\" data-ad-format=\"auto\" data-full-width-responsive=\"true\"><\/ins><script>(adsbygoogle = window.adsbygoogle || []).push({});<\/script><\/p>\n<h2>&#8216;1,5 grados&#8217; de Eyesberg<\/h2>\n<p><script async=\"\" src=\"https:\/\/pagead2.googlesyndication.com\/pagead\/js\/adsbygoogle.js\"><\/script> <ins class=\"adsbygoogle\" style=\"display:block\" data-ad-format=\"fluid\" data-ad-layout-key=\"-7f+eo+1+2-5\" data-ad-client=\"ca-pub-7450064428034605\" data-ad-slot=\"7327027071\"><\/ins><script>(adsbygoogle = window.adsbygoogle || []).push({});<\/script><\/p>\n<p>1,5 grados por encima de las mediciones preindustriales es la temperatura que nos separa de cat\u00e1strofes clim\u00e1ticas mundiales, entre ella la desaparici\u00f3n de los glaciares, vitales para la estabilidad de la vida en la tierra. Ahora, mediante grabaciones de hielo, proyecciones, l\u00e1seres y LEDs mezclados con efectos digitales, podremos ver uno de cerca.&nbsp;<\/p>\n<p>&#8216;<strong>1,5 grados<\/strong>&#8216; es la instalaci\u00f3n del distrito de Barajas que transformar\u00e1 el <strong>Castillo de la Alameda<\/strong> en un gran iceberg de luz y m\u00fasica con texturas realistas, profundas y con movimiento para destacar la belleza de estos colosos. Su encendido dar\u00e1 comienzo ma\u00f1ana, 28 de octubre, a partir de las 20:00 horas y se podr\u00e1 contemplar <strong>hasta el s\u00e1bado 30<\/strong>.<\/p>\n<p><strong>Eyesberg<\/strong>, estudio de arte multimedia dirigido por Jos\u00e9 Vaali\u00f1a y especializado en la transformaci\u00f3n de entornos en obras de arte interactivas e inmersivas, usa el hielo como protagonista de esta obra con el objetivo de transmitir la hermosura de los icebergs e invitar a la reflexi\u00f3n sobre su importancia y el riesgo que supone su desaparici\u00f3n.&nbsp;<\/p>\n<h2>&#8216;Rythmus&#8217; de Studio Chevalvert<\/h2>\n<p><script async=\"\" src=\"https:\/\/pagead2.googlesyndication.com\/pagead\/js\/adsbygoogle.js\"><\/script> <ins class=\"adsbygoogle\" style=\"display:block\" data-ad-format=\"fluid\" data-ad-layout-key=\"-7f+eo+1+2-5\" data-ad-client=\"ca-pub-7450064428034605\" data-ad-slot=\"7327027071\"><\/ins><script>(adsbygoogle = window.adsbygoogle || []).push({});<\/script><\/p>\n<p>Ubicada en la <strong>plaza de Mercurio de Barajas<\/strong>, &#8216;<strong>Rythmus<\/strong>&#8216; es otra de las instalaciones que adelantan su encendido a ma\u00f1ana, jueves 28 de octubre. En este caso, se podr\u00e1 visitar <strong>hasta el domingo 31<\/strong>, de 20:00 h a 00:00 h.&nbsp;<\/p>\n<p>En &#8216;<strong>Rythmus<\/strong>&#8216;, la mano y el cuerpo son el medio para conectarnos con nuestro ritmo biol\u00f3gico y con la escultura orbicular que constituye la pieza: una instalaci\u00f3n que materializa en im\u00e1genes el latido del coraz\u00f3n de dos personas conectadas, cara a cara, a una red circular de t\u00f3tems de luz interactivos.&nbsp;<\/p>\n<p>Esta obra de <strong>Chevalvert<\/strong>, estudio de dise\u00f1o visual cofundado por Patrick Paleta y St\u00e9phane Buellet, metamorfosea este fen\u00f3meno fisiol\u00f3gico individual en una experiencia colectiva, creando una uni\u00f3n entre los usuarios, la estructura org\u00e1nica, el p\u00fablico y el espacio circundante.&nbsp;<\/p>\n\n\n<figure class=\"wp-block-image size-large td-caption-align-https:\/\/www.vidademadrid.com\/es\/wp-content\/uploads\/2021\/10\/Luz-Barajas.png\"><a href=\"https:\/\/www.vidademadrid.com\/es\/wp-content\/uploads\/2021\/10\/Luz-Barajas.png\"><img loading=\"lazy\" decoding=\"async\" width=\"1024\" height=\"512\" src=\"https:\/\/www.vidademadrid.com\/es\/wp-content\/uploads\/2021\/10\/Luz-Barajas-1024x512.png\" alt=\"\" class=\"wp-image-36780\" srcset=\"https:\/\/www.vidademadrid.com\/es\/wp-content\/uploads\/2021\/10\/Luz-Barajas-1024x512.png 1024w, https:\/\/www.vidademadrid.com\/es\/wp-content\/uploads\/2021\/10\/Luz-Barajas-300x150.png 300w, https:\/\/www.vidademadrid.com\/es\/wp-content\/uploads\/2021\/10\/Luz-Barajas-768x384.png 768w, https:\/\/www.vidademadrid.com\/es\/wp-content\/uploads\/2021\/10\/Luz-Barajas-696x348.png 696w, https:\/\/www.vidademadrid.com\/es\/wp-content\/uploads\/2021\/10\/Luz-Barajas-1068x534.png 1068w, https:\/\/www.vidademadrid.com\/es\/wp-content\/uploads\/2021\/10\/Luz-Barajas-840x420.png 840w, https:\/\/www.vidademadrid.com\/es\/wp-content\/uploads\/2021\/10\/Luz-Barajas.png 1200w\" sizes=\"auto, (max-width: 1024px) 100vw, 1024px\" \/><\/a><figcaption>&#8216;Rythmus&#8217; | Foto: luzmadridfestival.com<\/figcaption><\/figure>\n","protected":false},"excerpt":{"rendered":"<p>El Castillo de la Alameda y la plaza de Mercurio ser\u00e1n los escenarios protagonistas del evento<\/p>\n","protected":false},"author":10,"featured_media":36778,"comment_status":"open","ping_status":"open","sticky":false,"template":"","format":"standard","meta":{"footnotes":""},"categories":[111,101],"tags":[182],"class_list":{"0":"post-36777","1":"post","2":"type-post","3":"status-publish","4":"format-standard","5":"has-post-thumbnail","7":"category-exposiciones-madrid","8":"category-ferias-fiestas-mercados-madrid","9":"tag-luzmadrid"},"_links":{"self":[{"href":"https:\/\/www.vidademadrid.com\/es\/wp-json\/wp\/v2\/posts\/36777","targetHints":{"allow":["GET"]}}],"collection":[{"href":"https:\/\/www.vidademadrid.com\/es\/wp-json\/wp\/v2\/posts"}],"about":[{"href":"https:\/\/www.vidademadrid.com\/es\/wp-json\/wp\/v2\/types\/post"}],"author":[{"embeddable":true,"href":"https:\/\/www.vidademadrid.com\/es\/wp-json\/wp\/v2\/users\/10"}],"replies":[{"embeddable":true,"href":"https:\/\/www.vidademadrid.com\/es\/wp-json\/wp\/v2\/comments?post=36777"}],"version-history":[{"count":5,"href":"https:\/\/www.vidademadrid.com\/es\/wp-json\/wp\/v2\/posts\/36777\/revisions"}],"predecessor-version":[{"id":36819,"href":"https:\/\/www.vidademadrid.com\/es\/wp-json\/wp\/v2\/posts\/36777\/revisions\/36819"}],"wp:featuredmedia":[{"embeddable":true,"href":"https:\/\/www.vidademadrid.com\/es\/wp-json\/wp\/v2\/media\/36778"}],"wp:attachment":[{"href":"https:\/\/www.vidademadrid.com\/es\/wp-json\/wp\/v2\/media?parent=36777"}],"wp:term":[{"taxonomy":"category","embeddable":true,"href":"https:\/\/www.vidademadrid.com\/es\/wp-json\/wp\/v2\/categories?post=36777"},{"taxonomy":"post_tag","embeddable":true,"href":"https:\/\/www.vidademadrid.com\/es\/wp-json\/wp\/v2\/tags?post=36777"}],"curies":[{"name":"wp","href":"https:\/\/api.w.org\/{rel}","templated":true}]}}