{"id":36410,"date":"2021-10-11T09:14:41","date_gmt":"2021-10-11T07:14:41","guid":{"rendered":"https:\/\/www.vidademadrid.com\/es\/?p=36410"},"modified":"2021-10-11T12:49:08","modified_gmt":"2021-10-11T10:49:08","slug":"desfile-militar-madrid-dia-de-la-hispanidad-2021-12-de-octubre","status":"publish","type":"post","link":"https:\/\/www.vidademadrid.com\/es\/36410\/desfile-militar-madrid-dia-de-la-hispanidad-2021-12-de-octubre\/","title":{"rendered":"Madrid recupera su famoso desfile militar para celebrar el D\u00eda de la Hispanidad"},"content":{"rendered":"<p>Tras una edici\u00f3n frustrada por la llegada del Covid-19, Madrid recupera su <strong>desfile militar<\/strong> por el Paseo de la Castellana para celebrar el <strong>D\u00eda de la Hispanidad<\/strong> ma\u00f1ana <strong>12 de octubre<\/strong>.<\/p>\n<p><script async=\"\" src=\"https:\/\/pagead2.googlesyndication.com\/pagead\/js\/adsbygoogle.js\"><\/script><\/p>\n<p><!-- Vertical2020 --><ins class=\"adsbygoogle\" style=\"display: block;\" data-ad-client=\"ca-pub-7450064428034605\" data-ad-slot=\"4377430105\" data-ad-format=\"auto\" data-full-width-responsive=\"true\"><\/ins><script>(adsbygoogle = window.adsbygoogle || []).push({});<\/script><\/p>\n<h2>Desfile militar en Madrid<\/h2>\n<p><script async=\"\" src=\"https:\/\/pagead2.googlesyndication.com\/pagead\/js\/adsbygoogle.js\"><\/script> <ins class=\"adsbygoogle\" style=\"display: block;\" data-ad-format=\"fluid\" data-ad-layout-key=\"-7f+eo+1+2-5\" data-ad-client=\"ca-pub-7450064428034605\" data-ad-slot=\"7327027071\"><\/ins><script>(adsbygoogle = window.adsbygoogle || []).push({});<\/script><\/p>\n<p>Hace unos d\u00edas empez\u00e1bamos a escuchar y a ver en el cielo de Madrid los ensayos de las aeronaves que participar\u00e1n este martes en el <strong>desfile del D\u00eda de la Hispanidad<\/strong>, y es que, tras un a\u00f1o marcado por la pandemia en el que tuvo que suspenderse, la capital recupera su famoso <strong>desfile militar<\/strong> por la Castellana para celebrar el <strong>12 de octubre<\/strong>.<\/p>\n<p>Como es habitual, el desfile estar\u00e1 presidido por el rey y, posteriormente, tendr\u00e1 lugar la recepci\u00f3n a las altas autoridades del Estado y a representantes del mundo pol\u00edtico, econ\u00f3mico, social y cultural en el Palacio Real. Ser\u00e1 una recepci\u00f3n reducida, debido a las medidas sanitarias establecidas para la prevenci\u00f3n de contagios.<\/p>\n<p>El punto inicial del desfile suele ser la <strong>Plaza de Cuzco<\/strong> una vez se llevan a cabo los honores militares, el salto paracaidista y el izado de la bandera nacional. En el recorrido, que <strong>finaliza en Nuevos Ministerios<\/strong>, participan efectivos de las Fuerzas Armadas, Guardia Civil, Polic\u00eda Nacional y Salvamento Mar\u00edtimo, con veh\u00edculos terrestres y aeronaves.<\/p>\n<h2>12 de octubre de 2021<\/h2>\n<p><strong>10:00 h<\/strong>: Incorporaci\u00f3n del Batall\u00f3n de Honores de la Guardia Real a la Plaza de Lima e incorporaci\u00f3n de la Ense\u00f1a Nacional al Batall\u00f3n de Honores.<\/p>\n<p><strong>10:30 h<\/strong>:<\/p>\n<ul>\n<li>Llegada de SS.MM. los Reyes a la Plaza de Lima.<\/li>\n<li>Honores Militares a SS.MM. Los Reyes.<\/li>\n<li>Novedades del jefe de Batall\u00f3n de Honores a S.M. el Rey.<\/li>\n<li>Revista de S.M. El Rey al Batall\u00f3n de Honores.<\/li>\n<li>Saludo de SS.MM. Los Reyes a las autoridades.<\/li>\n<li>Salto paracaidista sobre la Plaza de Lima portando la Bandera de Espa\u00f1a.<\/li>\n<li>Acto de Izado y Homenaje a la Bandera Nacional.<\/li>\n<li>Acto de Homenaje a los que dieron su vida por Espa\u00f1a.<\/li>\n<li>Desfile A\u00e9reo.<\/li>\n<li>Desfile Terrestre.<\/li>\n<li>Saludo de SS.MM. los Reyes a autoridades militares responsables y participantes en el Desfile.<\/li>\n<li>Despedida de SS.MM. Los Reyes.<\/li>\n<\/ul>\n<h2>Cortes de tr\u00e1fico en el D\u00eda de la Hispanidad<\/h2>\n<p><script async=\"\" src=\"https:\/\/pagead2.googlesyndication.com\/pagead\/js\/adsbygoogle.js\"><\/script> <ins class=\"adsbygoogle\" style=\"display: block;\" data-ad-format=\"fluid\" data-ad-layout-key=\"-7f+eo+1+2-5\" data-ad-client=\"ca-pub-7450064428034605\" data-ad-slot=\"7327027071\"><\/ins><script>(adsbygoogle = window.adsbygoogle || []).push({});<\/script><\/p>\n<p>Durante la jornada del desfile, tendr\u00e1n lugar diversos <strong>cortes de tr\u00e1fico a partir de las 6:00 horas<\/strong> que afectar\u00e1n a los carriles centrales y lateral de los n\u00fameros impares del Paseo de la Castellana hasta la Plaza de Cuzco, al t\u00fanel de Plaza de Castilla y a la calle Carlos Maurr\u00e1s.<\/p>\n<p>El Ayuntamiento de Madrid recomienda a la ciudadan\u00eda la <strong>utilizaci\u00f3n del transporte p\u00fablico<\/strong>, evitar la circulaci\u00f3n por las inmediaciones de las zonas afectadas por cortes y\/o restricciones de tr\u00e1fico y, en caso de ser necesaria la utilizaci\u00f3n de veh\u00edculo propio, utilizar la M-30 y M-40 para desplazamientos de largo recorrido.<\/p>\n","protected":false},"excerpt":{"rendered":"<p>El 12 de octubre, los militares volver\u00e1n al paseo de la Castellana con veh\u00edculos terrestres y aeronaves. <\/p>\n","protected":false},"author":10,"featured_media":36411,"comment_status":"open","ping_status":"open","sticky":false,"template":"","format":"standard","meta":{"footnotes":""},"categories":[101,119],"tags":[],"class_list":{"0":"post-36410","1":"post","2":"type-post","3":"status-publish","4":"format-standard","5":"has-post-thumbnail","7":"category-ferias-fiestas-mercados-madrid","8":"category-portada"},"_links":{"self":[{"href":"https:\/\/www.vidademadrid.com\/es\/wp-json\/wp\/v2\/posts\/36410","targetHints":{"allow":["GET"]}}],"collection":[{"href":"https:\/\/www.vidademadrid.com\/es\/wp-json\/wp\/v2\/posts"}],"about":[{"href":"https:\/\/www.vidademadrid.com\/es\/wp-json\/wp\/v2\/types\/post"}],"author":[{"embeddable":true,"href":"https:\/\/www.vidademadrid.com\/es\/wp-json\/wp\/v2\/users\/10"}],"replies":[{"embeddable":true,"href":"https:\/\/www.vidademadrid.com\/es\/wp-json\/wp\/v2\/comments?post=36410"}],"version-history":[{"count":5,"href":"https:\/\/www.vidademadrid.com\/es\/wp-json\/wp\/v2\/posts\/36410\/revisions"}],"predecessor-version":[{"id":36419,"href":"https:\/\/www.vidademadrid.com\/es\/wp-json\/wp\/v2\/posts\/36410\/revisions\/36419"}],"wp:featuredmedia":[{"embeddable":true,"href":"https:\/\/www.vidademadrid.com\/es\/wp-json\/wp\/v2\/media\/36411"}],"wp:attachment":[{"href":"https:\/\/www.vidademadrid.com\/es\/wp-json\/wp\/v2\/media?parent=36410"}],"wp:term":[{"taxonomy":"category","embeddable":true,"href":"https:\/\/www.vidademadrid.com\/es\/wp-json\/wp\/v2\/categories?post=36410"},{"taxonomy":"post_tag","embeddable":true,"href":"https:\/\/www.vidademadrid.com\/es\/wp-json\/wp\/v2\/tags?post=36410"}],"curies":[{"name":"wp","href":"https:\/\/api.w.org\/{rel}","templated":true}]}}