{"id":35015,"date":"2021-07-16T14:11:23","date_gmt":"2021-07-16T12:11:23","guid":{"rendered":"https:\/\/www.vidademadrid.com\/es\/?p=35015"},"modified":"2021-07-16T14:11:26","modified_gmt":"2021-07-16T12:11:26","slug":"raffaella-carra-plaza-fuencarral-homenaje-madrid","status":"publish","type":"post","link":"https:\/\/www.vidademadrid.com\/es\/35015\/raffaella-carra-plaza-fuencarral-homenaje-madrid\/","title":{"rendered":"Raffaella Carr\u00e0 ya tiene su propia plaza en el centro de Madrid"},"content":{"rendered":"<p>La reciente muerte de <strong>Raffaella Carr\u00e0<\/strong> ha conmovido tanto a Italia como a Espa\u00f1a. En honor a su trayectoria y al referente en el que se convirti\u00f3, la artista italiana pone nombre a una c\u00e9ntrica plaza de Madrid.<\/p>\n<p><script async=\"\" src=\"https:\/\/pagead2.googlesyndication.com\/pagead\/js\/adsbygoogle.js\"><\/script><\/p>\n<!-- Vertical2020 -->\n<p><ins class=\"adsbygoogle\" style=\"display: block;\" data-ad-client=\"ca-pub-7450064428034605\" data-ad-slot=\"4377430105\" data-ad-format=\"auto\" data-full-width-responsive=\"true\"><\/ins><script>(adsbygoogle = window.adsbygoogle || []).push({});<\/script><\/p>\n<h2>La plaza de Raffaella Carr\u00e0<\/h2>\n<p><script async=\"\" src=\"https:\/\/pagead2.googlesyndication.com\/pagead\/js\/adsbygoogle.js\"><\/script> <ins class=\"adsbygoogle\" style=\"display: block;\" data-ad-format=\"fluid\" data-ad-layout-key=\"-7f+eo+1+2-5\" data-ad-client=\"ca-pub-7450064428034605\" data-ad-slot=\"7327027071\"><\/ins><script>(adsbygoogle = window.adsbygoogle || []).push({});<\/script><\/p>\n<p><strong>Raffaella Carr\u00e0<\/strong> fallec\u00eda a principios de la semana pasada a sus 78 a\u00f1os por una enfermedad que le fue detectada recientemente. A lo largo de sus m\u00e1s de 60 a\u00f1os de trayectoria profesional se gan\u00f3 el cari\u00f1o y la admiraci\u00f3n tanto de la audiencia italiana como de la espa\u00f1ola y es por eso que Madrid ha querido hacerle un <strong>homenaje<\/strong> en tiempo r\u00e9cord.\u00a0<\/p>\n<p>Se trata de una peque\u00f1a plaza, un espacio situado<strong> entre los n\u00fameros 43 y 45<\/strong> de la famosa y c\u00e9ntrica <strong>calle Fuencarral<\/strong>, entre el barrio de Chueca y Malasa\u00f1a, que llevar\u00e1 su nombre a partir de ahora y de manera que siempre sea recordada en el callejero madrile\u00f1o.\u00a0<\/p>\n<p>La autora de \u00e9xitos como \u00abHay que venir al sur\u00bb lleg\u00f3 a convertirse en un referente de libertad, libertad sexual y de los derechos LGTBI, de tal manera que fue premiada como Icono Gay Mundial y reina del Orgullo en el World Pride de Madrid de 2017.\u00a0<\/p>\n\n\n<figure class=\"wp-block-embed is-type-rich is-provider-twitter wp-block-embed-twitter\"><div class=\"wp-block-embed__wrapper\">\n<blockquote class=\"twitter-tweet\" data-width=\"550\" data-dnt=\"true\"><p lang=\"es\" dir=\"ltr\">\u203c\ufe0f<a href=\"https:\/\/twitter.com\/hashtag\/ULTIMAHORA?src=hash&amp;ref_src=twsrc%5Etfw\">#ULTIMAHORA<\/a> Raffaella Carr\u00e0 tendr\u00e1 una plaza en Madrid, en la calle Fuencarral, entre <a href=\"https:\/\/twitter.com\/hashtag\/Chueca?src=hash&amp;ref_src=twsrc%5Etfw\">#Chueca<\/a> y <a href=\"https:\/\/twitter.com\/hashtag\/Malasa%C3%B1a?src=hash&amp;ref_src=twsrc%5Etfw\">#Malasa\u00f1a<\/a>?\u200d\u2640\ufe0f???. Se aprueba por mayor\u00eda nuestra iniciativa en el <a href=\"https:\/\/twitter.com\/hashtag\/PlenoCentro?src=hash&amp;ref_src=twsrc%5Etfw\">#PlenoCentro<\/a> con los votos de <a href=\"https:\/\/twitter.com\/mas_centro?ref_src=twsrc%5Etfw\">@mas_centro<\/a>, <a href=\"https:\/\/twitter.com\/PSOEMCentro?ref_src=twsrc%5Etfw\">@PSOEMCentro<\/a>,<a href=\"https:\/\/twitter.com\/CsMadCentro?ref_src=twsrc%5Etfw\">@CsMadCentro<\/a><br>y <a href=\"https:\/\/twitter.com\/ppcentro?ref_src=twsrc%5Etfw\">@ppcentro<\/a>. <a href=\"https:\/\/t.co\/gR5vRPRMQZ\">pic.twitter.com\/gR5vRPRMQZ<\/a><\/p>&mdash; M\u00e1s Madrid | Centro (@mas_centro) <a href=\"https:\/\/twitter.com\/mas_centro\/status\/1415379583235395591?ref_src=twsrc%5Etfw\">July 14, 2021<\/a><\/blockquote><script async src=\"https:\/\/platform.twitter.com\/widgets.js\" charset=\"utf-8\"><\/script>\n<\/div><\/figure>\n","protected":false},"excerpt":{"rendered":"<p>Ubicada entre los n\u00fameros 43 y 45 de Fuencarral, la artista italiana pasar\u00e1 a ser reconocida para siempre en el callejero madrile\u00f1o<\/p>\n","protected":false},"author":10,"featured_media":35016,"comment_status":"open","ping_status":"open","sticky":false,"template":"","format":"standard","meta":{"footnotes":""},"categories":[1],"tags":[],"class_list":{"0":"post-35015","1":"post","2":"type-post","3":"status-publish","4":"format-standard","5":"has-post-thumbnail","7":"category-varios"},"_links":{"self":[{"href":"https:\/\/www.vidademadrid.com\/es\/wp-json\/wp\/v2\/posts\/35015","targetHints":{"allow":["GET"]}}],"collection":[{"href":"https:\/\/www.vidademadrid.com\/es\/wp-json\/wp\/v2\/posts"}],"about":[{"href":"https:\/\/www.vidademadrid.com\/es\/wp-json\/wp\/v2\/types\/post"}],"author":[{"embeddable":true,"href":"https:\/\/www.vidademadrid.com\/es\/wp-json\/wp\/v2\/users\/10"}],"replies":[{"embeddable":true,"href":"https:\/\/www.vidademadrid.com\/es\/wp-json\/wp\/v2\/comments?post=35015"}],"version-history":[{"count":5,"href":"https:\/\/www.vidademadrid.com\/es\/wp-json\/wp\/v2\/posts\/35015\/revisions"}],"predecessor-version":[{"id":35021,"href":"https:\/\/www.vidademadrid.com\/es\/wp-json\/wp\/v2\/posts\/35015\/revisions\/35021"}],"wp:featuredmedia":[{"embeddable":true,"href":"https:\/\/www.vidademadrid.com\/es\/wp-json\/wp\/v2\/media\/35016"}],"wp:attachment":[{"href":"https:\/\/www.vidademadrid.com\/es\/wp-json\/wp\/v2\/media?parent=35015"}],"wp:term":[{"taxonomy":"category","embeddable":true,"href":"https:\/\/www.vidademadrid.com\/es\/wp-json\/wp\/v2\/categories?post=35015"},{"taxonomy":"post_tag","embeddable":true,"href":"https:\/\/www.vidademadrid.com\/es\/wp-json\/wp\/v2\/tags?post=35015"}],"curies":[{"name":"wp","href":"https:\/\/api.w.org\/{rel}","templated":true}]}}