{"id":34961,"date":"2021-07-16T11:20:33","date_gmt":"2021-07-16T09:20:33","guid":{"rendered":"https:\/\/www.vidademadrid.com\/es\/?p=34961"},"modified":"2021-07-16T11:52:25","modified_gmt":"2021-07-16T09:52:25","slug":"estacion-de-gran-via-metro-de-madrid-reapertura-fotos","status":"publish","type":"post","link":"https:\/\/www.vidademadrid.com\/es\/34961\/estacion-de-gran-via-metro-de-madrid-reapertura-fotos\/","title":{"rendered":"La estaci\u00f3n de Metro de Gran V\u00eda ha reabierto tras tres a\u00f1os de obras: todas las fotos y v\u00eddeo"},"content":{"rendered":"<p><script data-wid=\"auto\" type=\"text\/javascript\" src=\"https:\/\/content.viralize.tv\/display\/?zid=AADiaHd5cH72qFIl&amp;cid=AAhtqe3S4v34D_li&amp;activation=adfill&amp;vip_mode=playing&amp;vip_position=bottom-right\"><\/script><\/p>\n<p>Tras casi tres a\u00f1os cerrada por reformas, la <strong>estaci\u00f3n de Metro de Gran V\u00eda<\/strong> ha reabierto hoy sus puertas como la m\u00e1s moderna de la red del suburbano madrile\u00f1o en cuanto a tecnolog\u00eda y accesibilidad. Nos hemos acercado a verla para conocer todas las novedades con las que cuenta.\u00a0<\/p>\n<h2>La renovada estaci\u00f3n de Metro de Gran V\u00eda<\/h2>\n<p><script async=\"\" src=\"https:\/\/pagead2.googlesyndication.com\/pagead\/js\/adsbygoogle.js\"><\/script> <ins class=\"adsbygoogle\" style=\"display: block;\" data-ad-format=\"fluid\" data-ad-layout-key=\"-7f+eo+1+2-5\" data-ad-client=\"ca-pub-7450064428034605\" data-ad-slot=\"7327027071\"><\/ins><script>(adsbygoogle = window.adsbygoogle || []).push({});<\/script><\/p>\n<p>Han sido 1.000 d\u00edas de reformas, casi tres a\u00f1os desde que la <strong>estaci\u00f3n de Metro de<\/strong> <a href=\"https:\/\/www.vidademadrid.com\/es\/tag\/gran-via\/\"><strong>Gran V\u00eda<\/strong><\/a> cerr\u00f3 sus puertas en agosto de 2018 siendo una de las estaciones m\u00e1s utilizadas del suburbano, con un <strong>tr\u00e1nsito anual de 16 millones de viajeros<\/strong>. A las 6:00 h de esta ma\u00f1ana, ha retomado su actividad, con las <strong>l\u00edneas 1 y 5<\/strong>, como la estaci\u00f3n m\u00e1s moderna de la red de <strong>Metro de Madrid<\/strong> en cuanto a tecnolog\u00eda y accesibilidad.\u00a0<\/p>\n<p>Durante este periodo de obras, la Direcci\u00f3n General de Infraestructuras y Adif han colaborado de manera conjunta para poner en marcha uno de los proyectos m\u00e1s ambiciosos de los \u00faltimos a\u00f1os que completa una red de 294 kil\u00f3metros y m\u00e1s de 300 estaciones donde han llegado a moverse m\u00e1s de 2,7 millones de personas en un d\u00eda. Esta estaci\u00f3n conecta dos grandes ejes de la ciudad, Puerta del Sol y Gran V\u00eda y espera alcanzar los <strong>66.000 usuarios al d\u00eda<\/strong>.\u00a0<\/p>\n<p>La renovada <strong>estaci\u00f3n de Gran V\u00eda<\/strong> cuenta con cuatro nuevos ascensores, 13 escaleras mec\u00e1nicas conectadas y monitorizadas y <strong>tres niveles<\/strong>: el primero dispone de un <strong>vest\u00edbulo<\/strong> mucho m\u00e1s amplio que el anterior, incrementando su superficie \u00fatil de 900 a 2.000 metros cuadrados; el segundo aloja un peque\u00f1o <strong>museo<\/strong> con los restos arqueol\u00f3gicos encontrados durante las obras de excavaci\u00f3n; y el tercero conecta con la <strong>l\u00ednea 5 y la galer\u00eda de acceso<\/strong> que une la estaci\u00f3n con la de <strong>Renfe Cercan\u00edas Sol<\/strong>.\u00a0<\/p>\n<h2>Tecnolog\u00eda y accesibilidad<\/h2>\n<p><script async=\"\" src=\"https:\/\/pagead2.googlesyndication.com\/pagead\/js\/adsbygoogle.js\"><\/script> <ins class=\"adsbygoogle\" style=\"display: block; text-align: center;\" data-ad-layout=\"in-article\" data-ad-format=\"fluid\" data-ad-client=\"ca-pub-7450064428034605\" data-ad-slot=\"5670045061\"><\/ins> <script>(adsbygoogle = window.adsbygoogle || []).push({});<\/script><\/p>\n<p>Adem\u00e1s de pasar a ser la estaci\u00f3n m\u00e1s moderna de la red de <a href=\"https:\/\/www.vidademadrid.com\/es\/tag\/metro-de-madrid\/\"><strong>Metro de Madrid<\/strong><\/a>, la de <strong>Gran V\u00eda<\/strong> tambi\u00e9n se convierte en una estaci\u00f3n pionera en Europa por su tecnolog\u00eda y accesibilidad. El usuario dispone ahora de <strong>14 nuevas m\u00e1quinas de venta de t\u00edtulos<\/strong> de transporte con <strong>tecnolog\u00eda 4.0<\/strong> que ofrece un nuevo dise\u00f1o y prestaciones m\u00e1s eficaces. Tambi\u00e9n incorporan la opci\u00f3n de pago sin contacto, as\u00ed como la posibilidad de acceder al servicio de atenci\u00f3n al cliente a trav\u00e9s de videollamada.\u00a0<\/p>\n<p>Tambi\u00e9n se han instalado <strong>17 equipos de control de validaci\u00f3n<\/strong> (tornos de entrada), seis de los cuales est\u00e1n destinados a usuarios con movilidad reducida. Estos podr\u00e1n acceder tambi\u00e9n a dispositivos como sistemas de apertura f\u00e1cil en puertas, tiras antideslizantes en escaleras fijas, etiquetas braille en los pasamanos, se\u00f1alizaci\u00f3n de elementos de accesibilidad y pavimentos de tacto visual cer\u00e1mico para facilitar sus desplazamientos.\u00a0<\/p>\n<p>Los nuevos modelos de los tornos de entrada ocupan menos espacio, disponen de una interfaz m\u00e1s intuitiva y una pantalla que informa al usuario sobre la validaci\u00f3n del t\u00edtulo de transporte empleando gr\u00e1ficos y texto, adem\u00e1s de iluminaci\u00f3n LED en las puertas, en el lector sin contacto y en el suelo para informar al viajero sobre el resultado de la validaci\u00f3n.\u00a0<\/p>\n<h2>El templete<\/h2>\n<p><script async=\"\" src=\"https:\/\/pagead2.googlesyndication.com\/pagead\/js\/adsbygoogle.js\"><\/script> <ins class=\"adsbygoogle\" style=\"display: block; text-align: center;\" data-ad-layout=\"in-article\" data-ad-format=\"fluid\" data-ad-client=\"ca-pub-7450064428034605\" data-ad-slot=\"5670045061\"><\/ins> <script>(adsbygoogle = window.adsbygoogle || []).push({});<\/script><\/p>\n<p>La <strong>est\u00e9tica futurista<\/strong> de toda la estaci\u00f3n contrasta con <strong>elementos del pasado<\/strong> recuperados para la contemplaci\u00f3n del usuario como, por ejemplo, la incorporaci\u00f3n del <strong>mural de cer\u00e1mica<\/strong> instalado en el vest\u00edbulo que representa el templete original de acceso a la estaci\u00f3n dise\u00f1ado por Antonio Palacios y con m\u00e1s de medio siglo de vida.\u00a0<\/p>\n<p>El arquitecto Palacios fue el creador del elemento m\u00e1s creativo de la estaci\u00f3n desde su inauguraci\u00f3n en octubre de 1919: el templete que sirvi\u00f3 como acceso a la antigua estaci\u00f3n de Metro y que ahora, en la remodelaci\u00f3n de la estaci\u00f3n, se ha incorporado en la superficie como r\u00e9plica. Ubicado entre las calles Montera y Gran V\u00eda reproduce de la manera m\u00e1s fiel posible la idea original de este hist\u00f3rico s\u00edmbolo.\u00a0<\/p>\n<h2>Reportaje Vida de Madrid: fotos y v\u00eddeos de la nueva estaci\u00f3n<\/h2>\n<p>Aqu\u00ed abajo dos galer\u00edas con m\u00e1s de 40 fotos y en apertura de post nuestro v\u00eddeo en el d\u00eda de apertura de Metro Gran V\u00eda.<\/p>\n\n\n<figure class=\"wp-block-gallery columns-2 is-cropped wp-block-gallery-1 is-layout-flex wp-block-gallery-is-layout-flex\"><ul class=\"blocks-gallery-grid\"><li class=\"blocks-gallery-item\"><figure><a href=\"https:\/\/www.vidademadrid.com\/es\/wp-content\/uploads\/2021\/07\/metro-gran-via-vidademadrid-14.jpg\"><img loading=\"lazy\" decoding=\"async\" width=\"768\" height=\"1024\" src=\"https:\/\/www.vidademadrid.com\/es\/wp-content\/uploads\/2021\/07\/metro-gran-via-vidademadrid-14-768x1024.jpg\" alt=\"\" data-id=\"34988\" data-full-url=\"https:\/\/www.vidademadrid.com\/es\/wp-content\/uploads\/2021\/07\/metro-gran-via-vidademadrid-14.jpg\" data-link=\"https:\/\/www.vidademadrid.com\/es\/?attachment_id=34988\" class=\"wp-image-34988\" srcset=\"https:\/\/www.vidademadrid.com\/es\/wp-content\/uploads\/2021\/07\/metro-gran-via-vidademadrid-14-768x1024.jpg 768w, https:\/\/www.vidademadrid.com\/es\/wp-content\/uploads\/2021\/07\/metro-gran-via-vidademadrid-14-225x300.jpg 225w, https:\/\/www.vidademadrid.com\/es\/wp-content\/uploads\/2021\/07\/metro-gran-via-vidademadrid-14-696x928.jpg 696w, https:\/\/www.vidademadrid.com\/es\/wp-content\/uploads\/2021\/07\/metro-gran-via-vidademadrid-14-315x420.jpg 315w, https:\/\/www.vidademadrid.com\/es\/wp-content\/uploads\/2021\/07\/metro-gran-via-vidademadrid-14.jpg 900w\" sizes=\"auto, (max-width: 768px) 100vw, 768px\" \/><\/a><\/figure><\/li><li class=\"blocks-gallery-item\"><figure><a href=\"https:\/\/www.vidademadrid.com\/es\/wp-content\/uploads\/2021\/07\/metro-gran-via-vidademadrid-55.jpg\"><img loading=\"lazy\" decoding=\"async\" width=\"768\" height=\"1024\" src=\"https:\/\/www.vidademadrid.com\/es\/wp-content\/uploads\/2021\/07\/metro-gran-via-vidademadrid-55-768x1024.jpg\" alt=\"\" data-id=\"34968\" data-full-url=\"https:\/\/www.vidademadrid.com\/es\/wp-content\/uploads\/2021\/07\/metro-gran-via-vidademadrid-55.jpg\" data-link=\"https:\/\/www.vidademadrid.com\/es\/?attachment_id=34968\" class=\"wp-image-34968\" srcset=\"https:\/\/www.vidademadrid.com\/es\/wp-content\/uploads\/2021\/07\/metro-gran-via-vidademadrid-55-768x1024.jpg 768w, https:\/\/www.vidademadrid.com\/es\/wp-content\/uploads\/2021\/07\/metro-gran-via-vidademadrid-55-225x300.jpg 225w, https:\/\/www.vidademadrid.com\/es\/wp-content\/uploads\/2021\/07\/metro-gran-via-vidademadrid-55-696x928.jpg 696w, https:\/\/www.vidademadrid.com\/es\/wp-content\/uploads\/2021\/07\/metro-gran-via-vidademadrid-55-315x420.jpg 315w, https:\/\/www.vidademadrid.com\/es\/wp-content\/uploads\/2021\/07\/metro-gran-via-vidademadrid-55.jpg 900w\" sizes=\"auto, (max-width: 768px) 100vw, 768px\" \/><\/a><\/figure><\/li><li class=\"blocks-gallery-item\"><figure><a href=\"https:\/\/www.vidademadrid.com\/es\/wp-content\/uploads\/2021\/07\/metro-gran-via-vidademadrid-51.jpg\"><img loading=\"lazy\" decoding=\"async\" width=\"768\" height=\"1024\" src=\"https:\/\/www.vidademadrid.com\/es\/wp-content\/uploads\/2021\/07\/metro-gran-via-vidademadrid-51-768x1024.jpg\" alt=\"\" data-id=\"34966\" data-full-url=\"https:\/\/www.vidademadrid.com\/es\/wp-content\/uploads\/2021\/07\/metro-gran-via-vidademadrid-51.jpg\" data-link=\"https:\/\/www.vidademadrid.com\/es\/?attachment_id=34966\" class=\"wp-image-34966\" srcset=\"https:\/\/www.vidademadrid.com\/es\/wp-content\/uploads\/2021\/07\/metro-gran-via-vidademadrid-51-768x1024.jpg 768w, https:\/\/www.vidademadrid.com\/es\/wp-content\/uploads\/2021\/07\/metro-gran-via-vidademadrid-51-225x300.jpg 225w, https:\/\/www.vidademadrid.com\/es\/wp-content\/uploads\/2021\/07\/metro-gran-via-vidademadrid-51-696x928.jpg 696w, https:\/\/www.vidademadrid.com\/es\/wp-content\/uploads\/2021\/07\/metro-gran-via-vidademadrid-51-315x420.jpg 315w, https:\/\/www.vidademadrid.com\/es\/wp-content\/uploads\/2021\/07\/metro-gran-via-vidademadrid-51.jpg 900w\" sizes=\"auto, (max-width: 768px) 100vw, 768px\" \/><\/a><\/figure><\/li><li class=\"blocks-gallery-item\"><figure><a href=\"https:\/\/www.vidademadrid.com\/es\/wp-content\/uploads\/2021\/07\/metro-gran-via-vidademadrid-54.jpg\"><img loading=\"lazy\" decoding=\"async\" width=\"768\" height=\"1024\" src=\"https:\/\/www.vidademadrid.com\/es\/wp-content\/uploads\/2021\/07\/metro-gran-via-vidademadrid-54-768x1024.jpg\" alt=\"\" data-id=\"34967\" data-full-url=\"https:\/\/www.vidademadrid.com\/es\/wp-content\/uploads\/2021\/07\/metro-gran-via-vidademadrid-54.jpg\" data-link=\"https:\/\/www.vidademadrid.com\/es\/?attachment_id=34967\" class=\"wp-image-34967\" srcset=\"https:\/\/www.vidademadrid.com\/es\/wp-content\/uploads\/2021\/07\/metro-gran-via-vidademadrid-54-768x1024.jpg 768w, https:\/\/www.vidademadrid.com\/es\/wp-content\/uploads\/2021\/07\/metro-gran-via-vidademadrid-54-225x300.jpg 225w, https:\/\/www.vidademadrid.com\/es\/wp-content\/uploads\/2021\/07\/metro-gran-via-vidademadrid-54-696x928.jpg 696w, https:\/\/www.vidademadrid.com\/es\/wp-content\/uploads\/2021\/07\/metro-gran-via-vidademadrid-54-315x420.jpg 315w, https:\/\/www.vidademadrid.com\/es\/wp-content\/uploads\/2021\/07\/metro-gran-via-vidademadrid-54.jpg 900w\" sizes=\"auto, (max-width: 768px) 100vw, 768px\" \/><\/a><\/figure><\/li><li class=\"blocks-gallery-item\"><figure><a href=\"https:\/\/www.vidademadrid.com\/es\/wp-content\/uploads\/2021\/07\/metro-gran-via-vidademadrid-56.jpg\"><img loading=\"lazy\" decoding=\"async\" width=\"768\" height=\"1024\" src=\"https:\/\/www.vidademadrid.com\/es\/wp-content\/uploads\/2021\/07\/metro-gran-via-vidademadrid-56-768x1024.jpg\" alt=\"\" data-id=\"34969\" data-full-url=\"https:\/\/www.vidademadrid.com\/es\/wp-content\/uploads\/2021\/07\/metro-gran-via-vidademadrid-56.jpg\" data-link=\"https:\/\/www.vidademadrid.com\/es\/?attachment_id=34969\" class=\"wp-image-34969\" srcset=\"https:\/\/www.vidademadrid.com\/es\/wp-content\/uploads\/2021\/07\/metro-gran-via-vidademadrid-56-768x1024.jpg 768w, https:\/\/www.vidademadrid.com\/es\/wp-content\/uploads\/2021\/07\/metro-gran-via-vidademadrid-56-225x300.jpg 225w, https:\/\/www.vidademadrid.com\/es\/wp-content\/uploads\/2021\/07\/metro-gran-via-vidademadrid-56-696x928.jpg 696w, https:\/\/www.vidademadrid.com\/es\/wp-content\/uploads\/2021\/07\/metro-gran-via-vidademadrid-56-315x420.jpg 315w, https:\/\/www.vidademadrid.com\/es\/wp-content\/uploads\/2021\/07\/metro-gran-via-vidademadrid-56.jpg 900w\" sizes=\"auto, (max-width: 768px) 100vw, 768px\" \/><\/a><\/figure><\/li><li class=\"blocks-gallery-item\"><figure><a href=\"https:\/\/www.vidademadrid.com\/es\/wp-content\/uploads\/2021\/07\/metro-gran-via-vidademadrid-31.jpg\"><img loading=\"lazy\" decoding=\"async\" width=\"768\" height=\"1024\" src=\"https:\/\/www.vidademadrid.com\/es\/wp-content\/uploads\/2021\/07\/metro-gran-via-vidademadrid-31-768x1024.jpg\" alt=\"\" data-id=\"34965\" data-full-url=\"https:\/\/www.vidademadrid.com\/es\/wp-content\/uploads\/2021\/07\/metro-gran-via-vidademadrid-31.jpg\" data-link=\"https:\/\/www.vidademadrid.com\/es\/?attachment_id=34965\" class=\"wp-image-34965\" srcset=\"https:\/\/www.vidademadrid.com\/es\/wp-content\/uploads\/2021\/07\/metro-gran-via-vidademadrid-31-768x1024.jpg 768w, https:\/\/www.vidademadrid.com\/es\/wp-content\/uploads\/2021\/07\/metro-gran-via-vidademadrid-31-225x300.jpg 225w, https:\/\/www.vidademadrid.com\/es\/wp-content\/uploads\/2021\/07\/metro-gran-via-vidademadrid-31-696x928.jpg 696w, https:\/\/www.vidademadrid.com\/es\/wp-content\/uploads\/2021\/07\/metro-gran-via-vidademadrid-31-315x420.jpg 315w, https:\/\/www.vidademadrid.com\/es\/wp-content\/uploads\/2021\/07\/metro-gran-via-vidademadrid-31.jpg 900w\" sizes=\"auto, (max-width: 768px) 100vw, 768px\" \/><\/a><\/figure><\/li><li class=\"blocks-gallery-item\"><figure><a href=\"https:\/\/www.vidademadrid.com\/es\/wp-content\/uploads\/2021\/07\/metro-gran-via-vidademadrid-63.jpg\"><img loading=\"lazy\" decoding=\"async\" width=\"768\" height=\"1024\" src=\"https:\/\/www.vidademadrid.com\/es\/wp-content\/uploads\/2021\/07\/metro-gran-via-vidademadrid-63-768x1024.jpg\" alt=\"\" data-id=\"34970\" data-full-url=\"https:\/\/www.vidademadrid.com\/es\/wp-content\/uploads\/2021\/07\/metro-gran-via-vidademadrid-63.jpg\" data-link=\"https:\/\/www.vidademadrid.com\/es\/?attachment_id=34970\" class=\"wp-image-34970\" srcset=\"https:\/\/www.vidademadrid.com\/es\/wp-content\/uploads\/2021\/07\/metro-gran-via-vidademadrid-63-768x1024.jpg 768w, https:\/\/www.vidademadrid.com\/es\/wp-content\/uploads\/2021\/07\/metro-gran-via-vidademadrid-63-225x300.jpg 225w, https:\/\/www.vidademadrid.com\/es\/wp-content\/uploads\/2021\/07\/metro-gran-via-vidademadrid-63-696x928.jpg 696w, https:\/\/www.vidademadrid.com\/es\/wp-content\/uploads\/2021\/07\/metro-gran-via-vidademadrid-63-315x420.jpg 315w, https:\/\/www.vidademadrid.com\/es\/wp-content\/uploads\/2021\/07\/metro-gran-via-vidademadrid-63.jpg 900w\" sizes=\"auto, (max-width: 768px) 100vw, 768px\" \/><\/a><\/figure><\/li><li class=\"blocks-gallery-item\"><figure><a href=\"https:\/\/www.vidademadrid.com\/es\/wp-content\/uploads\/2021\/07\/metro-gran-via-vidademadrid-64.jpg\"><img loading=\"lazy\" decoding=\"async\" width=\"768\" height=\"1024\" src=\"https:\/\/www.vidademadrid.com\/es\/wp-content\/uploads\/2021\/07\/metro-gran-via-vidademadrid-64-768x1024.jpg\" alt=\"\" data-id=\"34971\" data-full-url=\"https:\/\/www.vidademadrid.com\/es\/wp-content\/uploads\/2021\/07\/metro-gran-via-vidademadrid-64.jpg\" data-link=\"https:\/\/www.vidademadrid.com\/es\/?attachment_id=34971\" class=\"wp-image-34971\" srcset=\"https:\/\/www.vidademadrid.com\/es\/wp-content\/uploads\/2021\/07\/metro-gran-via-vidademadrid-64-768x1024.jpg 768w, https:\/\/www.vidademadrid.com\/es\/wp-content\/uploads\/2021\/07\/metro-gran-via-vidademadrid-64-225x300.jpg 225w, https:\/\/www.vidademadrid.com\/es\/wp-content\/uploads\/2021\/07\/metro-gran-via-vidademadrid-64-696x928.jpg 696w, https:\/\/www.vidademadrid.com\/es\/wp-content\/uploads\/2021\/07\/metro-gran-via-vidademadrid-64-315x420.jpg 315w, https:\/\/www.vidademadrid.com\/es\/wp-content\/uploads\/2021\/07\/metro-gran-via-vidademadrid-64.jpg 900w\" sizes=\"auto, (max-width: 768px) 100vw, 768px\" \/><\/a><\/figure><\/li><li class=\"blocks-gallery-item\"><figure><a href=\"https:\/\/www.vidademadrid.com\/es\/wp-content\/uploads\/2021\/07\/metro-gran-via-vidademadrid-68.jpg\"><img loading=\"lazy\" decoding=\"async\" width=\"1024\" height=\"768\" src=\"https:\/\/www.vidademadrid.com\/es\/wp-content\/uploads\/2021\/07\/metro-gran-via-vidademadrid-68-1024x768.jpg\" alt=\"\" data-id=\"34972\" data-full-url=\"https:\/\/www.vidademadrid.com\/es\/wp-content\/uploads\/2021\/07\/metro-gran-via-vidademadrid-68.jpg\" data-link=\"https:\/\/www.vidademadrid.com\/es\/?attachment_id=34972\" class=\"wp-image-34972\" srcset=\"https:\/\/www.vidademadrid.com\/es\/wp-content\/uploads\/2021\/07\/metro-gran-via-vidademadrid-68-1024x768.jpg 1024w, https:\/\/www.vidademadrid.com\/es\/wp-content\/uploads\/2021\/07\/metro-gran-via-vidademadrid-68-300x225.jpg 300w, https:\/\/www.vidademadrid.com\/es\/wp-content\/uploads\/2021\/07\/metro-gran-via-vidademadrid-68-768x576.jpg 768w, https:\/\/www.vidademadrid.com\/es\/wp-content\/uploads\/2021\/07\/metro-gran-via-vidademadrid-68-696x522.jpg 696w, https:\/\/www.vidademadrid.com\/es\/wp-content\/uploads\/2021\/07\/metro-gran-via-vidademadrid-68-1068x801.jpg 1068w, https:\/\/www.vidademadrid.com\/es\/wp-content\/uploads\/2021\/07\/metro-gran-via-vidademadrid-68-560x420.jpg 560w, https:\/\/www.vidademadrid.com\/es\/wp-content\/uploads\/2021\/07\/metro-gran-via-vidademadrid-68-80x60.jpg 80w, https:\/\/www.vidademadrid.com\/es\/wp-content\/uploads\/2021\/07\/metro-gran-via-vidademadrid-68-265x198.jpg 265w, https:\/\/www.vidademadrid.com\/es\/wp-content\/uploads\/2021\/07\/metro-gran-via-vidademadrid-68.jpg 1200w\" sizes=\"auto, (max-width: 1024px) 100vw, 1024px\" \/><\/a><\/figure><\/li><li class=\"blocks-gallery-item\"><figure><a href=\"https:\/\/www.vidademadrid.com\/es\/wp-content\/uploads\/2021\/07\/metro-gran-via-vidademadrid-71.jpg\"><img loading=\"lazy\" decoding=\"async\" width=\"768\" height=\"1024\" src=\"https:\/\/www.vidademadrid.com\/es\/wp-content\/uploads\/2021\/07\/metro-gran-via-vidademadrid-71-768x1024.jpg\" alt=\"\" data-id=\"34973\" data-full-url=\"https:\/\/www.vidademadrid.com\/es\/wp-content\/uploads\/2021\/07\/metro-gran-via-vidademadrid-71.jpg\" data-link=\"https:\/\/www.vidademadrid.com\/es\/?attachment_id=34973\" class=\"wp-image-34973\" srcset=\"https:\/\/www.vidademadrid.com\/es\/wp-content\/uploads\/2021\/07\/metro-gran-via-vidademadrid-71-768x1024.jpg 768w, https:\/\/www.vidademadrid.com\/es\/wp-content\/uploads\/2021\/07\/metro-gran-via-vidademadrid-71-225x300.jpg 225w, https:\/\/www.vidademadrid.com\/es\/wp-content\/uploads\/2021\/07\/metro-gran-via-vidademadrid-71-696x928.jpg 696w, https:\/\/www.vidademadrid.com\/es\/wp-content\/uploads\/2021\/07\/metro-gran-via-vidademadrid-71-315x420.jpg 315w, https:\/\/www.vidademadrid.com\/es\/wp-content\/uploads\/2021\/07\/metro-gran-via-vidademadrid-71.jpg 900w\" sizes=\"auto, (max-width: 768px) 100vw, 768px\" \/><\/a><\/figure><\/li><li class=\"blocks-gallery-item\"><figure><a href=\"https:\/\/www.vidademadrid.com\/es\/wp-content\/uploads\/2021\/07\/metro-gran-via-vidademadrid-72.jpg\"><img loading=\"lazy\" decoding=\"async\" width=\"768\" height=\"1024\" src=\"https:\/\/www.vidademadrid.com\/es\/wp-content\/uploads\/2021\/07\/metro-gran-via-vidademadrid-72-768x1024.jpg\" alt=\"\" data-id=\"34974\" data-full-url=\"https:\/\/www.vidademadrid.com\/es\/wp-content\/uploads\/2021\/07\/metro-gran-via-vidademadrid-72.jpg\" data-link=\"https:\/\/www.vidademadrid.com\/es\/?attachment_id=34974\" class=\"wp-image-34974\" srcset=\"https:\/\/www.vidademadrid.com\/es\/wp-content\/uploads\/2021\/07\/metro-gran-via-vidademadrid-72-768x1024.jpg 768w, https:\/\/www.vidademadrid.com\/es\/wp-content\/uploads\/2021\/07\/metro-gran-via-vidademadrid-72-225x300.jpg 225w, https:\/\/www.vidademadrid.com\/es\/wp-content\/uploads\/2021\/07\/metro-gran-via-vidademadrid-72-696x928.jpg 696w, https:\/\/www.vidademadrid.com\/es\/wp-content\/uploads\/2021\/07\/metro-gran-via-vidademadrid-72-315x420.jpg 315w, https:\/\/www.vidademadrid.com\/es\/wp-content\/uploads\/2021\/07\/metro-gran-via-vidademadrid-72.jpg 900w\" sizes=\"auto, (max-width: 768px) 100vw, 768px\" \/><\/a><\/figure><\/li><li class=\"blocks-gallery-item\"><figure><a href=\"https:\/\/www.vidademadrid.com\/es\/wp-content\/uploads\/2021\/07\/metro-gran-via-vidademadrid-73.jpg\"><img loading=\"lazy\" decoding=\"async\" width=\"768\" height=\"1024\" src=\"https:\/\/www.vidademadrid.com\/es\/wp-content\/uploads\/2021\/07\/metro-gran-via-vidademadrid-73-768x1024.jpg\" alt=\"\" data-id=\"34975\" data-full-url=\"https:\/\/www.vidademadrid.com\/es\/wp-content\/uploads\/2021\/07\/metro-gran-via-vidademadrid-73.jpg\" data-link=\"https:\/\/www.vidademadrid.com\/es\/?attachment_id=34975\" class=\"wp-image-34975\" srcset=\"https:\/\/www.vidademadrid.com\/es\/wp-content\/uploads\/2021\/07\/metro-gran-via-vidademadrid-73-768x1024.jpg 768w, https:\/\/www.vidademadrid.com\/es\/wp-content\/uploads\/2021\/07\/metro-gran-via-vidademadrid-73-225x300.jpg 225w, https:\/\/www.vidademadrid.com\/es\/wp-content\/uploads\/2021\/07\/metro-gran-via-vidademadrid-73-696x928.jpg 696w, https:\/\/www.vidademadrid.com\/es\/wp-content\/uploads\/2021\/07\/metro-gran-via-vidademadrid-73-315x420.jpg 315w, https:\/\/www.vidademadrid.com\/es\/wp-content\/uploads\/2021\/07\/metro-gran-via-vidademadrid-73.jpg 900w\" sizes=\"auto, (max-width: 768px) 100vw, 768px\" \/><\/a><\/figure><\/li><li class=\"blocks-gallery-item\"><figure><a href=\"https:\/\/www.vidademadrid.com\/es\/wp-content\/uploads\/2021\/07\/metro-gran-via-vidademadrid-75.jpg\"><img loading=\"lazy\" decoding=\"async\" width=\"1024\" height=\"768\" src=\"https:\/\/www.vidademadrid.com\/es\/wp-content\/uploads\/2021\/07\/metro-gran-via-vidademadrid-75-1024x768.jpg\" alt=\"\" data-id=\"34976\" data-full-url=\"https:\/\/www.vidademadrid.com\/es\/wp-content\/uploads\/2021\/07\/metro-gran-via-vidademadrid-75.jpg\" data-link=\"https:\/\/www.vidademadrid.com\/es\/?attachment_id=34976\" class=\"wp-image-34976\" srcset=\"https:\/\/www.vidademadrid.com\/es\/wp-content\/uploads\/2021\/07\/metro-gran-via-vidademadrid-75-1024x768.jpg 1024w, https:\/\/www.vidademadrid.com\/es\/wp-content\/uploads\/2021\/07\/metro-gran-via-vidademadrid-75-300x225.jpg 300w, https:\/\/www.vidademadrid.com\/es\/wp-content\/uploads\/2021\/07\/metro-gran-via-vidademadrid-75-768x576.jpg 768w, https:\/\/www.vidademadrid.com\/es\/wp-content\/uploads\/2021\/07\/metro-gran-via-vidademadrid-75-696x522.jpg 696w, https:\/\/www.vidademadrid.com\/es\/wp-content\/uploads\/2021\/07\/metro-gran-via-vidademadrid-75-1068x801.jpg 1068w, https:\/\/www.vidademadrid.com\/es\/wp-content\/uploads\/2021\/07\/metro-gran-via-vidademadrid-75-560x420.jpg 560w, https:\/\/www.vidademadrid.com\/es\/wp-content\/uploads\/2021\/07\/metro-gran-via-vidademadrid-75-80x60.jpg 80w, https:\/\/www.vidademadrid.com\/es\/wp-content\/uploads\/2021\/07\/metro-gran-via-vidademadrid-75-265x198.jpg 265w, https:\/\/www.vidademadrid.com\/es\/wp-content\/uploads\/2021\/07\/metro-gran-via-vidademadrid-75.jpg 1200w\" sizes=\"auto, (max-width: 1024px) 100vw, 1024px\" \/><\/a><\/figure><\/li><li class=\"blocks-gallery-item\"><figure><a href=\"https:\/\/www.vidademadrid.com\/es\/wp-content\/uploads\/2021\/07\/metro-gran-via-vidademadrid-76.jpg\"><img loading=\"lazy\" decoding=\"async\" width=\"1024\" height=\"768\" src=\"https:\/\/www.vidademadrid.com\/es\/wp-content\/uploads\/2021\/07\/metro-gran-via-vidademadrid-76-1024x768.jpg\" alt=\"\" data-id=\"34977\" data-full-url=\"https:\/\/www.vidademadrid.com\/es\/wp-content\/uploads\/2021\/07\/metro-gran-via-vidademadrid-76.jpg\" data-link=\"https:\/\/www.vidademadrid.com\/es\/?attachment_id=34977\" class=\"wp-image-34977\" srcset=\"https:\/\/www.vidademadrid.com\/es\/wp-content\/uploads\/2021\/07\/metro-gran-via-vidademadrid-76-1024x768.jpg 1024w, https:\/\/www.vidademadrid.com\/es\/wp-content\/uploads\/2021\/07\/metro-gran-via-vidademadrid-76-300x225.jpg 300w, https:\/\/www.vidademadrid.com\/es\/wp-content\/uploads\/2021\/07\/metro-gran-via-vidademadrid-76-768x576.jpg 768w, https:\/\/www.vidademadrid.com\/es\/wp-content\/uploads\/2021\/07\/metro-gran-via-vidademadrid-76-696x522.jpg 696w, https:\/\/www.vidademadrid.com\/es\/wp-content\/uploads\/2021\/07\/metro-gran-via-vidademadrid-76-1068x801.jpg 1068w, https:\/\/www.vidademadrid.com\/es\/wp-content\/uploads\/2021\/07\/metro-gran-via-vidademadrid-76-560x420.jpg 560w, https:\/\/www.vidademadrid.com\/es\/wp-content\/uploads\/2021\/07\/metro-gran-via-vidademadrid-76-80x60.jpg 80w, https:\/\/www.vidademadrid.com\/es\/wp-content\/uploads\/2021\/07\/metro-gran-via-vidademadrid-76-265x198.jpg 265w, https:\/\/www.vidademadrid.com\/es\/wp-content\/uploads\/2021\/07\/metro-gran-via-vidademadrid-76.jpg 1200w\" sizes=\"auto, (max-width: 1024px) 100vw, 1024px\" \/><\/a><\/figure><\/li><li class=\"blocks-gallery-item\"><figure><a href=\"https:\/\/www.vidademadrid.com\/es\/wp-content\/uploads\/2021\/07\/metro-gran-via-vidademadrid-78.jpg\"><img loading=\"lazy\" decoding=\"async\" width=\"768\" height=\"1024\" src=\"https:\/\/www.vidademadrid.com\/es\/wp-content\/uploads\/2021\/07\/metro-gran-via-vidademadrid-78-768x1024.jpg\" alt=\"\" data-id=\"34978\" data-full-url=\"https:\/\/www.vidademadrid.com\/es\/wp-content\/uploads\/2021\/07\/metro-gran-via-vidademadrid-78.jpg\" data-link=\"https:\/\/www.vidademadrid.com\/es\/?attachment_id=34978\" class=\"wp-image-34978\" srcset=\"https:\/\/www.vidademadrid.com\/es\/wp-content\/uploads\/2021\/07\/metro-gran-via-vidademadrid-78-768x1024.jpg 768w, https:\/\/www.vidademadrid.com\/es\/wp-content\/uploads\/2021\/07\/metro-gran-via-vidademadrid-78-225x300.jpg 225w, https:\/\/www.vidademadrid.com\/es\/wp-content\/uploads\/2021\/07\/metro-gran-via-vidademadrid-78-696x928.jpg 696w, https:\/\/www.vidademadrid.com\/es\/wp-content\/uploads\/2021\/07\/metro-gran-via-vidademadrid-78-315x420.jpg 315w, https:\/\/www.vidademadrid.com\/es\/wp-content\/uploads\/2021\/07\/metro-gran-via-vidademadrid-78.jpg 900w\" sizes=\"auto, (max-width: 768px) 100vw, 768px\" \/><\/a><\/figure><\/li><li class=\"blocks-gallery-item\"><figure><a href=\"https:\/\/www.vidademadrid.com\/es\/wp-content\/uploads\/2021\/07\/metro-gran-via-vidademadrid-81.jpg\"><img loading=\"lazy\" decoding=\"async\" width=\"1024\" height=\"768\" src=\"https:\/\/www.vidademadrid.com\/es\/wp-content\/uploads\/2021\/07\/metro-gran-via-vidademadrid-81-1024x768.jpg\" alt=\"\" data-id=\"34979\" data-full-url=\"https:\/\/www.vidademadrid.com\/es\/wp-content\/uploads\/2021\/07\/metro-gran-via-vidademadrid-81.jpg\" data-link=\"https:\/\/www.vidademadrid.com\/es\/?attachment_id=34979\" class=\"wp-image-34979\" srcset=\"https:\/\/www.vidademadrid.com\/es\/wp-content\/uploads\/2021\/07\/metro-gran-via-vidademadrid-81-1024x768.jpg 1024w, https:\/\/www.vidademadrid.com\/es\/wp-content\/uploads\/2021\/07\/metro-gran-via-vidademadrid-81-300x225.jpg 300w, https:\/\/www.vidademadrid.com\/es\/wp-content\/uploads\/2021\/07\/metro-gran-via-vidademadrid-81-768x576.jpg 768w, https:\/\/www.vidademadrid.com\/es\/wp-content\/uploads\/2021\/07\/metro-gran-via-vidademadrid-81-696x522.jpg 696w, https:\/\/www.vidademadrid.com\/es\/wp-content\/uploads\/2021\/07\/metro-gran-via-vidademadrid-81-1068x801.jpg 1068w, https:\/\/www.vidademadrid.com\/es\/wp-content\/uploads\/2021\/07\/metro-gran-via-vidademadrid-81-560x420.jpg 560w, https:\/\/www.vidademadrid.com\/es\/wp-content\/uploads\/2021\/07\/metro-gran-via-vidademadrid-81-80x60.jpg 80w, https:\/\/www.vidademadrid.com\/es\/wp-content\/uploads\/2021\/07\/metro-gran-via-vidademadrid-81-265x198.jpg 265w, https:\/\/www.vidademadrid.com\/es\/wp-content\/uploads\/2021\/07\/metro-gran-via-vidademadrid-81.jpg 1200w\" sizes=\"auto, (max-width: 1024px) 100vw, 1024px\" \/><\/a><\/figure><\/li><li class=\"blocks-gallery-item\"><figure><a href=\"https:\/\/www.vidademadrid.com\/es\/wp-content\/uploads\/2021\/07\/metro-gran-via-vidademadrid-82.jpg\"><img loading=\"lazy\" decoding=\"async\" width=\"768\" height=\"1024\" src=\"https:\/\/www.vidademadrid.com\/es\/wp-content\/uploads\/2021\/07\/metro-gran-via-vidademadrid-82-768x1024.jpg\" alt=\"\" data-id=\"34980\" data-full-url=\"https:\/\/www.vidademadrid.com\/es\/wp-content\/uploads\/2021\/07\/metro-gran-via-vidademadrid-82.jpg\" data-link=\"https:\/\/www.vidademadrid.com\/es\/?attachment_id=34980\" class=\"wp-image-34980\" srcset=\"https:\/\/www.vidademadrid.com\/es\/wp-content\/uploads\/2021\/07\/metro-gran-via-vidademadrid-82-768x1024.jpg 768w, https:\/\/www.vidademadrid.com\/es\/wp-content\/uploads\/2021\/07\/metro-gran-via-vidademadrid-82-225x300.jpg 225w, https:\/\/www.vidademadrid.com\/es\/wp-content\/uploads\/2021\/07\/metro-gran-via-vidademadrid-82-696x928.jpg 696w, https:\/\/www.vidademadrid.com\/es\/wp-content\/uploads\/2021\/07\/metro-gran-via-vidademadrid-82-315x420.jpg 315w, https:\/\/www.vidademadrid.com\/es\/wp-content\/uploads\/2021\/07\/metro-gran-via-vidademadrid-82.jpg 900w\" sizes=\"auto, (max-width: 768px) 100vw, 768px\" \/><\/a><\/figure><\/li><li class=\"blocks-gallery-item\"><figure><a href=\"https:\/\/www.vidademadrid.com\/es\/wp-content\/uploads\/2021\/07\/metro-gran-via-vidademadrid-86.jpg\"><img loading=\"lazy\" decoding=\"async\" width=\"768\" height=\"1024\" src=\"https:\/\/www.vidademadrid.com\/es\/wp-content\/uploads\/2021\/07\/metro-gran-via-vidademadrid-86-768x1024.jpg\" alt=\"\" data-id=\"34981\" data-full-url=\"https:\/\/www.vidademadrid.com\/es\/wp-content\/uploads\/2021\/07\/metro-gran-via-vidademadrid-86.jpg\" data-link=\"https:\/\/www.vidademadrid.com\/es\/?attachment_id=34981\" class=\"wp-image-34981\" srcset=\"https:\/\/www.vidademadrid.com\/es\/wp-content\/uploads\/2021\/07\/metro-gran-via-vidademadrid-86-768x1024.jpg 768w, https:\/\/www.vidademadrid.com\/es\/wp-content\/uploads\/2021\/07\/metro-gran-via-vidademadrid-86-225x300.jpg 225w, https:\/\/www.vidademadrid.com\/es\/wp-content\/uploads\/2021\/07\/metro-gran-via-vidademadrid-86-696x928.jpg 696w, https:\/\/www.vidademadrid.com\/es\/wp-content\/uploads\/2021\/07\/metro-gran-via-vidademadrid-86-315x420.jpg 315w, https:\/\/www.vidademadrid.com\/es\/wp-content\/uploads\/2021\/07\/metro-gran-via-vidademadrid-86.jpg 900w\" sizes=\"auto, (max-width: 768px) 100vw, 768px\" \/><\/a><\/figure><\/li><li class=\"blocks-gallery-item\"><figure><a href=\"https:\/\/www.vidademadrid.com\/es\/wp-content\/uploads\/2021\/07\/metro-gran-via-vidademadrid-90.jpg\"><img loading=\"lazy\" decoding=\"async\" width=\"1024\" height=\"768\" src=\"https:\/\/www.vidademadrid.com\/es\/wp-content\/uploads\/2021\/07\/metro-gran-via-vidademadrid-90-1024x768.jpg\" alt=\"\" data-id=\"34982\" data-full-url=\"https:\/\/www.vidademadrid.com\/es\/wp-content\/uploads\/2021\/07\/metro-gran-via-vidademadrid-90.jpg\" data-link=\"https:\/\/www.vidademadrid.com\/es\/?attachment_id=34982\" class=\"wp-image-34982\" srcset=\"https:\/\/www.vidademadrid.com\/es\/wp-content\/uploads\/2021\/07\/metro-gran-via-vidademadrid-90-1024x768.jpg 1024w, https:\/\/www.vidademadrid.com\/es\/wp-content\/uploads\/2021\/07\/metro-gran-via-vidademadrid-90-300x225.jpg 300w, https:\/\/www.vidademadrid.com\/es\/wp-content\/uploads\/2021\/07\/metro-gran-via-vidademadrid-90-768x576.jpg 768w, https:\/\/www.vidademadrid.com\/es\/wp-content\/uploads\/2021\/07\/metro-gran-via-vidademadrid-90-696x522.jpg 696w, https:\/\/www.vidademadrid.com\/es\/wp-content\/uploads\/2021\/07\/metro-gran-via-vidademadrid-90-1068x801.jpg 1068w, https:\/\/www.vidademadrid.com\/es\/wp-content\/uploads\/2021\/07\/metro-gran-via-vidademadrid-90-560x420.jpg 560w, https:\/\/www.vidademadrid.com\/es\/wp-content\/uploads\/2021\/07\/metro-gran-via-vidademadrid-90-80x60.jpg 80w, https:\/\/www.vidademadrid.com\/es\/wp-content\/uploads\/2021\/07\/metro-gran-via-vidademadrid-90-265x198.jpg 265w, https:\/\/www.vidademadrid.com\/es\/wp-content\/uploads\/2021\/07\/metro-gran-via-vidademadrid-90.jpg 1200w\" sizes=\"auto, (max-width: 1024px) 100vw, 1024px\" \/><\/a><\/figure><\/li><li class=\"blocks-gallery-item\"><figure><a href=\"https:\/\/www.vidademadrid.com\/es\/wp-content\/uploads\/2021\/07\/metro-gran-via-vidademadrid-01.jpg\"><img loading=\"lazy\" decoding=\"async\" width=\"1024\" height=\"768\" src=\"https:\/\/www.vidademadrid.com\/es\/wp-content\/uploads\/2021\/07\/metro-gran-via-vidademadrid-01-1024x768.jpg\" alt=\"\" data-id=\"34983\" data-full-url=\"https:\/\/www.vidademadrid.com\/es\/wp-content\/uploads\/2021\/07\/metro-gran-via-vidademadrid-01.jpg\" data-link=\"https:\/\/www.vidademadrid.com\/es\/?attachment_id=34983\" class=\"wp-image-34983\" srcset=\"https:\/\/www.vidademadrid.com\/es\/wp-content\/uploads\/2021\/07\/metro-gran-via-vidademadrid-01-1024x768.jpg 1024w, https:\/\/www.vidademadrid.com\/es\/wp-content\/uploads\/2021\/07\/metro-gran-via-vidademadrid-01-300x225.jpg 300w, https:\/\/www.vidademadrid.com\/es\/wp-content\/uploads\/2021\/07\/metro-gran-via-vidademadrid-01-768x576.jpg 768w, https:\/\/www.vidademadrid.com\/es\/wp-content\/uploads\/2021\/07\/metro-gran-via-vidademadrid-01-696x522.jpg 696w, https:\/\/www.vidademadrid.com\/es\/wp-content\/uploads\/2021\/07\/metro-gran-via-vidademadrid-01-1068x801.jpg 1068w, https:\/\/www.vidademadrid.com\/es\/wp-content\/uploads\/2021\/07\/metro-gran-via-vidademadrid-01-560x420.jpg 560w, https:\/\/www.vidademadrid.com\/es\/wp-content\/uploads\/2021\/07\/metro-gran-via-vidademadrid-01-80x60.jpg 80w, https:\/\/www.vidademadrid.com\/es\/wp-content\/uploads\/2021\/07\/metro-gran-via-vidademadrid-01-265x198.jpg 265w, https:\/\/www.vidademadrid.com\/es\/wp-content\/uploads\/2021\/07\/metro-gran-via-vidademadrid-01.jpg 1200w\" sizes=\"auto, (max-width: 1024px) 100vw, 1024px\" \/><\/a><\/figure><\/li><li class=\"blocks-gallery-item\"><figure><a href=\"https:\/\/www.vidademadrid.com\/es\/wp-content\/uploads\/2021\/07\/metro-gran-via-vidademadrid-04.jpg\"><img loading=\"lazy\" decoding=\"async\" width=\"768\" height=\"1024\" src=\"https:\/\/www.vidademadrid.com\/es\/wp-content\/uploads\/2021\/07\/metro-gran-via-vidademadrid-04-768x1024.jpg\" alt=\"\" data-id=\"34984\" data-full-url=\"https:\/\/www.vidademadrid.com\/es\/wp-content\/uploads\/2021\/07\/metro-gran-via-vidademadrid-04.jpg\" data-link=\"https:\/\/www.vidademadrid.com\/es\/?attachment_id=34984\" class=\"wp-image-34984\" srcset=\"https:\/\/www.vidademadrid.com\/es\/wp-content\/uploads\/2021\/07\/metro-gran-via-vidademadrid-04-768x1024.jpg 768w, https:\/\/www.vidademadrid.com\/es\/wp-content\/uploads\/2021\/07\/metro-gran-via-vidademadrid-04-225x300.jpg 225w, https:\/\/www.vidademadrid.com\/es\/wp-content\/uploads\/2021\/07\/metro-gran-via-vidademadrid-04-696x928.jpg 696w, https:\/\/www.vidademadrid.com\/es\/wp-content\/uploads\/2021\/07\/metro-gran-via-vidademadrid-04-315x420.jpg 315w, https:\/\/www.vidademadrid.com\/es\/wp-content\/uploads\/2021\/07\/metro-gran-via-vidademadrid-04.jpg 900w\" sizes=\"auto, (max-width: 768px) 100vw, 768px\" \/><\/a><\/figure><\/li><li class=\"blocks-gallery-item\"><figure><a href=\"https:\/\/www.vidademadrid.com\/es\/wp-content\/uploads\/2021\/07\/metro-gran-via-vidademadrid-06.jpg\"><img loading=\"lazy\" decoding=\"async\" width=\"768\" height=\"1024\" src=\"https:\/\/www.vidademadrid.com\/es\/wp-content\/uploads\/2021\/07\/metro-gran-via-vidademadrid-06-768x1024.jpg\" alt=\"\" data-id=\"34985\" data-full-url=\"https:\/\/www.vidademadrid.com\/es\/wp-content\/uploads\/2021\/07\/metro-gran-via-vidademadrid-06.jpg\" data-link=\"https:\/\/www.vidademadrid.com\/es\/?attachment_id=34985\" class=\"wp-image-34985\" srcset=\"https:\/\/www.vidademadrid.com\/es\/wp-content\/uploads\/2021\/07\/metro-gran-via-vidademadrid-06-768x1024.jpg 768w, https:\/\/www.vidademadrid.com\/es\/wp-content\/uploads\/2021\/07\/metro-gran-via-vidademadrid-06-225x300.jpg 225w, https:\/\/www.vidademadrid.com\/es\/wp-content\/uploads\/2021\/07\/metro-gran-via-vidademadrid-06-696x928.jpg 696w, https:\/\/www.vidademadrid.com\/es\/wp-content\/uploads\/2021\/07\/metro-gran-via-vidademadrid-06-315x420.jpg 315w, https:\/\/www.vidademadrid.com\/es\/wp-content\/uploads\/2021\/07\/metro-gran-via-vidademadrid-06.jpg 900w\" sizes=\"auto, (max-width: 768px) 100vw, 768px\" \/><\/a><\/figure><\/li><li class=\"blocks-gallery-item\"><figure><a href=\"https:\/\/www.vidademadrid.com\/es\/wp-content\/uploads\/2021\/07\/metro-gran-via-vidademadrid-09.jpg\"><img loading=\"lazy\" decoding=\"async\" width=\"768\" height=\"1024\" src=\"https:\/\/www.vidademadrid.com\/es\/wp-content\/uploads\/2021\/07\/metro-gran-via-vidademadrid-09-768x1024.jpg\" alt=\"\" data-id=\"34986\" data-full-url=\"https:\/\/www.vidademadrid.com\/es\/wp-content\/uploads\/2021\/07\/metro-gran-via-vidademadrid-09.jpg\" data-link=\"https:\/\/www.vidademadrid.com\/es\/?attachment_id=34986\" class=\"wp-image-34986\" srcset=\"https:\/\/www.vidademadrid.com\/es\/wp-content\/uploads\/2021\/07\/metro-gran-via-vidademadrid-09-768x1024.jpg 768w, https:\/\/www.vidademadrid.com\/es\/wp-content\/uploads\/2021\/07\/metro-gran-via-vidademadrid-09-225x300.jpg 225w, https:\/\/www.vidademadrid.com\/es\/wp-content\/uploads\/2021\/07\/metro-gran-via-vidademadrid-09-696x928.jpg 696w, https:\/\/www.vidademadrid.com\/es\/wp-content\/uploads\/2021\/07\/metro-gran-via-vidademadrid-09-315x420.jpg 315w, https:\/\/www.vidademadrid.com\/es\/wp-content\/uploads\/2021\/07\/metro-gran-via-vidademadrid-09.jpg 900w\" sizes=\"auto, (max-width: 768px) 100vw, 768px\" \/><\/a><\/figure><\/li><li class=\"blocks-gallery-item\"><figure><a href=\"https:\/\/www.vidademadrid.com\/es\/wp-content\/uploads\/2021\/07\/metro-gran-via-vidademadrid-10.jpg\"><img loading=\"lazy\" decoding=\"async\" width=\"768\" height=\"1024\" src=\"https:\/\/www.vidademadrid.com\/es\/wp-content\/uploads\/2021\/07\/metro-gran-via-vidademadrid-10-768x1024.jpg\" alt=\"\" data-id=\"34987\" data-full-url=\"https:\/\/www.vidademadrid.com\/es\/wp-content\/uploads\/2021\/07\/metro-gran-via-vidademadrid-10.jpg\" data-link=\"https:\/\/www.vidademadrid.com\/es\/?attachment_id=34987\" class=\"wp-image-34987\" srcset=\"https:\/\/www.vidademadrid.com\/es\/wp-content\/uploads\/2021\/07\/metro-gran-via-vidademadrid-10-768x1024.jpg 768w, https:\/\/www.vidademadrid.com\/es\/wp-content\/uploads\/2021\/07\/metro-gran-via-vidademadrid-10-225x300.jpg 225w, https:\/\/www.vidademadrid.com\/es\/wp-content\/uploads\/2021\/07\/metro-gran-via-vidademadrid-10-696x928.jpg 696w, https:\/\/www.vidademadrid.com\/es\/wp-content\/uploads\/2021\/07\/metro-gran-via-vidademadrid-10-315x420.jpg 315w, https:\/\/www.vidademadrid.com\/es\/wp-content\/uploads\/2021\/07\/metro-gran-via-vidademadrid-10.jpg 900w\" sizes=\"auto, (max-width: 768px) 100vw, 768px\" \/><\/a><\/figure><\/li><li class=\"blocks-gallery-item\"><figure><a href=\"https:\/\/www.vidademadrid.com\/es\/wp-content\/uploads\/2021\/07\/metro-gran-via-vidademadrid-15.jpg\"><img loading=\"lazy\" decoding=\"async\" width=\"768\" height=\"1024\" src=\"https:\/\/www.vidademadrid.com\/es\/wp-content\/uploads\/2021\/07\/metro-gran-via-vidademadrid-15-768x1024.jpg\" alt=\"\" data-id=\"34989\" data-full-url=\"https:\/\/www.vidademadrid.com\/es\/wp-content\/uploads\/2021\/07\/metro-gran-via-vidademadrid-15.jpg\" data-link=\"https:\/\/www.vidademadrid.com\/es\/?attachment_id=34989\" class=\"wp-image-34989\" srcset=\"https:\/\/www.vidademadrid.com\/es\/wp-content\/uploads\/2021\/07\/metro-gran-via-vidademadrid-15-768x1024.jpg 768w, https:\/\/www.vidademadrid.com\/es\/wp-content\/uploads\/2021\/07\/metro-gran-via-vidademadrid-15-225x300.jpg 225w, https:\/\/www.vidademadrid.com\/es\/wp-content\/uploads\/2021\/07\/metro-gran-via-vidademadrid-15-696x928.jpg 696w, https:\/\/www.vidademadrid.com\/es\/wp-content\/uploads\/2021\/07\/metro-gran-via-vidademadrid-15-315x420.jpg 315w, https:\/\/www.vidademadrid.com\/es\/wp-content\/uploads\/2021\/07\/metro-gran-via-vidademadrid-15.jpg 900w\" sizes=\"auto, (max-width: 768px) 100vw, 768px\" \/><\/a><\/figure><\/li><li class=\"blocks-gallery-item\"><figure><a href=\"https:\/\/www.vidademadrid.com\/es\/wp-content\/uploads\/2021\/07\/metro-gran-via-vidademadrid-16.jpg\"><img loading=\"lazy\" decoding=\"async\" width=\"1024\" height=\"768\" src=\"https:\/\/www.vidademadrid.com\/es\/wp-content\/uploads\/2021\/07\/metro-gran-via-vidademadrid-16-1024x768.jpg\" alt=\"\" data-id=\"34990\" data-full-url=\"https:\/\/www.vidademadrid.com\/es\/wp-content\/uploads\/2021\/07\/metro-gran-via-vidademadrid-16.jpg\" data-link=\"https:\/\/www.vidademadrid.com\/es\/?attachment_id=34990\" class=\"wp-image-34990\" srcset=\"https:\/\/www.vidademadrid.com\/es\/wp-content\/uploads\/2021\/07\/metro-gran-via-vidademadrid-16-1024x768.jpg 1024w, https:\/\/www.vidademadrid.com\/es\/wp-content\/uploads\/2021\/07\/metro-gran-via-vidademadrid-16-300x225.jpg 300w, https:\/\/www.vidademadrid.com\/es\/wp-content\/uploads\/2021\/07\/metro-gran-via-vidademadrid-16-768x576.jpg 768w, https:\/\/www.vidademadrid.com\/es\/wp-content\/uploads\/2021\/07\/metro-gran-via-vidademadrid-16-696x522.jpg 696w, https:\/\/www.vidademadrid.com\/es\/wp-content\/uploads\/2021\/07\/metro-gran-via-vidademadrid-16-1068x801.jpg 1068w, https:\/\/www.vidademadrid.com\/es\/wp-content\/uploads\/2021\/07\/metro-gran-via-vidademadrid-16-560x420.jpg 560w, https:\/\/www.vidademadrid.com\/es\/wp-content\/uploads\/2021\/07\/metro-gran-via-vidademadrid-16-80x60.jpg 80w, https:\/\/www.vidademadrid.com\/es\/wp-content\/uploads\/2021\/07\/metro-gran-via-vidademadrid-16-265x198.jpg 265w, https:\/\/www.vidademadrid.com\/es\/wp-content\/uploads\/2021\/07\/metro-gran-via-vidademadrid-16.jpg 1200w\" sizes=\"auto, (max-width: 1024px) 100vw, 1024px\" \/><\/a><\/figure><\/li><li class=\"blocks-gallery-item\"><figure><a href=\"https:\/\/www.vidademadrid.com\/es\/wp-content\/uploads\/2021\/07\/metro-gran-via-vidademadrid-17.jpg\"><img loading=\"lazy\" decoding=\"async\" width=\"768\" height=\"1024\" src=\"https:\/\/www.vidademadrid.com\/es\/wp-content\/uploads\/2021\/07\/metro-gran-via-vidademadrid-17-768x1024.jpg\" alt=\"\" data-id=\"34991\" data-full-url=\"https:\/\/www.vidademadrid.com\/es\/wp-content\/uploads\/2021\/07\/metro-gran-via-vidademadrid-17.jpg\" data-link=\"https:\/\/www.vidademadrid.com\/es\/?attachment_id=34991\" class=\"wp-image-34991\" srcset=\"https:\/\/www.vidademadrid.com\/es\/wp-content\/uploads\/2021\/07\/metro-gran-via-vidademadrid-17-768x1024.jpg 768w, https:\/\/www.vidademadrid.com\/es\/wp-content\/uploads\/2021\/07\/metro-gran-via-vidademadrid-17-225x300.jpg 225w, https:\/\/www.vidademadrid.com\/es\/wp-content\/uploads\/2021\/07\/metro-gran-via-vidademadrid-17-696x928.jpg 696w, https:\/\/www.vidademadrid.com\/es\/wp-content\/uploads\/2021\/07\/metro-gran-via-vidademadrid-17-315x420.jpg 315w, https:\/\/www.vidademadrid.com\/es\/wp-content\/uploads\/2021\/07\/metro-gran-via-vidademadrid-17.jpg 900w\" sizes=\"auto, (max-width: 768px) 100vw, 768px\" \/><\/a><\/figure><\/li><li class=\"blocks-gallery-item\"><figure><a href=\"https:\/\/www.vidademadrid.com\/es\/wp-content\/uploads\/2021\/07\/metro-gran-via-vidademadrid-18.jpg\"><img loading=\"lazy\" decoding=\"async\" width=\"768\" height=\"1024\" src=\"https:\/\/www.vidademadrid.com\/es\/wp-content\/uploads\/2021\/07\/metro-gran-via-vidademadrid-18-768x1024.jpg\" alt=\"\" data-id=\"34992\" data-full-url=\"https:\/\/www.vidademadrid.com\/es\/wp-content\/uploads\/2021\/07\/metro-gran-via-vidademadrid-18.jpg\" data-link=\"https:\/\/www.vidademadrid.com\/es\/?attachment_id=34992\" class=\"wp-image-34992\" srcset=\"https:\/\/www.vidademadrid.com\/es\/wp-content\/uploads\/2021\/07\/metro-gran-via-vidademadrid-18-768x1024.jpg 768w, https:\/\/www.vidademadrid.com\/es\/wp-content\/uploads\/2021\/07\/metro-gran-via-vidademadrid-18-225x300.jpg 225w, https:\/\/www.vidademadrid.com\/es\/wp-content\/uploads\/2021\/07\/metro-gran-via-vidademadrid-18-696x928.jpg 696w, https:\/\/www.vidademadrid.com\/es\/wp-content\/uploads\/2021\/07\/metro-gran-via-vidademadrid-18-315x420.jpg 315w, https:\/\/www.vidademadrid.com\/es\/wp-content\/uploads\/2021\/07\/metro-gran-via-vidademadrid-18.jpg 900w\" sizes=\"auto, (max-width: 768px) 100vw, 768px\" \/><\/a><\/figure><\/li><li class=\"blocks-gallery-item\"><figure><a href=\"https:\/\/www.vidademadrid.com\/es\/wp-content\/uploads\/2021\/07\/metro-gran-via-vidademadrid-19.jpg\"><img loading=\"lazy\" decoding=\"async\" width=\"768\" height=\"1024\" src=\"https:\/\/www.vidademadrid.com\/es\/wp-content\/uploads\/2021\/07\/metro-gran-via-vidademadrid-19-768x1024.jpg\" alt=\"\" data-id=\"34993\" data-full-url=\"https:\/\/www.vidademadrid.com\/es\/wp-content\/uploads\/2021\/07\/metro-gran-via-vidademadrid-19.jpg\" data-link=\"https:\/\/www.vidademadrid.com\/es\/?attachment_id=34993\" class=\"wp-image-34993\" srcset=\"https:\/\/www.vidademadrid.com\/es\/wp-content\/uploads\/2021\/07\/metro-gran-via-vidademadrid-19-768x1024.jpg 768w, https:\/\/www.vidademadrid.com\/es\/wp-content\/uploads\/2021\/07\/metro-gran-via-vidademadrid-19-225x300.jpg 225w, https:\/\/www.vidademadrid.com\/es\/wp-content\/uploads\/2021\/07\/metro-gran-via-vidademadrid-19-696x928.jpg 696w, https:\/\/www.vidademadrid.com\/es\/wp-content\/uploads\/2021\/07\/metro-gran-via-vidademadrid-19-315x420.jpg 315w, https:\/\/www.vidademadrid.com\/es\/wp-content\/uploads\/2021\/07\/metro-gran-via-vidademadrid-19.jpg 900w\" sizes=\"auto, (max-width: 768px) 100vw, 768px\" \/><\/a><\/figure><\/li><li class=\"blocks-gallery-item\"><figure><a href=\"https:\/\/www.vidademadrid.com\/es\/wp-content\/uploads\/2021\/07\/metro-gran-via-vidademadrid-20.jpg\"><img loading=\"lazy\" decoding=\"async\" width=\"768\" height=\"1024\" src=\"https:\/\/www.vidademadrid.com\/es\/wp-content\/uploads\/2021\/07\/metro-gran-via-vidademadrid-20-768x1024.jpg\" alt=\"\" data-id=\"34994\" data-full-url=\"https:\/\/www.vidademadrid.com\/es\/wp-content\/uploads\/2021\/07\/metro-gran-via-vidademadrid-20.jpg\" data-link=\"https:\/\/www.vidademadrid.com\/es\/?attachment_id=34994\" class=\"wp-image-34994\" srcset=\"https:\/\/www.vidademadrid.com\/es\/wp-content\/uploads\/2021\/07\/metro-gran-via-vidademadrid-20-768x1024.jpg 768w, https:\/\/www.vidademadrid.com\/es\/wp-content\/uploads\/2021\/07\/metro-gran-via-vidademadrid-20-225x300.jpg 225w, https:\/\/www.vidademadrid.com\/es\/wp-content\/uploads\/2021\/07\/metro-gran-via-vidademadrid-20-696x928.jpg 696w, https:\/\/www.vidademadrid.com\/es\/wp-content\/uploads\/2021\/07\/metro-gran-via-vidademadrid-20-315x420.jpg 315w, https:\/\/www.vidademadrid.com\/es\/wp-content\/uploads\/2021\/07\/metro-gran-via-vidademadrid-20.jpg 900w\" sizes=\"auto, (max-width: 768px) 100vw, 768px\" \/><\/a><\/figure><\/li><li class=\"blocks-gallery-item\"><figure><a href=\"https:\/\/www.vidademadrid.com\/es\/wp-content\/uploads\/2021\/07\/metro-gran-via-vidademadrid-22.jpg\"><img loading=\"lazy\" decoding=\"async\" width=\"1024\" height=\"768\" src=\"https:\/\/www.vidademadrid.com\/es\/wp-content\/uploads\/2021\/07\/metro-gran-via-vidademadrid-22-1024x768.jpg\" alt=\"\" data-id=\"34995\" data-full-url=\"https:\/\/www.vidademadrid.com\/es\/wp-content\/uploads\/2021\/07\/metro-gran-via-vidademadrid-22.jpg\" data-link=\"https:\/\/www.vidademadrid.com\/es\/?attachment_id=34995\" class=\"wp-image-34995\" srcset=\"https:\/\/www.vidademadrid.com\/es\/wp-content\/uploads\/2021\/07\/metro-gran-via-vidademadrid-22-1024x768.jpg 1024w, https:\/\/www.vidademadrid.com\/es\/wp-content\/uploads\/2021\/07\/metro-gran-via-vidademadrid-22-300x225.jpg 300w, https:\/\/www.vidademadrid.com\/es\/wp-content\/uploads\/2021\/07\/metro-gran-via-vidademadrid-22-768x576.jpg 768w, https:\/\/www.vidademadrid.com\/es\/wp-content\/uploads\/2021\/07\/metro-gran-via-vidademadrid-22-696x522.jpg 696w, https:\/\/www.vidademadrid.com\/es\/wp-content\/uploads\/2021\/07\/metro-gran-via-vidademadrid-22-1068x801.jpg 1068w, https:\/\/www.vidademadrid.com\/es\/wp-content\/uploads\/2021\/07\/metro-gran-via-vidademadrid-22-560x420.jpg 560w, https:\/\/www.vidademadrid.com\/es\/wp-content\/uploads\/2021\/07\/metro-gran-via-vidademadrid-22-80x60.jpg 80w, https:\/\/www.vidademadrid.com\/es\/wp-content\/uploads\/2021\/07\/metro-gran-via-vidademadrid-22-265x198.jpg 265w, https:\/\/www.vidademadrid.com\/es\/wp-content\/uploads\/2021\/07\/metro-gran-via-vidademadrid-22.jpg 1200w\" sizes=\"auto, (max-width: 1024px) 100vw, 1024px\" \/><\/a><\/figure><\/li><li class=\"blocks-gallery-item\"><figure><a href=\"https:\/\/www.vidademadrid.com\/es\/wp-content\/uploads\/2021\/07\/metro-gran-via-vidademadrid-23.jpg\"><img loading=\"lazy\" decoding=\"async\" width=\"1024\" height=\"768\" src=\"https:\/\/www.vidademadrid.com\/es\/wp-content\/uploads\/2021\/07\/metro-gran-via-vidademadrid-23-1024x768.jpg\" alt=\"\" data-id=\"34996\" data-full-url=\"https:\/\/www.vidademadrid.com\/es\/wp-content\/uploads\/2021\/07\/metro-gran-via-vidademadrid-23.jpg\" data-link=\"https:\/\/www.vidademadrid.com\/es\/?attachment_id=34996\" class=\"wp-image-34996\" srcset=\"https:\/\/www.vidademadrid.com\/es\/wp-content\/uploads\/2021\/07\/metro-gran-via-vidademadrid-23-1024x768.jpg 1024w, https:\/\/www.vidademadrid.com\/es\/wp-content\/uploads\/2021\/07\/metro-gran-via-vidademadrid-23-300x225.jpg 300w, https:\/\/www.vidademadrid.com\/es\/wp-content\/uploads\/2021\/07\/metro-gran-via-vidademadrid-23-768x576.jpg 768w, https:\/\/www.vidademadrid.com\/es\/wp-content\/uploads\/2021\/07\/metro-gran-via-vidademadrid-23-696x522.jpg 696w, https:\/\/www.vidademadrid.com\/es\/wp-content\/uploads\/2021\/07\/metro-gran-via-vidademadrid-23-1068x801.jpg 1068w, https:\/\/www.vidademadrid.com\/es\/wp-content\/uploads\/2021\/07\/metro-gran-via-vidademadrid-23-560x420.jpg 560w, https:\/\/www.vidademadrid.com\/es\/wp-content\/uploads\/2021\/07\/metro-gran-via-vidademadrid-23-80x60.jpg 80w, https:\/\/www.vidademadrid.com\/es\/wp-content\/uploads\/2021\/07\/metro-gran-via-vidademadrid-23-265x198.jpg 265w, https:\/\/www.vidademadrid.com\/es\/wp-content\/uploads\/2021\/07\/metro-gran-via-vidademadrid-23.jpg 1200w\" sizes=\"auto, (max-width: 1024px) 100vw, 1024px\" \/><\/a><\/figure><\/li><li class=\"blocks-gallery-item\"><figure><a href=\"https:\/\/www.vidademadrid.com\/es\/wp-content\/uploads\/2021\/07\/metro-gran-via-vidademadrid-24.jpg\"><img loading=\"lazy\" decoding=\"async\" width=\"768\" height=\"1024\" src=\"https:\/\/www.vidademadrid.com\/es\/wp-content\/uploads\/2021\/07\/metro-gran-via-vidademadrid-24-768x1024.jpg\" alt=\"\" data-id=\"34997\" data-full-url=\"https:\/\/www.vidademadrid.com\/es\/wp-content\/uploads\/2021\/07\/metro-gran-via-vidademadrid-24.jpg\" data-link=\"https:\/\/www.vidademadrid.com\/es\/?attachment_id=34997\" class=\"wp-image-34997\" srcset=\"https:\/\/www.vidademadrid.com\/es\/wp-content\/uploads\/2021\/07\/metro-gran-via-vidademadrid-24-768x1024.jpg 768w, https:\/\/www.vidademadrid.com\/es\/wp-content\/uploads\/2021\/07\/metro-gran-via-vidademadrid-24-225x300.jpg 225w, https:\/\/www.vidademadrid.com\/es\/wp-content\/uploads\/2021\/07\/metro-gran-via-vidademadrid-24-696x928.jpg 696w, https:\/\/www.vidademadrid.com\/es\/wp-content\/uploads\/2021\/07\/metro-gran-via-vidademadrid-24-315x420.jpg 315w, https:\/\/www.vidademadrid.com\/es\/wp-content\/uploads\/2021\/07\/metro-gran-via-vidademadrid-24.jpg 900w\" sizes=\"auto, (max-width: 768px) 100vw, 768px\" \/><\/a><\/figure><\/li><li class=\"blocks-gallery-item\"><figure><a href=\"https:\/\/www.vidademadrid.com\/es\/wp-content\/uploads\/2021\/07\/metro-gran-via-vidademadrid-25.jpg\"><img loading=\"lazy\" decoding=\"async\" width=\"1024\" height=\"768\" src=\"https:\/\/www.vidademadrid.com\/es\/wp-content\/uploads\/2021\/07\/metro-gran-via-vidademadrid-25-1024x768.jpg\" alt=\"\" data-id=\"34998\" data-full-url=\"https:\/\/www.vidademadrid.com\/es\/wp-content\/uploads\/2021\/07\/metro-gran-via-vidademadrid-25.jpg\" data-link=\"https:\/\/www.vidademadrid.com\/es\/?attachment_id=34998\" class=\"wp-image-34998\" srcset=\"https:\/\/www.vidademadrid.com\/es\/wp-content\/uploads\/2021\/07\/metro-gran-via-vidademadrid-25-1024x768.jpg 1024w, https:\/\/www.vidademadrid.com\/es\/wp-content\/uploads\/2021\/07\/metro-gran-via-vidademadrid-25-300x225.jpg 300w, https:\/\/www.vidademadrid.com\/es\/wp-content\/uploads\/2021\/07\/metro-gran-via-vidademadrid-25-768x576.jpg 768w, https:\/\/www.vidademadrid.com\/es\/wp-content\/uploads\/2021\/07\/metro-gran-via-vidademadrid-25-696x522.jpg 696w, https:\/\/www.vidademadrid.com\/es\/wp-content\/uploads\/2021\/07\/metro-gran-via-vidademadrid-25-1068x801.jpg 1068w, https:\/\/www.vidademadrid.com\/es\/wp-content\/uploads\/2021\/07\/metro-gran-via-vidademadrid-25-560x420.jpg 560w, https:\/\/www.vidademadrid.com\/es\/wp-content\/uploads\/2021\/07\/metro-gran-via-vidademadrid-25-80x60.jpg 80w, https:\/\/www.vidademadrid.com\/es\/wp-content\/uploads\/2021\/07\/metro-gran-via-vidademadrid-25-265x198.jpg 265w, https:\/\/www.vidademadrid.com\/es\/wp-content\/uploads\/2021\/07\/metro-gran-via-vidademadrid-25.jpg 1200w\" sizes=\"auto, (max-width: 1024px) 100vw, 1024px\" \/><\/a><\/figure><\/li><li class=\"blocks-gallery-item\"><figure><a href=\"https:\/\/www.vidademadrid.com\/es\/wp-content\/uploads\/2021\/07\/metro-gran-via-vidademadrid-28.jpg\"><img loading=\"lazy\" decoding=\"async\" width=\"1024\" height=\"768\" src=\"https:\/\/www.vidademadrid.com\/es\/wp-content\/uploads\/2021\/07\/metro-gran-via-vidademadrid-28-1024x768.jpg\" alt=\"\" data-id=\"34999\" data-full-url=\"https:\/\/www.vidademadrid.com\/es\/wp-content\/uploads\/2021\/07\/metro-gran-via-vidademadrid-28.jpg\" data-link=\"https:\/\/www.vidademadrid.com\/es\/?attachment_id=34999\" class=\"wp-image-34999\" srcset=\"https:\/\/www.vidademadrid.com\/es\/wp-content\/uploads\/2021\/07\/metro-gran-via-vidademadrid-28-1024x768.jpg 1024w, https:\/\/www.vidademadrid.com\/es\/wp-content\/uploads\/2021\/07\/metro-gran-via-vidademadrid-28-300x225.jpg 300w, https:\/\/www.vidademadrid.com\/es\/wp-content\/uploads\/2021\/07\/metro-gran-via-vidademadrid-28-768x576.jpg 768w, https:\/\/www.vidademadrid.com\/es\/wp-content\/uploads\/2021\/07\/metro-gran-via-vidademadrid-28-696x522.jpg 696w, https:\/\/www.vidademadrid.com\/es\/wp-content\/uploads\/2021\/07\/metro-gran-via-vidademadrid-28-1068x801.jpg 1068w, https:\/\/www.vidademadrid.com\/es\/wp-content\/uploads\/2021\/07\/metro-gran-via-vidademadrid-28-560x420.jpg 560w, https:\/\/www.vidademadrid.com\/es\/wp-content\/uploads\/2021\/07\/metro-gran-via-vidademadrid-28-80x60.jpg 80w, https:\/\/www.vidademadrid.com\/es\/wp-content\/uploads\/2021\/07\/metro-gran-via-vidademadrid-28-265x198.jpg 265w, https:\/\/www.vidademadrid.com\/es\/wp-content\/uploads\/2021\/07\/metro-gran-via-vidademadrid-28.jpg 1200w\" sizes=\"auto, (max-width: 1024px) 100vw, 1024px\" \/><\/a><\/figure><\/li><\/ul><\/figure>\n\n\n<h2>La galer\u00eda de acceso a Cercan\u00edas Sol: fotos<\/h2>\n\n\n<figure class=\"wp-block-gallery columns-2 is-cropped wp-block-gallery-2 is-layout-flex wp-block-gallery-is-layout-flex\"><ul class=\"blocks-gallery-grid\"><li class=\"blocks-gallery-item\"><figure><a href=\"https:\/\/www.vidademadrid.com\/es\/wp-content\/uploads\/2021\/07\/metro-gran-via-vidademadrid-48.jpg\"><img loading=\"lazy\" decoding=\"async\" width=\"768\" height=\"1024\" src=\"https:\/\/www.vidademadrid.com\/es\/wp-content\/uploads\/2021\/07\/metro-gran-via-vidademadrid-48-768x1024.jpg\" alt=\"\" data-id=\"35000\" data-full-url=\"https:\/\/www.vidademadrid.com\/es\/wp-content\/uploads\/2021\/07\/metro-gran-via-vidademadrid-48.jpg\" data-link=\"https:\/\/www.vidademadrid.com\/es\/?attachment_id=35000\" class=\"wp-image-35000\" srcset=\"https:\/\/www.vidademadrid.com\/es\/wp-content\/uploads\/2021\/07\/metro-gran-via-vidademadrid-48-768x1024.jpg 768w, https:\/\/www.vidademadrid.com\/es\/wp-content\/uploads\/2021\/07\/metro-gran-via-vidademadrid-48-225x300.jpg 225w, https:\/\/www.vidademadrid.com\/es\/wp-content\/uploads\/2021\/07\/metro-gran-via-vidademadrid-48-696x928.jpg 696w, https:\/\/www.vidademadrid.com\/es\/wp-content\/uploads\/2021\/07\/metro-gran-via-vidademadrid-48-315x420.jpg 315w, https:\/\/www.vidademadrid.com\/es\/wp-content\/uploads\/2021\/07\/metro-gran-via-vidademadrid-48.jpg 900w\" sizes=\"auto, (max-width: 768px) 100vw, 768px\" \/><\/a><\/figure><\/li><li class=\"blocks-gallery-item\"><figure><a href=\"https:\/\/www.vidademadrid.com\/es\/wp-content\/uploads\/2021\/07\/metro-gran-via-vidademadrid-33.jpg\"><img loading=\"lazy\" decoding=\"async\" width=\"1024\" height=\"768\" src=\"https:\/\/www.vidademadrid.com\/es\/wp-content\/uploads\/2021\/07\/metro-gran-via-vidademadrid-33-1024x768.jpg\" alt=\"\" data-id=\"35001\" data-full-url=\"https:\/\/www.vidademadrid.com\/es\/wp-content\/uploads\/2021\/07\/metro-gran-via-vidademadrid-33.jpg\" data-link=\"https:\/\/www.vidademadrid.com\/es\/?attachment_id=35001\" class=\"wp-image-35001\" srcset=\"https:\/\/www.vidademadrid.com\/es\/wp-content\/uploads\/2021\/07\/metro-gran-via-vidademadrid-33-1024x768.jpg 1024w, https:\/\/www.vidademadrid.com\/es\/wp-content\/uploads\/2021\/07\/metro-gran-via-vidademadrid-33-300x225.jpg 300w, https:\/\/www.vidademadrid.com\/es\/wp-content\/uploads\/2021\/07\/metro-gran-via-vidademadrid-33-768x576.jpg 768w, https:\/\/www.vidademadrid.com\/es\/wp-content\/uploads\/2021\/07\/metro-gran-via-vidademadrid-33-696x522.jpg 696w, https:\/\/www.vidademadrid.com\/es\/wp-content\/uploads\/2021\/07\/metro-gran-via-vidademadrid-33-1068x801.jpg 1068w, https:\/\/www.vidademadrid.com\/es\/wp-content\/uploads\/2021\/07\/metro-gran-via-vidademadrid-33-560x420.jpg 560w, https:\/\/www.vidademadrid.com\/es\/wp-content\/uploads\/2021\/07\/metro-gran-via-vidademadrid-33-80x60.jpg 80w, https:\/\/www.vidademadrid.com\/es\/wp-content\/uploads\/2021\/07\/metro-gran-via-vidademadrid-33-265x198.jpg 265w, https:\/\/www.vidademadrid.com\/es\/wp-content\/uploads\/2021\/07\/metro-gran-via-vidademadrid-33.jpg 1200w\" sizes=\"auto, (max-width: 1024px) 100vw, 1024px\" \/><\/a><\/figure><\/li><li class=\"blocks-gallery-item\"><figure><a href=\"https:\/\/www.vidademadrid.com\/es\/wp-content\/uploads\/2021\/07\/metro-gran-via-vidademadrid-36.jpg\"><img loading=\"lazy\" decoding=\"async\" width=\"768\" height=\"1024\" src=\"https:\/\/www.vidademadrid.com\/es\/wp-content\/uploads\/2021\/07\/metro-gran-via-vidademadrid-36-768x1024.jpg\" alt=\"\" data-id=\"35002\" data-full-url=\"https:\/\/www.vidademadrid.com\/es\/wp-content\/uploads\/2021\/07\/metro-gran-via-vidademadrid-36.jpg\" data-link=\"https:\/\/www.vidademadrid.com\/es\/?attachment_id=35002\" class=\"wp-image-35002\" srcset=\"https:\/\/www.vidademadrid.com\/es\/wp-content\/uploads\/2021\/07\/metro-gran-via-vidademadrid-36-768x1024.jpg 768w, https:\/\/www.vidademadrid.com\/es\/wp-content\/uploads\/2021\/07\/metro-gran-via-vidademadrid-36-225x300.jpg 225w, https:\/\/www.vidademadrid.com\/es\/wp-content\/uploads\/2021\/07\/metro-gran-via-vidademadrid-36-696x928.jpg 696w, https:\/\/www.vidademadrid.com\/es\/wp-content\/uploads\/2021\/07\/metro-gran-via-vidademadrid-36-315x420.jpg 315w, https:\/\/www.vidademadrid.com\/es\/wp-content\/uploads\/2021\/07\/metro-gran-via-vidademadrid-36.jpg 900w\" sizes=\"auto, (max-width: 768px) 100vw, 768px\" \/><\/a><\/figure><\/li><li class=\"blocks-gallery-item\"><figure><a href=\"https:\/\/www.vidademadrid.com\/es\/wp-content\/uploads\/2021\/07\/metro-gran-via-vidademadrid-38.jpg\"><img loading=\"lazy\" decoding=\"async\" width=\"1024\" height=\"768\" src=\"https:\/\/www.vidademadrid.com\/es\/wp-content\/uploads\/2021\/07\/metro-gran-via-vidademadrid-38-1024x768.jpg\" alt=\"\" data-id=\"35003\" data-full-url=\"https:\/\/www.vidademadrid.com\/es\/wp-content\/uploads\/2021\/07\/metro-gran-via-vidademadrid-38.jpg\" data-link=\"https:\/\/www.vidademadrid.com\/es\/?attachment_id=35003\" class=\"wp-image-35003\" srcset=\"https:\/\/www.vidademadrid.com\/es\/wp-content\/uploads\/2021\/07\/metro-gran-via-vidademadrid-38-1024x768.jpg 1024w, https:\/\/www.vidademadrid.com\/es\/wp-content\/uploads\/2021\/07\/metro-gran-via-vidademadrid-38-300x225.jpg 300w, https:\/\/www.vidademadrid.com\/es\/wp-content\/uploads\/2021\/07\/metro-gran-via-vidademadrid-38-768x576.jpg 768w, https:\/\/www.vidademadrid.com\/es\/wp-content\/uploads\/2021\/07\/metro-gran-via-vidademadrid-38-696x522.jpg 696w, https:\/\/www.vidademadrid.com\/es\/wp-content\/uploads\/2021\/07\/metro-gran-via-vidademadrid-38-1068x801.jpg 1068w, https:\/\/www.vidademadrid.com\/es\/wp-content\/uploads\/2021\/07\/metro-gran-via-vidademadrid-38-560x420.jpg 560w, https:\/\/www.vidademadrid.com\/es\/wp-content\/uploads\/2021\/07\/metro-gran-via-vidademadrid-38-80x60.jpg 80w, https:\/\/www.vidademadrid.com\/es\/wp-content\/uploads\/2021\/07\/metro-gran-via-vidademadrid-38-265x198.jpg 265w, https:\/\/www.vidademadrid.com\/es\/wp-content\/uploads\/2021\/07\/metro-gran-via-vidademadrid-38.jpg 1200w\" sizes=\"auto, (max-width: 1024px) 100vw, 1024px\" \/><\/a><\/figure><\/li><li class=\"blocks-gallery-item\"><figure><a href=\"https:\/\/www.vidademadrid.com\/es\/wp-content\/uploads\/2021\/07\/metro-gran-via-vidademadrid-40.jpg\"><img loading=\"lazy\" decoding=\"async\" width=\"1024\" height=\"768\" src=\"https:\/\/www.vidademadrid.com\/es\/wp-content\/uploads\/2021\/07\/metro-gran-via-vidademadrid-40-1024x768.jpg\" alt=\"\" data-id=\"35004\" data-full-url=\"https:\/\/www.vidademadrid.com\/es\/wp-content\/uploads\/2021\/07\/metro-gran-via-vidademadrid-40.jpg\" data-link=\"https:\/\/www.vidademadrid.com\/es\/?attachment_id=35004\" class=\"wp-image-35004\" srcset=\"https:\/\/www.vidademadrid.com\/es\/wp-content\/uploads\/2021\/07\/metro-gran-via-vidademadrid-40-1024x768.jpg 1024w, https:\/\/www.vidademadrid.com\/es\/wp-content\/uploads\/2021\/07\/metro-gran-via-vidademadrid-40-300x225.jpg 300w, https:\/\/www.vidademadrid.com\/es\/wp-content\/uploads\/2021\/07\/metro-gran-via-vidademadrid-40-768x576.jpg 768w, https:\/\/www.vidademadrid.com\/es\/wp-content\/uploads\/2021\/07\/metro-gran-via-vidademadrid-40-696x522.jpg 696w, https:\/\/www.vidademadrid.com\/es\/wp-content\/uploads\/2021\/07\/metro-gran-via-vidademadrid-40-1068x801.jpg 1068w, https:\/\/www.vidademadrid.com\/es\/wp-content\/uploads\/2021\/07\/metro-gran-via-vidademadrid-40-560x420.jpg 560w, https:\/\/www.vidademadrid.com\/es\/wp-content\/uploads\/2021\/07\/metro-gran-via-vidademadrid-40-80x60.jpg 80w, https:\/\/www.vidademadrid.com\/es\/wp-content\/uploads\/2021\/07\/metro-gran-via-vidademadrid-40-265x198.jpg 265w, https:\/\/www.vidademadrid.com\/es\/wp-content\/uploads\/2021\/07\/metro-gran-via-vidademadrid-40.jpg 1200w\" sizes=\"auto, (max-width: 1024px) 100vw, 1024px\" \/><\/a><\/figure><\/li><li class=\"blocks-gallery-item\"><figure><a href=\"https:\/\/www.vidademadrid.com\/es\/wp-content\/uploads\/2021\/07\/metro-gran-via-vidademadrid-41.jpg\"><img loading=\"lazy\" decoding=\"async\" width=\"1024\" height=\"768\" src=\"https:\/\/www.vidademadrid.com\/es\/wp-content\/uploads\/2021\/07\/metro-gran-via-vidademadrid-41-1024x768.jpg\" alt=\"\" data-id=\"35005\" data-full-url=\"https:\/\/www.vidademadrid.com\/es\/wp-content\/uploads\/2021\/07\/metro-gran-via-vidademadrid-41.jpg\" data-link=\"https:\/\/www.vidademadrid.com\/es\/?attachment_id=35005\" class=\"wp-image-35005\" srcset=\"https:\/\/www.vidademadrid.com\/es\/wp-content\/uploads\/2021\/07\/metro-gran-via-vidademadrid-41-1024x768.jpg 1024w, https:\/\/www.vidademadrid.com\/es\/wp-content\/uploads\/2021\/07\/metro-gran-via-vidademadrid-41-300x225.jpg 300w, https:\/\/www.vidademadrid.com\/es\/wp-content\/uploads\/2021\/07\/metro-gran-via-vidademadrid-41-768x576.jpg 768w, https:\/\/www.vidademadrid.com\/es\/wp-content\/uploads\/2021\/07\/metro-gran-via-vidademadrid-41-696x522.jpg 696w, https:\/\/www.vidademadrid.com\/es\/wp-content\/uploads\/2021\/07\/metro-gran-via-vidademadrid-41-1068x801.jpg 1068w, https:\/\/www.vidademadrid.com\/es\/wp-content\/uploads\/2021\/07\/metro-gran-via-vidademadrid-41-560x420.jpg 560w, https:\/\/www.vidademadrid.com\/es\/wp-content\/uploads\/2021\/07\/metro-gran-via-vidademadrid-41-80x60.jpg 80w, https:\/\/www.vidademadrid.com\/es\/wp-content\/uploads\/2021\/07\/metro-gran-via-vidademadrid-41-265x198.jpg 265w, https:\/\/www.vidademadrid.com\/es\/wp-content\/uploads\/2021\/07\/metro-gran-via-vidademadrid-41.jpg 1200w\" sizes=\"auto, (max-width: 1024px) 100vw, 1024px\" \/><\/a><\/figure><\/li><li class=\"blocks-gallery-item\"><figure><a href=\"https:\/\/www.vidademadrid.com\/es\/wp-content\/uploads\/2021\/07\/metro-gran-via-vidademadrid-44.jpg\"><img loading=\"lazy\" decoding=\"async\" width=\"768\" height=\"1024\" src=\"https:\/\/www.vidademadrid.com\/es\/wp-content\/uploads\/2021\/07\/metro-gran-via-vidademadrid-44-768x1024.jpg\" alt=\"\" data-id=\"35006\" data-full-url=\"https:\/\/www.vidademadrid.com\/es\/wp-content\/uploads\/2021\/07\/metro-gran-via-vidademadrid-44.jpg\" data-link=\"https:\/\/www.vidademadrid.com\/es\/?attachment_id=35006\" class=\"wp-image-35006\" srcset=\"https:\/\/www.vidademadrid.com\/es\/wp-content\/uploads\/2021\/07\/metro-gran-via-vidademadrid-44-768x1024.jpg 768w, https:\/\/www.vidademadrid.com\/es\/wp-content\/uploads\/2021\/07\/metro-gran-via-vidademadrid-44-225x300.jpg 225w, https:\/\/www.vidademadrid.com\/es\/wp-content\/uploads\/2021\/07\/metro-gran-via-vidademadrid-44-696x928.jpg 696w, https:\/\/www.vidademadrid.com\/es\/wp-content\/uploads\/2021\/07\/metro-gran-via-vidademadrid-44-315x420.jpg 315w, https:\/\/www.vidademadrid.com\/es\/wp-content\/uploads\/2021\/07\/metro-gran-via-vidademadrid-44.jpg 900w\" sizes=\"auto, (max-width: 768px) 100vw, 768px\" \/><\/a><\/figure><\/li><li class=\"blocks-gallery-item\"><figure><a href=\"https:\/\/www.vidademadrid.com\/es\/wp-content\/uploads\/2021\/07\/metro-gran-via-vidademadrid-47.jpg\"><img loading=\"lazy\" decoding=\"async\" width=\"1024\" height=\"768\" src=\"https:\/\/www.vidademadrid.com\/es\/wp-content\/uploads\/2021\/07\/metro-gran-via-vidademadrid-47-1024x768.jpg\" alt=\"\" data-id=\"35007\" data-full-url=\"https:\/\/www.vidademadrid.com\/es\/wp-content\/uploads\/2021\/07\/metro-gran-via-vidademadrid-47.jpg\" data-link=\"https:\/\/www.vidademadrid.com\/es\/?attachment_id=35007\" class=\"wp-image-35007\" srcset=\"https:\/\/www.vidademadrid.com\/es\/wp-content\/uploads\/2021\/07\/metro-gran-via-vidademadrid-47-1024x768.jpg 1024w, https:\/\/www.vidademadrid.com\/es\/wp-content\/uploads\/2021\/07\/metro-gran-via-vidademadrid-47-300x225.jpg 300w, https:\/\/www.vidademadrid.com\/es\/wp-content\/uploads\/2021\/07\/metro-gran-via-vidademadrid-47-768x576.jpg 768w, https:\/\/www.vidademadrid.com\/es\/wp-content\/uploads\/2021\/07\/metro-gran-via-vidademadrid-47-696x522.jpg 696w, https:\/\/www.vidademadrid.com\/es\/wp-content\/uploads\/2021\/07\/metro-gran-via-vidademadrid-47-1068x801.jpg 1068w, https:\/\/www.vidademadrid.com\/es\/wp-content\/uploads\/2021\/07\/metro-gran-via-vidademadrid-47-560x420.jpg 560w, https:\/\/www.vidademadrid.com\/es\/wp-content\/uploads\/2021\/07\/metro-gran-via-vidademadrid-47-80x60.jpg 80w, https:\/\/www.vidademadrid.com\/es\/wp-content\/uploads\/2021\/07\/metro-gran-via-vidademadrid-47-265x198.jpg 265w, https:\/\/www.vidademadrid.com\/es\/wp-content\/uploads\/2021\/07\/metro-gran-via-vidademadrid-47.jpg 1200w\" sizes=\"auto, (max-width: 1024px) 100vw, 1024px\" \/><\/a><\/figure><\/li><\/ul><\/figure>\n\n\n\n<figure class=\"wp-block-embed is-type-rich is-provider-twitter wp-block-embed-twitter\"><div class=\"wp-block-embed__wrapper\">\n<blockquote class=\"twitter-tweet\" data-width=\"550\" data-dnt=\"true\"><p lang=\"es\" dir=\"ltr\">? Recorrido completo de la nueva galer\u00eda Gran V\u00eda &#8211; Sol <a href=\"https:\/\/twitter.com\/hashtag\/granvia?src=hash&amp;ref_src=twsrc%5Etfw\">#granvia<\/a> <a href=\"https:\/\/twitter.com\/hashtag\/madrid?src=hash&amp;ref_src=twsrc%5Etfw\">#madrid<\/a> <a href=\"https:\/\/twitter.com\/hashtag\/puertadelsol?src=hash&amp;ref_src=twsrc%5Etfw\">#puertadelsol<\/a> <a href=\"https:\/\/twitter.com\/CercaniasMadrid?ref_src=twsrc%5Etfw\">@CercaniasMadrid<\/a> <a href=\"https:\/\/twitter.com\/metro_madrid?ref_src=twsrc%5Etfw\">@metro_madrid<\/a> <a href=\"https:\/\/t.co\/mfWvPsuJmd\">pic.twitter.com\/mfWvPsuJmd<\/a><\/p>&mdash; Vida de Madrid (@VidaDeMadrid) <a href=\"https:\/\/twitter.com\/VidaDeMadrid\/status\/1415972016394539018?ref_src=twsrc%5Etfw\">July 16, 2021<\/a><\/blockquote><script async src=\"https:\/\/platform.twitter.com\/widgets.js\" charset=\"utf-8\"><\/script>\n<\/div><\/figure>\n","protected":false},"excerpt":{"rendered":"<p>Con la incorporaci\u00f3n de nuevos equipos de validaci\u00f3n y m\u00e1quinas de venta de t\u00edtulos con tecnolog\u00eda 4.0 pasa a convertirse en la estaci\u00f3n m\u00e1s moderna de Metro de Madrid<\/p>\n","protected":false},"author":1,"featured_media":35008,"comment_status":"open","ping_status":"open","sticky":false,"template":"","format":"standard","meta":{"footnotes":""},"categories":[119,36,23,3],"tags":[92,74],"class_list":{"0":"post-34961","1":"post","2":"type-post","3":"status-publish","4":"format-standard","5":"has-post-thumbnail","7":"category-portada","8":"category-reportajes","9":"category-transportes-huelgas-madrid","10":"category-visita-madrid","11":"tag-gran-via","12":"tag-metro-de-madrid"},"_links":{"self":[{"href":"https:\/\/www.vidademadrid.com\/es\/wp-json\/wp\/v2\/posts\/34961","targetHints":{"allow":["GET"]}}],"collection":[{"href":"https:\/\/www.vidademadrid.com\/es\/wp-json\/wp\/v2\/posts"}],"about":[{"href":"https:\/\/www.vidademadrid.com\/es\/wp-json\/wp\/v2\/types\/post"}],"author":[{"embeddable":true,"href":"https:\/\/www.vidademadrid.com\/es\/wp-json\/wp\/v2\/users\/1"}],"replies":[{"embeddable":true,"href":"https:\/\/www.vidademadrid.com\/es\/wp-json\/wp\/v2\/comments?post=34961"}],"version-history":[{"count":6,"href":"https:\/\/www.vidademadrid.com\/es\/wp-json\/wp\/v2\/posts\/34961\/revisions"}],"predecessor-version":[{"id":35014,"href":"https:\/\/www.vidademadrid.com\/es\/wp-json\/wp\/v2\/posts\/34961\/revisions\/35014"}],"wp:featuredmedia":[{"embeddable":true,"href":"https:\/\/www.vidademadrid.com\/es\/wp-json\/wp\/v2\/media\/35008"}],"wp:attachment":[{"href":"https:\/\/www.vidademadrid.com\/es\/wp-json\/wp\/v2\/media?parent=34961"}],"wp:term":[{"taxonomy":"category","embeddable":true,"href":"https:\/\/www.vidademadrid.com\/es\/wp-json\/wp\/v2\/categories?post=34961"},{"taxonomy":"post_tag","embeddable":true,"href":"https:\/\/www.vidademadrid.com\/es\/wp-json\/wp\/v2\/tags?post=34961"}],"curies":[{"name":"wp","href":"https:\/\/api.w.org\/{rel}","templated":true}]}}