{"id":34737,"date":"2021-07-07T11:57:52","date_gmt":"2021-07-07T09:57:52","guid":{"rendered":"https:\/\/www.vidademadrid.com\/es\/?p=34737"},"modified":"2021-07-07T11:57:55","modified_gmt":"2021-07-07T09:57:55","slug":"fiestas-paloma-2021-madrid-programa-fechas-actividades","status":"publish","type":"post","link":"https:\/\/www.vidademadrid.com\/es\/34737\/fiestas-paloma-2021-madrid-programa-fechas-actividades\/","title":{"rendered":"As\u00ed ser\u00e1n las Fiestas de la Paloma 2021"},"content":{"rendered":"<p>Las<strong> Fiestas de la Paloma<\/strong> son una de las celebraciones anuales que tienen lugar en Madrid. El a\u00f1o pasado no pudieron organizarse a causa del Covid-19, pero este a\u00f1o se prev\u00e9n estas y otras fiestas en la capital. Descubre todo sobre las fiestas de la Paloma 2021, restricciones y fechas<\/p>\n<p><script async=\"\" src=\"https:\/\/pagead2.googlesyndication.com\/pagead\/js\/adsbygoogle.js\"><\/script> <ins class=\"adsbygoogle\" style=\"display:block\" data-ad-format=\"fluid\" data-ad-layout-key=\"-7f+eo+1+2-5\" data-ad-client=\"ca-pub-7450064428034605\" data-ad-slot=\"7327027071\"><\/ins><script>(adsbygoogle = window.adsbygoogle || []).push({});<\/script><\/p>\n<h2>Las Fiestas de la Paloma 2021: Restricciones y Fechas<\/h2>\n<p><script async=\"\" src=\"https:\/\/pagead2.googlesyndication.com\/pagead\/js\/adsbygoogle.js\"><\/script> <ins class=\"adsbygoogle\" style=\"display:block; text-align:center;\" data-ad-layout=\"in-article\" data-ad-format=\"fluid\" data-ad-client=\"ca-pub-7450064428034605\" data-ad-slot=\"5670045061\"><\/ins> <script>(adsbygoogle = window.adsbygoogle || []).push({});<\/script>Debido a la situaci\u00f3n de pandemia, el a\u00f1o pasado los madrile\u00f1os no pudieron vivir de las habituales fiestas de la Paloma. Pero <strong>este a\u00f1o 2021<\/strong> El alcalde de Madrid, Jos\u00e9 Luis Mart\u00ednez-Almeida afirma que s<strong>e podr\u00e1n celebrar, pero con medidas restrictivas<\/strong>: limitaciones en los escenarios, medidas de seguridad y se pide a los que asistan mucha responsabilidad individual.<\/p>\n<p>Las fiestas de la Paloma son las fiestas con mayor relevancia en Madrid <strong>destinadas a adorar a la Virgen de la Paloma<\/strong>. Tienen lugar todos los a\u00f1os en el ic\u00f3nico <strong>Barrio de la Latina<\/strong>, concretamente en la Plaza de la Paja, en la calle Toledo, en la puerta de Moros, en la Carrera de San Francisco, en la Plaza de las Visitillas y en las calles que rodean la parroquia de la Virgen de la Paloma. Se celebran del <strong>14 al 18 de agosto<\/strong> justo despu\u00e9s de la festividad de San Cayetano (7 de agosto en la Plaza del Cascorro) y San Lorenzo (10 de agosto en la Iglesia de San Lorenzo), pero es el d\u00eda <strong>15 de agosto, fiesta de la Asunci\u00f3n de Mar\u00eda, cuando se realiza la procesi\u00f3n de la Virgen de la Paloma.&nbsp;<\/strong><\/p>\n<h2>Actividades de las Fiestas de la Paloma<\/h2>\n<p><script async=\"\" src=\"https:\/\/pagead2.googlesyndication.com\/pagead\/js\/adsbygoogle.js\"><\/script> <!-- Vertical2020 --><ins class=\"adsbygoogle\" style=\"display:block\" data-ad-client=\"ca-pub-7450064428034605\" data-ad-slot=\"4377430105\" data-ad-format=\"auto\" data-full-width-responsive=\"true\"><\/ins><script>(adsbygoogle = window.adsbygoogle || []).push({});<\/script>Este a\u00f1o 2021 y siempre que la situaci\u00f3n provocada por la Covid-19 mejore, se pretende organizar ciertas actividades, pero siempre garantizando la seguridad de los asistentes y todas las medidas sanitarias previstas hasta el momento. Aunque en este momento no se haya confirmado nada a\u00fan, <strong>en Vida de Madrid os contaremos todas las novedades a la espera de la programaci\u00f3n oficial<\/strong>.<\/p>\n","protected":false},"excerpt":{"rendered":"<p>Tendr\u00e1n lugar del 14 al 18 de agosto con ciertas restricciones. <\/p>\n","protected":false},"author":13,"featured_media":34748,"comment_status":"open","ping_status":"open","sticky":false,"template":"","format":"standard","meta":{"footnotes":""},"categories":[101,115,119],"tags":[37],"class_list":{"0":"post-34737","1":"post","2":"type-post","3":"status-publish","4":"format-standard","5":"has-post-thumbnail","7":"category-ferias-fiestas-mercados-madrid","8":"category-planes-del-momento-madrid","9":"category-portada","10":"tag-la-latina"},"_links":{"self":[{"href":"https:\/\/www.vidademadrid.com\/es\/wp-json\/wp\/v2\/posts\/34737","targetHints":{"allow":["GET"]}}],"collection":[{"href":"https:\/\/www.vidademadrid.com\/es\/wp-json\/wp\/v2\/posts"}],"about":[{"href":"https:\/\/www.vidademadrid.com\/es\/wp-json\/wp\/v2\/types\/post"}],"author":[{"embeddable":true,"href":"https:\/\/www.vidademadrid.com\/es\/wp-json\/wp\/v2\/users\/13"}],"replies":[{"embeddable":true,"href":"https:\/\/www.vidademadrid.com\/es\/wp-json\/wp\/v2\/comments?post=34737"}],"version-history":[{"count":10,"href":"https:\/\/www.vidademadrid.com\/es\/wp-json\/wp\/v2\/posts\/34737\/revisions"}],"predecessor-version":[{"id":34751,"href":"https:\/\/www.vidademadrid.com\/es\/wp-json\/wp\/v2\/posts\/34737\/revisions\/34751"}],"wp:featuredmedia":[{"embeddable":true,"href":"https:\/\/www.vidademadrid.com\/es\/wp-json\/wp\/v2\/media\/34748"}],"wp:attachment":[{"href":"https:\/\/www.vidademadrid.com\/es\/wp-json\/wp\/v2\/media?parent=34737"}],"wp:term":[{"taxonomy":"category","embeddable":true,"href":"https:\/\/www.vidademadrid.com\/es\/wp-json\/wp\/v2\/categories?post=34737"},{"taxonomy":"post_tag","embeddable":true,"href":"https:\/\/www.vidademadrid.com\/es\/wp-json\/wp\/v2\/tags?post=34737"}],"curies":[{"name":"wp","href":"https:\/\/api.w.org\/{rel}","templated":true}]}}