{"id":34730,"date":"2021-07-07T16:28:58","date_gmt":"2021-07-07T14:28:58","guid":{"rendered":"https:\/\/www.vidademadrid.com\/es\/?p=34730"},"modified":"2021-07-07T16:29:01","modified_gmt":"2021-07-07T14:29:01","slug":"cineplaza-matadero-2021-cine-de-verano-programacion","status":"publish","type":"post","link":"https:\/\/www.vidademadrid.com\/es\/34730\/cineplaza-matadero-2021-cine-de-verano-programacion\/","title":{"rendered":"El cine de verano vuelve a Matadero con comedia, pel\u00edculas independientes y ciencia ficci\u00f3n"},"content":{"rendered":"<p>Por cuarto a\u00f1o consecutivo, el mejor cine contempor\u00e1neo toma la plaza de <strong>Matadero Madrid<\/strong> convirti\u00e9ndola en <strong>CinePlaza<\/strong>, un cine de verano al aire libre en el que disfrutar de la filmograf\u00eda m\u00e1s diversa y actual durante las noches estivales.<\/p>\n<p><script async=\"\" src=\"https:\/\/pagead2.googlesyndication.com\/pagead\/js\/adsbygoogle.js\"><\/script><\/p>\n<!-- Vertical2020 -->\n<p><ins class=\"adsbygoogle\" style=\"display: block;\" data-ad-client=\"ca-pub-7450064428034605\" data-ad-slot=\"4377430105\" data-ad-format=\"auto\" data-full-width-responsive=\"true\"><\/ins><script>(adsbygoogle = window.adsbygoogle || []).push({});<\/script><\/p>\n<h2>CinePlaza de verano en Matadero Madrid<\/h2>\n<p><script async=\"\" src=\"https:\/\/pagead2.googlesyndication.com\/pagead\/js\/adsbygoogle.js\"><\/script> <ins class=\"adsbygoogle\" style=\"display: block;\" data-ad-format=\"fluid\" data-ad-layout-key=\"-7f+eo+1+2-5\" data-ad-client=\"ca-pub-7450064428034605\" data-ad-slot=\"7327027071\"><\/ins><script>(adsbygoogle = window.adsbygoogle || []).push({});<\/script><\/p>\n<p>Con propuestas para todos los p\u00fablicos, <a href=\"https:\/\/www.vidademadrid.com\/es\/tag\/matadero\/\"><strong>Matadero Madrid<\/strong><\/a> vuelve a convertir su emblem\u00e1tica plaza en un cine de verano, uno de los mejores planes para las noches estivales. <strong>Entre el 15 de julio y el 15 de agosto<\/strong>, se proyectar\u00e1n t\u00edtulos in\u00e9ditos en versi\u00f3n original y con subt\u00edtulos en castellano que reflejar\u00e1n la propuesta filmogr\u00e1fica actual: diversa, libre, rompedora y fascinante.<\/p>\n<p>El programa de esta edici\u00f3n de <strong>CinePlaza<\/strong> se compone de <strong>20 pel\u00edculas contempor\u00e1neas y para todos los p\u00fablicos<\/strong> cuyo \u00e9xito ha sido reconocido en festivales como Sundance, Berl\u00edn, Cannes, Toronto, San Sebasti\u00e1n o Venecia y que har\u00e1n un repaso por la comedia, la ciencia ficci\u00f3n, el cine de g\u00e9nero, los musicales y las pel\u00edculas juveniles. Estos t\u00edtulos mostrar\u00e1n el trabajo tanto de grandes cineastas como Guillaume Brac, como de j\u00f3venes promesas como Rub\u00e9n H. Berm\u00fadez.<\/p>\n<p>La proyecciones tendr\u00e1n lugar <strong>de jueves a domingo a las 22:15 h<\/strong> a un <strong>precio de 3,50 euros<\/strong>. La entrada ser\u00e1 reducida para jubilados y mayores de 65 a\u00f1os, menores de 14, personas con discapacidad, grupos de m\u00e1s de 20, desempleados, familias numerosas y asociaciones art\u00edsticas. Las <strong>entradas<\/strong> podr\u00e1n adquirirse en la<a href=\"https:\/\/www.cinetecamadrid.com\/ciclo\/cineplaza-de-verano-2021\"> web de Cineteca Madrid<\/a> <strong>a partir del pr\u00f3ximo lunes 12 de julio<\/strong>.<\/p>\n<h2>La programaci\u00f3n del ciclo<\/h2>\n<p><script async=\"\" src=\"https:\/\/pagead2.googlesyndication.com\/pagead\/js\/adsbygoogle.js\"><\/script> <ins class=\"adsbygoogle\" style=\"display: block;\" data-ad-format=\"fluid\" data-ad-layout-key=\"-7f+eo+1+2-5\" data-ad-client=\"ca-pub-7450064428034605\" data-ad-slot=\"7327027071\"><\/ins><script>(adsbygoogle = window.adsbygoogle || []).push({});<\/script><\/p>\n<p>Entre las pel\u00edculas que acoge el ciclo de este verano, destaca el preestreno de <em><strong>Summer of Soul<\/strong><\/em>, una cinta sobre un festival de <em>soul<\/em> realizado a la vez que Woodstock, cuyas grabaciones han estado ocultas durante 50 a\u00f1os y ven la luz por primera vez. De esta manera la programaci\u00f3n ser\u00e1 la siguiente:<\/p>\n<ul>\n<li>Jueves, 15 de julio:<strong> Summer of Soul<\/strong><\/li>\n<li>Viernes, 16 de julio: <strong>\u00a1Al abordaje!<\/strong><\/li>\n<li>S\u00e1bado, 17 de julio: <strong>Stop<\/strong><\/li>\n<li>Domingo, 18 de julio: <strong>Communists!<\/strong><\/li>\n<li>Jueves, 22 de julio: <strong>Naked animals<\/strong><\/li>\n<li>Viernes, 23 de julio: <strong>Marygoround<\/strong> (Maryjki)<\/li>\n<li>S\u00e1bado, 24 de julio: <strong>Come True<\/strong><\/li>\n<li>Domingo, 25 de julio: <strong>La noche de los reyes<\/strong> (La nuit des rois)<\/li>\n<li>Jueves, 29 de julio: <strong>Ricochet<\/strong><\/li>\n<li>Viernes, 30 de julio: <strong>Make Up<\/strong><\/li>\n<li>S\u00e1bado, 31 de julio: <strong>Breve Miragem de Sol<\/strong><\/li>\n<li>Domingo, 1 de agosto: <strong>Vendr\u00e1 la muerte y tendr\u00e1 tus ojos<\/strong><\/li>\n<li>Jueves, 5 de agosto: <strong>Residue<\/strong><\/li>\n<li>Viernes, 6 de agosto: <strong>Passage<\/strong><\/li>\n<li>S\u00e1bado, 7 de agosto: <strong>Rocks<\/strong><\/li>\n<li>Domingo, 8 de agosto: <strong>Se escuchan aullidos<\/strong><\/li>\n<li>Jueves, 12 de agosto: <strong>Coup<\/strong><\/li>\n<li>Viernes, 13 de agosto: <strong>A todos nos gusta el pl\u00e1tano<\/strong><\/li>\n<li>S\u00e1bado, 14 de agosto: <strong>The Killing of Two Lovers<\/strong><\/li>\n<li>Domingo, 15 de agosto: <strong>Apples<\/strong> (Mila)<\/li>\n<\/ul>\n\n\n<p><\/p>\n","protected":false},"excerpt":{"rendered":"<p>El ciclo de CinePlaza 2021 proyectar\u00e1 20 pel\u00edculas contempor\u00e1neas y para todos los p\u00fablicos entre el 15 de julio y el 15 de agosto<\/p>\n","protected":false},"author":10,"featured_media":34756,"comment_status":"open","ping_status":"open","sticky":false,"template":"","format":"standard","meta":{"footnotes":""},"categories":[85,111,101],"tags":[118],"class_list":{"0":"post-34730","1":"post","2":"type-post","3":"status-publish","4":"format-standard","5":"has-post-thumbnail","7":"category-cine-series-television","8":"category-exposiciones-madrid","9":"category-ferias-fiestas-mercados-madrid","10":"tag-matadero"},"_links":{"self":[{"href":"https:\/\/www.vidademadrid.com\/es\/wp-json\/wp\/v2\/posts\/34730","targetHints":{"allow":["GET"]}}],"collection":[{"href":"https:\/\/www.vidademadrid.com\/es\/wp-json\/wp\/v2\/posts"}],"about":[{"href":"https:\/\/www.vidademadrid.com\/es\/wp-json\/wp\/v2\/types\/post"}],"author":[{"embeddable":true,"href":"https:\/\/www.vidademadrid.com\/es\/wp-json\/wp\/v2\/users\/10"}],"replies":[{"embeddable":true,"href":"https:\/\/www.vidademadrid.com\/es\/wp-json\/wp\/v2\/comments?post=34730"}],"version-history":[{"count":6,"href":"https:\/\/www.vidademadrid.com\/es\/wp-json\/wp\/v2\/posts\/34730\/revisions"}],"predecessor-version":[{"id":34760,"href":"https:\/\/www.vidademadrid.com\/es\/wp-json\/wp\/v2\/posts\/34730\/revisions\/34760"}],"wp:featuredmedia":[{"embeddable":true,"href":"https:\/\/www.vidademadrid.com\/es\/wp-json\/wp\/v2\/media\/34756"}],"wp:attachment":[{"href":"https:\/\/www.vidademadrid.com\/es\/wp-json\/wp\/v2\/media?parent=34730"}],"wp:term":[{"taxonomy":"category","embeddable":true,"href":"https:\/\/www.vidademadrid.com\/es\/wp-json\/wp\/v2\/categories?post=34730"},{"taxonomy":"post_tag","embeddable":true,"href":"https:\/\/www.vidademadrid.com\/es\/wp-json\/wp\/v2\/tags?post=34730"}],"curies":[{"name":"wp","href":"https:\/\/api.w.org\/{rel}","templated":true}]}}