{"id":34405,"date":"2021-06-29T15:19:48","date_gmt":"2021-06-29T13:19:48","guid":{"rendered":"https:\/\/www.vidademadrid.com\/es\/?p=34405"},"modified":"2021-06-29T15:19:52","modified_gmt":"2021-06-29T13:19:52","slug":"la-mallorquina-nueva-apertura-glorieta-quevedo-chamberi","status":"publish","type":"post","link":"https:\/\/www.vidademadrid.com\/es\/34405\/la-mallorquina-nueva-apertura-glorieta-quevedo-chamberi\/","title":{"rendered":"Nueva apertura de La Mallorquina en la Glorieta de Quevedo"},"content":{"rendered":"<p>La ic\u00f3nica pasteler\u00eda La Mallorquina <strong>abre una nueva tienda en el barrio de Chamber\u00ed<\/strong>. Se trata de la cuarta en Madrid que se une a las otras tres tiendas ubicadas en la capital. No te pierdas su historia y descubre el resto de sedes abiertas en Madrid.<span class=\"Apple-converted-space\">&nbsp;<\/span><\/p>\n<h2>Historia de La Mallorquina<span class=\"Apple-converted-space\">&nbsp;<\/span><\/h2>\n<p><script async=\"\" src=\"https:\/\/pagead2.googlesyndication.com\/pagead\/js\/adsbygoogle.js\"><\/script> <ins class=\"adsbygoogle\" style=\"display:block; text-align:center;\" data-ad-layout=\"in-article\" data-ad-format=\"fluid\" data-ad-client=\"ca-pub-7450064428034605\" data-ad-slot=\"5670045061\"><\/ins> <script>(adsbygoogle = window.adsbygoogle || []).push({});<\/script>La Mallorquina <strong>abre su primera tienda en 1894 en la Puerta del Sol<\/strong>. Los fundadores de esta emblem\u00e1tica pasteler\u00eda fueron tres mallorquines- Balaguer, Coll y Ripoll- que antes de comprar el centenario local ubicado justo al lado del km 0 se asentaron en la calle Jacometrezo. <strong>Este primer espacio era y sigue siendo el obrador principal de la pasteler\u00eda<\/strong> que desde las 6 de la ma\u00f1ana comienza a elaborar todos los dulces que han ido evolucionando con el tiempo.<\/p>\n<p>El \u00fanico cambio que ha sufrido desde 1894 fue en <strong>1960 cuando se reform\u00f3 para dejarlo muy parecido a c\u00f3mo est\u00e1 ahora<\/strong>. Fue en esa fecha cuando se colocaron los reconocidos veintid\u00f3s escalones que suben de la primera planta al Sal\u00f3n de T\u00e9.<\/p>\n<p>Con el paso de los a\u00f1os se acab\u00f3 convirtiendo en lugar de encuentro donde ten\u00edan lugar numerosas tertulias culturales y pol\u00edticas. La Mallorquina es el <strong>\u00fanico establecimiento del siglo XIX que permanece hoy en d\u00eda activo con su funci\u00f3n original<\/strong>. Sin duda una pasteler\u00eda que forma parte de la historia de la ciudad y por la que han pasado personajes como Ortega y Gasset, Benito P\u00e9rez Gald\u00f3s, P\u00edo Baroja, Juan Ram\u00f3n Jim\u00e9nez y G\u00f3mez de la Serna adem\u00e1s de miembros de la Casa Real.<\/p>\n<p>Ahora,<strong> ya son 127 a\u00f1os los que lleva ofreciendo todo tipo de dulces, bizcochos, tartas\u2026 convirti\u00e9ndose en un verdadero s\u00edmbolo de la ciudad de Madrid<\/strong> y un lugar de obligada visita para los turistas.<\/p>\n<h2>Sedes de La Mallorquina<\/h2>\n<p><script async=\"\" src=\"https:\/\/pagead2.googlesyndication.com\/pagead\/js\/adsbygoogle.js\"><\/script> <ins class=\"adsbygoogle\" style=\"display:block\" data-ad-format=\"fluid\" data-ad-layout-key=\"-7f+eo+1+2-5\" data-ad-client=\"ca-pub-7450064428034605\" data-ad-slot=\"7327027071\"><\/ins><script>(adsbygoogle = window.adsbygoogle || []).push({});<\/script>La Mallorquina se encuentra actualmente en:<\/p>\n<ul>\n<li>La Puerta del Sol, 8.<\/li>\n<li>La calle de Vel\u00e1zquez, 39.<\/li>\n<li>Mira el R\u00edo Baja, 21.<\/li>\n<\/ul>\n<p>Adem\u00e1s de la apertura de la <strong>nueva tienda en la Glorieta de Quevedo<\/strong>, tal y como se ve en la fotograf\u00eda e informan en su p\u00e1gina web se espera <strong>otra apertura en el CC Moraleja Green<\/strong>. Desconocemos a\u00fan la fecha de apertura, pero iremos informando de nuevas novedades.<\/p>\n<p><script async=\"\" src=\"https:\/\/pagead2.googlesyndication.com\/pagead\/js\/adsbygoogle.js\"><\/script> <!-- Vertical2020 --><ins class=\"adsbygoogle\" style=\"display:block\" data-ad-client=\"ca-pub-7450064428034605\" data-ad-slot=\"4377430105\" data-ad-format=\"auto\" data-full-width-responsive=\"true\"><\/ins><script>(adsbygoogle = window.adsbygoogle || []).push({});<\/script><\/p>\n","protected":false},"excerpt":{"rendered":"<p>Se une a las otras tres sedes ubicadas en Madrid <\/p>\n","protected":false},"author":13,"featured_media":34409,"comment_status":"open","ping_status":"open","sticky":false,"template":"","format":"standard","meta":{"footnotes":""},"categories":[114],"tags":[10],"class_list":{"0":"post-34405","1":"post","2":"type-post","3":"status-publish","4":"format-standard","5":"has-post-thumbnail","7":"category-servicios","8":"tag-chamberi-madrid"},"_links":{"self":[{"href":"https:\/\/www.vidademadrid.com\/es\/wp-json\/wp\/v2\/posts\/34405","targetHints":{"allow":["GET"]}}],"collection":[{"href":"https:\/\/www.vidademadrid.com\/es\/wp-json\/wp\/v2\/posts"}],"about":[{"href":"https:\/\/www.vidademadrid.com\/es\/wp-json\/wp\/v2\/types\/post"}],"author":[{"embeddable":true,"href":"https:\/\/www.vidademadrid.com\/es\/wp-json\/wp\/v2\/users\/13"}],"replies":[{"embeddable":true,"href":"https:\/\/www.vidademadrid.com\/es\/wp-json\/wp\/v2\/comments?post=34405"}],"version-history":[{"count":4,"href":"https:\/\/www.vidademadrid.com\/es\/wp-json\/wp\/v2\/posts\/34405\/revisions"}],"predecessor-version":[{"id":34414,"href":"https:\/\/www.vidademadrid.com\/es\/wp-json\/wp\/v2\/posts\/34405\/revisions\/34414"}],"wp:featuredmedia":[{"embeddable":true,"href":"https:\/\/www.vidademadrid.com\/es\/wp-json\/wp\/v2\/media\/34409"}],"wp:attachment":[{"href":"https:\/\/www.vidademadrid.com\/es\/wp-json\/wp\/v2\/media?parent=34405"}],"wp:term":[{"taxonomy":"category","embeddable":true,"href":"https:\/\/www.vidademadrid.com\/es\/wp-json\/wp\/v2\/categories?post=34405"},{"taxonomy":"post_tag","embeddable":true,"href":"https:\/\/www.vidademadrid.com\/es\/wp-json\/wp\/v2\/tags?post=34405"}],"curies":[{"name":"wp","href":"https:\/\/api.w.org\/{rel}","templated":true}]}}