{"id":34249,"date":"2021-06-23T09:10:56","date_gmt":"2021-06-23T07:10:56","guid":{"rendered":"https:\/\/www.vidademadrid.com\/es\/?p=34249"},"modified":"2021-06-23T09:10:59","modified_gmt":"2021-06-23T07:10:59","slug":"cine-verano-fescinal-2021-parque-bombilla-entradas","status":"publish","type":"post","link":"https:\/\/www.vidademadrid.com\/es\/34249\/cine-verano-fescinal-2021-parque-bombilla-entradas\/","title":{"rendered":"Vuelve Fescinal, el cine de verano del parque de La Bombilla"},"content":{"rendered":"<p>Vuelve <strong>Fescinal 2021<\/strong>, uno de los cines de verano m\u00e1s emblem\u00e1ticos de Madrid. Descubre la programaci\u00f3n, c\u00f3mo llegar y c\u00f3mo comprar entradas.<\/p><script async=\"\" src=\"https:\/\/pagead2.googlesyndication.com\/pagead\/js\/adsbygoogle.js\"><\/script> <ins class=\"adsbygoogle\" style=\"display:block\" data-ad-format=\"fluid\" data-ad-layout-key=\"-7f+eo+1+2-5\" data-ad-client=\"ca-pub-7450064428034605\" data-ad-slot=\"7327027071\"><\/ins><script>(adsbygoogle = window.adsbygoogle || []).push({});<\/script>\n\n<h2>Fescinal, el cine de verano del parque de La Bombilla&nbsp;<\/h2>\n<p>Un a\u00f1o m\u00e1s, el <a href=\"https:\/\/www.vidademadrid.com\/es\/20040\/parque-bombilla\/\"><strong>Parque de La Bombilla<\/strong><\/a> acoge <strong>Fescinal<\/strong>, el cine de verano preferido de los madrile\u00f1os. La <strong>apertura de la 37 edici\u00f3n tendr\u00e1 lugar el pr\u00f3ximo 25 de junio<\/strong> con una programaci\u00f3n para todos los p\u00fablicos que comenzar\u00e1 con dos pel\u00edculas: <strong>Los Croods, una nueva era y Uno de nosotros.&nbsp;<\/strong><\/p>\n<p>Adem\u00e1s, ya est\u00e1 disponible la programaci\u00f3n de los siguientes d\u00edas que incluye pel\u00edculas como <strong>No matar\u00e1s, Cruella, La princesa prometida o Nomadeland<\/strong> entre otras.&nbsp;<\/p>\n<p>El cine de verano de La Bombilla estar\u00e1 abierto hasta el <strong>7 de septiembre<\/strong>.<\/p>\n<h2>Entradas Fescinal&nbsp;<\/h2><script async=\"\" src=\"https:\/\/pagead2.googlesyndication.com\/pagead\/js\/adsbygoogle.js\"><\/script> <!-- Vertical2020 --><ins class=\"adsbygoogle\" style=\"display:block\" data-ad-client=\"ca-pub-7450064428034605\" data-ad-slot=\"4377430105\" data-ad-format=\"auto\" data-full-width-responsive=\"true\"><\/ins><script>(adsbygoogle = window.adsbygoogle || []).push({});<\/script>  \n\n<p>Las entradas se pueden comprar en taquilla o a trav\u00e9s de la <a href=\"https:\/\/www.fescinal.es\/programacion\/6\/2021\/\">p\u00e1gina web de Fescinal<\/a>. Debido a la situaci\u00f3n de pandemia la organizaci\u00f3n del recinto ser\u00e1 por mesas. Se podr\u00e1 reservar mesa de 2 a 4 personas para poder disfrutar de la pel\u00edcula.&nbsp;<strong>La entrada tiene un precio de 6 euros.&nbsp;<\/strong><\/p>\n<h2>C\u00f3mo llegar&nbsp;<\/h2>\n<p>El <strong>Parque de La Bombilla<\/strong> se encuentra ubicado en el <strong>Paseo de la Senda del Rey, 82<\/strong>; cerca del parque del Oeste. La estaci\u00f3n de metro m\u00e1s cercana es Pr\u00edncipe P\u00edo y tambi\u00e9n se podr\u00e1 acceder a trav\u00e9s de las l\u00edneas 41, 46, 75 y N17 de autob\u00fas.<\/p>\n<p>&nbsp;<\/p>\n\n\n<p><\/p>\n","protected":false},"excerpt":{"rendered":"<p>Abre sus puertas el pr\u00f3ximo 25 de junio hasta el 7 de septiembre. <\/p>\n","protected":false},"author":13,"featured_media":34250,"comment_status":"open","ping_status":"open","sticky":false,"template":"","format":"standard","meta":{"footnotes":""},"categories":[85,101],"tags":[132],"class_list":{"0":"post-34249","1":"post","2":"type-post","3":"status-publish","4":"format-standard","5":"has-post-thumbnail","7":"category-cine-series-television","8":"category-ferias-fiestas-mercados-madrid","9":"tag-parque-de-la-bombilla"},"_links":{"self":[{"href":"https:\/\/www.vidademadrid.com\/es\/wp-json\/wp\/v2\/posts\/34249","targetHints":{"allow":["GET"]}}],"collection":[{"href":"https:\/\/www.vidademadrid.com\/es\/wp-json\/wp\/v2\/posts"}],"about":[{"href":"https:\/\/www.vidademadrid.com\/es\/wp-json\/wp\/v2\/types\/post"}],"author":[{"embeddable":true,"href":"https:\/\/www.vidademadrid.com\/es\/wp-json\/wp\/v2\/users\/13"}],"replies":[{"embeddable":true,"href":"https:\/\/www.vidademadrid.com\/es\/wp-json\/wp\/v2\/comments?post=34249"}],"version-history":[{"count":3,"href":"https:\/\/www.vidademadrid.com\/es\/wp-json\/wp\/v2\/posts\/34249\/revisions"}],"predecessor-version":[{"id":34261,"href":"https:\/\/www.vidademadrid.com\/es\/wp-json\/wp\/v2\/posts\/34249\/revisions\/34261"}],"wp:featuredmedia":[{"embeddable":true,"href":"https:\/\/www.vidademadrid.com\/es\/wp-json\/wp\/v2\/media\/34250"}],"wp:attachment":[{"href":"https:\/\/www.vidademadrid.com\/es\/wp-json\/wp\/v2\/media?parent=34249"}],"wp:term":[{"taxonomy":"category","embeddable":true,"href":"https:\/\/www.vidademadrid.com\/es\/wp-json\/wp\/v2\/categories?post=34249"},{"taxonomy":"post_tag","embeddable":true,"href":"https:\/\/www.vidademadrid.com\/es\/wp-json\/wp\/v2\/tags?post=34249"}],"curies":[{"name":"wp","href":"https:\/\/api.w.org\/{rel}","templated":true}]}}