{"id":33353,"date":"2021-05-19T18:41:13","date_gmt":"2021-05-19T16:41:13","guid":{"rendered":"https:\/\/www.vidademadrid.com\/es\/?p=33353"},"modified":"2021-05-26T14:47:23","modified_gmt":"2021-05-26T12:47:23","slug":"manos-zurab-tsereteli-edificio-metropolis-gran-via-urvanity-art-2021","status":"publish","type":"post","link":"https:\/\/www.vidademadrid.com\/es\/33353\/manos-zurab-tsereteli-edificio-metropolis-gran-via-urvanity-art-2021\/","title":{"rendered":"Las manos de Zurab Tsereteli, la nueva obra de Gran V\u00eda, junto al Edificio Metr\u00f3polis"},"content":{"rendered":"<p>Un nuevo monumento ha aparecido en medio de <a href=\"https:\/\/www.vidademadrid.com\/es\/tag\/gran-via\/\"><strong>Gran V\u00eda<\/strong><\/a>. <strong>Las manos<\/strong> colocadas junto al <strong>Edificio Metr\u00f3polis<\/strong> son obra de <strong>Zurab Tsereteli<\/strong>, uno de los participantes en la <strong>feria Urvanity Art 2021<\/strong>.<\/p>\n<p><script async=\"\" src=\"https:\/\/pagead2.googlesyndication.com\/pagead\/js\/adsbygoogle.js\"><\/script><\/p>\n<p><!-- Vertical2020 --><ins class=\"adsbygoogle\" style=\"display: block;\" data-ad-client=\"ca-pub-7450064428034605\" data-ad-slot=\"4377430105\" data-ad-format=\"auto\" data-full-width-responsive=\"true\"><\/ins><script>(adsbygoogle = window.adsbygoogle || []).push({});<\/script><\/p>\n<h2>Urvanity Art: Las manos de Zurab Tsereteli<\/h2>\n<p><script async=\"\" src=\"https:\/\/pagead2.googlesyndication.com\/pagead\/js\/adsbygoogle.js\"><\/script> <ins class=\"adsbygoogle\" style=\"display: block;\" data-ad-format=\"fluid\" data-ad-layout-key=\"-7f+eo+1+2-5\" data-ad-client=\"ca-pub-7450064428034605\" data-ad-slot=\"7327027071\"><\/ins><script>(adsbygoogle = window.adsbygoogle || []).push({});<\/script><\/p>\n<p><strong><a href=\"https:\/\/www.instagram.com\/zurab_tsereteli\/?hl=es\">Zurab Tsereteli<\/a><\/strong> (1934, Tifilis, Georgia) es un importante pintor, escultor y arquitecto ruso\/georgiano conocido por sus monumentos conmemorativos a gran escala creados en todo el mundo. Adem\u00e1s de la escultura y la arquitectura, trabaja con la pintura, influida por su visita a Par\u00eds en la d\u00e9cada de 1960, cuando recibi\u00f3 una fuerte influencia de los artistas impresionistas y postimpresionistas.<\/p>\n<p>En esta ocasi\u00f3n, su obra <em><strong>\u00abHands\u00bb<\/strong> (manos)<\/em> colocada junto al <strong>Edificio Metr\u00f3polis en Gran V\u00eda<\/strong> podr\u00e1 ser visitada <strong>hasta el d\u00eda 30 de mayo<\/strong>, fecha en la que finalizar\u00e1 la celebraci\u00f3n de la <strong>feria de Nuevo Arte Contempor\u00e1neo de Madrid este 2021<\/strong>.<\/p>\n<p><img loading=\"lazy\" decoding=\"async\" class=\"aligncenter size-full wp-image-33363\" src=\"https:\/\/www.vidademadrid.com\/es\/wp-content\/uploads\/2021\/05\/manos-gran-via.jpg\" alt=\"\" width=\"900\" height=\"1200\" srcset=\"https:\/\/www.vidademadrid.com\/es\/wp-content\/uploads\/2021\/05\/manos-gran-via.jpg 900w, https:\/\/www.vidademadrid.com\/es\/wp-content\/uploads\/2021\/05\/manos-gran-via-225x300.jpg 225w, https:\/\/www.vidademadrid.com\/es\/wp-content\/uploads\/2021\/05\/manos-gran-via-768x1024.jpg 768w, https:\/\/www.vidademadrid.com\/es\/wp-content\/uploads\/2021\/05\/manos-gran-via-696x928.jpg 696w, https:\/\/www.vidademadrid.com\/es\/wp-content\/uploads\/2021\/05\/manos-gran-via-315x420.jpg 315w\" sizes=\"auto, (max-width: 900px) 100vw, 900px\" \/><\/p>\n<h2>Urvanity Art: La Semana del Arte de Madrid<\/h2>\n<p><script async=\"\" src=\"https:\/\/pagead2.googlesyndication.com\/pagead\/js\/adsbygoogle.js\"><\/script> <ins class=\"adsbygoogle\" style=\"display: block;\" data-ad-format=\"fluid\" data-ad-layout-key=\"-7f+eo+1+2-5\" data-ad-client=\"ca-pub-7450064428034605\" data-ad-slot=\"7327027071\"><\/ins><script>(adsbygoogle = window.adsbygoogle || []).push({});<\/script><\/p>\n<p>La quinta edici\u00f3n de la feria <strong>Urvanity Art<\/strong> ya ha llegado a la capital para celebrar la feria de Nuevo Arte Contempor\u00e1neo reuniendo a m\u00e1s de 25 galer\u00edas nacionales y otras internacionales venidas de Nueva York, Londres, Bruselas o Bogot\u00e1 <strong>entre el 27 y el 30 de mayo<\/strong>.<\/p>\n<p>Este a\u00f1o, la Semana del Arte de Madrid no va a celebrarse \u00fanicamente en el interior de la feria Urvanity, sino que el arte saldr\u00e1 fuera de las paredes de la galer\u00eda para llenar la ciudad de instalaciones y murales en el espacio p\u00fablico. Expresiones art\u00edsticas surgidas en contextos urbanos desde los a\u00f1os 70 en adelante, el post-grafiti, el pop surrealista o el nuevo pop art ser\u00e1n algunos de los protagonistas durante estos d\u00edas.<\/p>\n<p>El resto de obras participantes podr\u00e1n visitarse en el <strong>Colegio Oficial de Arquitectos de Madrid<\/strong> (Hortaleza, 63) el viernes 28 y el s\u00e1bado 29 entre las 11:00 h y las 21:00 h y el domingo 30 entre las 10:30 h y las 20:30 h.<\/p>\n","protected":false},"excerpt":{"rendered":"<p>La feria Urvanity Art 2021 se celebrar\u00e1 en la capital hasta el 30 de mayo<\/p>\n","protected":false},"author":10,"featured_media":33354,"comment_status":"open","ping_status":"open","sticky":false,"template":"","format":"standard","meta":{"footnotes":""},"categories":[111],"tags":[92],"class_list":{"0":"post-33353","1":"post","2":"type-post","3":"status-publish","4":"format-standard","5":"has-post-thumbnail","7":"category-exposiciones-madrid","8":"tag-gran-via"},"_links":{"self":[{"href":"https:\/\/www.vidademadrid.com\/es\/wp-json\/wp\/v2\/posts\/33353","targetHints":{"allow":["GET"]}}],"collection":[{"href":"https:\/\/www.vidademadrid.com\/es\/wp-json\/wp\/v2\/posts"}],"about":[{"href":"https:\/\/www.vidademadrid.com\/es\/wp-json\/wp\/v2\/types\/post"}],"author":[{"embeddable":true,"href":"https:\/\/www.vidademadrid.com\/es\/wp-json\/wp\/v2\/users\/10"}],"replies":[{"embeddable":true,"href":"https:\/\/www.vidademadrid.com\/es\/wp-json\/wp\/v2\/comments?post=33353"}],"version-history":[{"count":9,"href":"https:\/\/www.vidademadrid.com\/es\/wp-json\/wp\/v2\/posts\/33353\/revisions"}],"predecessor-version":[{"id":33367,"href":"https:\/\/www.vidademadrid.com\/es\/wp-json\/wp\/v2\/posts\/33353\/revisions\/33367"}],"wp:featuredmedia":[{"embeddable":true,"href":"https:\/\/www.vidademadrid.com\/es\/wp-json\/wp\/v2\/media\/33354"}],"wp:attachment":[{"href":"https:\/\/www.vidademadrid.com\/es\/wp-json\/wp\/v2\/media?parent=33353"}],"wp:term":[{"taxonomy":"category","embeddable":true,"href":"https:\/\/www.vidademadrid.com\/es\/wp-json\/wp\/v2\/categories?post=33353"},{"taxonomy":"post_tag","embeddable":true,"href":"https:\/\/www.vidademadrid.com\/es\/wp-json\/wp\/v2\/tags?post=33353"}],"curies":[{"name":"wp","href":"https:\/\/api.w.org\/{rel}","templated":true}]}}