{"id":33318,"date":"2021-05-18T19:29:48","date_gmt":"2021-05-18T17:29:48","guid":{"rendered":"https:\/\/www.vidademadrid.com\/es\/?p=33318"},"modified":"2021-06-14T12:50:46","modified_gmt":"2021-06-14T10:50:46","slug":"obras-prado-calles-madrid-mapa-ubicaciones-fotos","status":"publish","type":"post","link":"https:\/\/www.vidademadrid.com\/es\/33318\/obras-prado-calles-madrid-mapa-ubicaciones-fotos\/","title":{"rendered":"Las obras del Prado en las calles de Madrid: ruta, mapa, fotos y reportaje sobre \u00abA la vuelta de la esquina\u00bb"},"content":{"rendered":"<p>Las <strong>obras del Museo del Prado<\/strong> toman las calles de Madrid en una bonita iniciativa que arranca hoy, <a href=\"https:\/\/www.vidademadrid.com\/es\/33277\/actividades-dia-de-los-museos-2021\/\">D\u00eda Internacional de los Museos<\/a>, y que durante casi tres semanas permitir\u00e1 a ciudadanos y turistas de disfrutar del arte en espacios inesperados. Sigue leyendo para conocer todo sobre <strong>\u00abA la vuelta de la esquina\u00bb<\/strong>, consultar el <strong>mapa<\/strong> de la obras en Madrid y ver nuestro <strong>reportaje<\/strong>.<\/p>\n<p><script async=\"\" src=\"https:\/\/pagead2.googlesyndication.com\/pagead\/js\/adsbygoogle.js\"><\/script><\/p>\n<p><!-- Vertical2020 --><\/p>\n<p><ins class=\"adsbygoogle\" style=\"display: block;\" data-ad-client=\"ca-pub-7450064428034605\" data-ad-slot=\"4377430105\" data-ad-format=\"auto\" data-full-width-responsive=\"true\"><\/ins><script>(adsbygoogle = window.adsbygoogle || []).push({});<\/script><\/p>\n<h2>Las obras del Prado en las calles de Madrid: qu\u00e9 es \u00abA la vuelta de la esquina\u00bb<\/h2>\n<p><strong>\u00abA la vuelta de la esquina\u00bb<\/strong> es el nombre de la iniciativa del <a href=\"https:\/\/www.vidademadrid.com\/es\/tag\/museo-del-prado\"><strong>Museo del Prado<\/strong><\/a> en colaboraci\u00f3n con el Ayuntamiento de Madrid, Iberia y Telef\u00f3nica. El concepto es tan sencillo como bonito: m\u00e1s de <strong>20 r\u00e9plicas de obras de la colecci\u00f3n del Prado han sido colocadas en las calles de Madrid<\/strong>, \u00aben lugares inesperados, cercanos y sorprendentes, con el prop\u00f3sito de alterar la cotidianidad de los ciudadanos y estimular su visita a los museos\u00bb.<\/p>\n<h2>Mapa de las m\u00e1s de 20 obras en la calles de Madrid y fechas de la iniciativa<\/h2>\n<p><script async=\"\" src=\"https:\/\/pagead2.googlesyndication.com\/pagead\/js\/adsbygoogle.js\"><\/script> <ins class=\"adsbygoogle\" style=\"display: block; text-align: center;\" data-ad-layout=\"in-article\" data-ad-format=\"fluid\" data-ad-client=\"ca-pub-7450064428034605\" data-ad-slot=\"5670045061\"><\/ins> <script>(adsbygoogle = window.adsbygoogle || []).push({});<\/script><\/p>\n<p>El mismo Museo del Prado ha difundido un <a href=\"https:\/\/www.museodelprado.es\/recurso\/9fbe0294-0ed8-44e8-9836-f31a069b18ef\/062c2aef-a283-0513-003a-a791ca20a26f\">mapa<\/a> para conocer la ubicaci\u00f3n exacta de las 20 obras. Algunas de ellas est\u00e1n en zonas c\u00e9ntricas de la ciudad, otras en barrios como Carabanchel, Arganzuela, Chamart\u00edn, entre otros. La iniciativa ha empezado hoy, 18 de mayo, para celebrar el D\u00eda de los Museos, y terminar\u00e1 el domingo 6 de junio. Casi tres semanas para disfrutar de cuadros como <strong><em>Las lanzas o La rendici\u00f3n de Breda<\/em><\/strong> de <strong>Vel\u00e1zquez<\/strong>, <strong><em>Carlos V en la Batalla de M\u00fchlberg <\/em><\/strong>de <strong>Tiziano<\/strong>, <strong>Una f\u00e1bula<\/strong> de <strong>El Grego<\/strong> y la versi\u00f3n de la <strong><em>Mona Lisa<\/em><\/strong> del <strong>taller de Leonardo da Vinci <\/strong><a href=\"https:\/\/www.museodelprado.es\/coleccion\/obra-de-arte\/mona-lisa\/80c9b279-5c80-4d29-b72d-b19cdca6601c\">(pintado por uno de los alumnos m\u00e1s cercano del pintor italiano)<\/a>.<\/p>\n<p>Para consultar el mapa pincha <a href=\"https:\/\/www.museodelprado.es\/recurso\/9fbe0294-0ed8-44e8-9836-f31a069b18ef\/062c2aef-a283-0513-003a-a791ca20a26f\">aqu\u00ed<\/a>.<\/p>\n<h2>Listado de las ubicaciones<\/h2>\n<ol>\n<li><strong>Mona Lisa. Taller de Leonardo da Vinci.<\/strong> Movistar Academy Magari\u00f1os, Calle de Serrano, 127<\/li>\n<li>\n<p><strong>Los hijos del pintor en el sal\u00f3n japon\u00e9s.&nbsp;Mariano Fortuny.<\/strong>&nbsp;Embajada de Alemania. Calle de Fortuny, 8<\/p>\n<\/li>\n<li>\n<p><strong>Bodeg\u00f3n.&nbsp;S\u00e1nchez Cot\u00e1n.<\/strong>&nbsp;Mercado de la Paz.&nbsp;Calle de Ayala, 28B<\/p>\n<\/li>\n<li>\n<p><strong>Las lanzas o La rendici\u00f3n de Breda.&nbsp;Vel\u00e1zquez.<\/strong>&nbsp;Parque del Retiro. Plaza de la Independencia, 7 (junto a la puerta principal del Retiro)<\/p>\n<\/li>\n<li>\n<p><strong>La Anunciaci\u00f3n.&nbsp;Fra Angelico.<\/strong>&nbsp;Real Jard\u00edn Bot\u00e1nico.&nbsp;Plaza de Murillo, 2 (en Paseo del Prado, bajando hacia Atocha)<\/p>\n<\/li>\n<li>\n<p><strong>Mar\u00eda Tudor, reina de Inglaterra, segunda mujer de Felipe II.&nbsp;Antonio Moro.<\/strong>&nbsp;Imprenta Municipal.&nbsp;Calle de Concepci\u00f3n Jer\u00f3nima, 15<\/p>\n<\/li>\n<li>\n<p><strong>Lucha de san Jorge y el drag\u00f3n.&nbsp;Pedro Pablo Rubens.<\/strong>&nbsp;Biblioteca Municipal Iv\u00e1n de Vargas.&nbsp;Calle de San Justo, 5<\/p>\n<\/li>\n<li>\n<p><strong>Felipe II.&nbsp;Sofonisba Anguissola.<\/strong>&nbsp;Junta Municipal Distrito Centro.&nbsp;Calle Mayor, 72 (junto a Plaza de la Villa)<\/p>\n<\/li>\n<li>\n<p><strong>Carlos V en la Batalla de M\u00fchlberg. Tiziano.<\/strong>&nbsp;Movistar Gran V\u00eda 28.&nbsp;Calle Gran V\u00eda, 28 (junto a Metro Gran V\u00eda)<\/p>\n<\/li>\n<li>\n<p class=\"titulo\"><strong>Una f\u00e1bula.&nbsp;El Greco.<\/strong>&nbsp;Escuela Infantil El Jard\u00edn de los Genios.&nbsp;Calle de Evaristo San Miguel, 11<\/p>\n<\/li>\n<li><strong>El Cardenal.&nbsp;Rafael.<\/strong>&nbsp;Plaza de Castilla.&nbsp;Valla perimetral Fundaci\u00f3n Canal. Paseo de la Castellana, junto parada bus<\/li>\n<li>\n<p><strong>Autorretrato.&nbsp;Durero.<\/strong>&nbsp;Centro Cultural Galileo.&nbsp;Calle de Fernando el Cat\u00f3lico, 35<\/p>\n<\/li>\n<li><strong>El paso de la laguna Estigia.&nbsp;Patinir.<\/strong> Centro Deportivo Municipal Gimnasio Moscard\u00f3. Calle del Pilar de Zaragoza, 93\n<\/li>\n<li><strong>Judit en el banquete de Holofernes. Rembrandt.<\/strong>&nbsp;Centro Deportivo Municipal Marqu\u00e9s de Samaranch.&nbsp;Paseo Imperial, 20\n<\/li>\n<li><strong>Santa Isabel de Portugal.&nbsp;Zurbar\u00e1n.<\/strong>&nbsp;Centro Municipal de Mayores P\u00e9rez Gald\u00f3s. Av. de la Ciudad de Barcelona, 182<\/li>\n<li><strong>El quitasol.&nbsp;Francisco de Goya.<\/strong>&nbsp;Biblioteca Municipal P\u00edo Baroja.&nbsp;Calle de Arganda, 12, 28005\n<\/li>\n<li><strong>El sue\u00f1o de Jacob.<\/strong>&nbsp;Jos\u00e9 de Ribera.&nbsp;Casa del Reloj<\/li>\n<li>\n<p><strong>Chicos en la playa.&nbsp;Joaqu\u00edn Sorolla.<\/strong>&nbsp;Distrito Telef\u00f3nica.&nbsp;Ronda de la Comunicaci\u00f3n s\/n<\/p>\n<\/li>\n<li>\n<p><strong>Venus y Adonis.&nbsp;Veron\u00e9s.<\/strong>&nbsp;Aeropuerto Madrid-Barajas T4<\/p>\n<\/li>\n<li>\n<p><strong>El caballero de la mano en el pecho.&nbsp;El Greco.<\/strong>&nbsp;Recinto Ferial Ifema<\/p>\n<\/li>\n<li>\n<p class=\"titulo\"><strong>Las hilanderas o la f\u00e1bula de Aracne.<\/strong>&nbsp;Vel\u00e1zquez.&nbsp;Biblioteca Municipal Ana Mar\u00eda Matute.&nbsp;Calle Cortada, 1<\/p>\n<\/li>\n<li>\n<p class=\"titulo\"><strong>Bodeg\u00f3n con pescado, vela, alcachofas, cangrejos y gambas.&nbsp;Clara Peeters.<\/strong>&nbsp;Mercamadrid<\/p>\n<\/li>\n<\/ol>\n<h2>Reportaje Vida de Madrid: las obras del Prado en las calles<\/h2>\n<p><script async=\"\" src=\"https:\/\/pagead2.googlesyndication.com\/pagead\/js\/adsbygoogle.js\"><\/script> <ins class=\"adsbygoogle\" style=\"display: block; text-align: center;\" data-ad-layout=\"in-article\" data-ad-format=\"fluid\" data-ad-client=\"ca-pub-7450064428034605\" data-ad-slot=\"5670045061\"><\/ins> <script>(adsbygoogle = window.adsbygoogle || []).push({});<\/script><\/p>\n<p>Hoy mismo -con un homenaje a <a href=\"https:\/\/www.vidademadrid.com\/es\/33303\/franco-battiato-madrid\/\">Franco Battiato<\/a>&#8211; hemos empezado nuestro recorrido por las obras del Prado en las calles de Madrid, pod\u00e9is ver <a href=\"https:\/\/www.instagram.com\/stories\/highlights\/17890450544153735\/\"><strong>el relato en tiempo real en Stories Instagram aqu\u00ed<\/strong><\/a>. Abajo, m\u00e1s fotos.<\/p>\n<p><\/p>\n<p><i>(Pincha en la foto para ver en formato grande)<\/i><\/p>\n\n\n<figure class=\"wp-block-gallery columns-3 is-cropped wp-block-gallery-1 is-layout-flex wp-block-gallery-is-layout-flex\"><ul class=\"blocks-gallery-grid\"><li class=\"blocks-gallery-item\"><figure><a href=\"https:\/\/www.vidademadrid.com\/es\/wp-content\/uploads\/2021\/05\/prado-en-la-calle-05.jpg\"><img loading=\"lazy\" decoding=\"async\" width=\"1024\" height=\"768\" src=\"https:\/\/www.vidademadrid.com\/es\/wp-content\/uploads\/2021\/05\/prado-en-la-calle-05-1024x768.jpg\" alt=\"\" data-id=\"33326\" data-full-url=\"https:\/\/www.vidademadrid.com\/es\/wp-content\/uploads\/2021\/05\/prado-en-la-calle-05.jpg\" data-link=\"https:\/\/www.vidademadrid.com\/es\/?attachment_id=33326\" class=\"wp-image-33326\" srcset=\"https:\/\/www.vidademadrid.com\/es\/wp-content\/uploads\/2021\/05\/prado-en-la-calle-05-1024x768.jpg 1024w, https:\/\/www.vidademadrid.com\/es\/wp-content\/uploads\/2021\/05\/prado-en-la-calle-05-300x225.jpg 300w, https:\/\/www.vidademadrid.com\/es\/wp-content\/uploads\/2021\/05\/prado-en-la-calle-05-768x576.jpg 768w, https:\/\/www.vidademadrid.com\/es\/wp-content\/uploads\/2021\/05\/prado-en-la-calle-05-696x522.jpg 696w, https:\/\/www.vidademadrid.com\/es\/wp-content\/uploads\/2021\/05\/prado-en-la-calle-05-1068x801.jpg 1068w, https:\/\/www.vidademadrid.com\/es\/wp-content\/uploads\/2021\/05\/prado-en-la-calle-05-560x420.jpg 560w, https:\/\/www.vidademadrid.com\/es\/wp-content\/uploads\/2021\/05\/prado-en-la-calle-05-80x60.jpg 80w, https:\/\/www.vidademadrid.com\/es\/wp-content\/uploads\/2021\/05\/prado-en-la-calle-05-265x198.jpg 265w, https:\/\/www.vidademadrid.com\/es\/wp-content\/uploads\/2021\/05\/prado-en-la-calle-05.jpg 1200w\" sizes=\"auto, (max-width: 1024px) 100vw, 1024px\" \/><\/a><\/figure><\/li><li class=\"blocks-gallery-item\"><figure><a href=\"https:\/\/www.vidademadrid.com\/es\/wp-content\/uploads\/2021\/05\/prado-en-la-calle-06.jpg\"><img loading=\"lazy\" decoding=\"async\" width=\"768\" height=\"1024\" src=\"https:\/\/www.vidademadrid.com\/es\/wp-content\/uploads\/2021\/05\/prado-en-la-calle-06-768x1024.jpg\" alt=\"\" data-id=\"33327\" data-full-url=\"https:\/\/www.vidademadrid.com\/es\/wp-content\/uploads\/2021\/05\/prado-en-la-calle-06.jpg\" data-link=\"https:\/\/www.vidademadrid.com\/es\/?attachment_id=33327\" class=\"wp-image-33327\" srcset=\"https:\/\/www.vidademadrid.com\/es\/wp-content\/uploads\/2021\/05\/prado-en-la-calle-06-768x1024.jpg 768w, https:\/\/www.vidademadrid.com\/es\/wp-content\/uploads\/2021\/05\/prado-en-la-calle-06-225x300.jpg 225w, https:\/\/www.vidademadrid.com\/es\/wp-content\/uploads\/2021\/05\/prado-en-la-calle-06-696x928.jpg 696w, https:\/\/www.vidademadrid.com\/es\/wp-content\/uploads\/2021\/05\/prado-en-la-calle-06-315x420.jpg 315w, https:\/\/www.vidademadrid.com\/es\/wp-content\/uploads\/2021\/05\/prado-en-la-calle-06.jpg 900w\" sizes=\"auto, (max-width: 768px) 100vw, 768px\" \/><\/a><\/figure><\/li><li class=\"blocks-gallery-item\"><figure><a href=\"https:\/\/www.vidademadrid.com\/es\/wp-content\/uploads\/2021\/05\/prado-en-la-calle-07.jpg\"><img loading=\"lazy\" decoding=\"async\" width=\"768\" height=\"1024\" src=\"https:\/\/www.vidademadrid.com\/es\/wp-content\/uploads\/2021\/05\/prado-en-la-calle-07-768x1024.jpg\" alt=\"\" data-id=\"33328\" data-full-url=\"https:\/\/www.vidademadrid.com\/es\/wp-content\/uploads\/2021\/05\/prado-en-la-calle-07.jpg\" data-link=\"https:\/\/www.vidademadrid.com\/es\/?attachment_id=33328\" class=\"wp-image-33328\" srcset=\"https:\/\/www.vidademadrid.com\/es\/wp-content\/uploads\/2021\/05\/prado-en-la-calle-07-768x1024.jpg 768w, https:\/\/www.vidademadrid.com\/es\/wp-content\/uploads\/2021\/05\/prado-en-la-calle-07-225x300.jpg 225w, https:\/\/www.vidademadrid.com\/es\/wp-content\/uploads\/2021\/05\/prado-en-la-calle-07-696x928.jpg 696w, https:\/\/www.vidademadrid.com\/es\/wp-content\/uploads\/2021\/05\/prado-en-la-calle-07-315x420.jpg 315w, https:\/\/www.vidademadrid.com\/es\/wp-content\/uploads\/2021\/05\/prado-en-la-calle-07.jpg 900w\" sizes=\"auto, (max-width: 768px) 100vw, 768px\" \/><\/a><\/figure><\/li><li class=\"blocks-gallery-item\"><figure><a href=\"https:\/\/www.vidademadrid.com\/es\/wp-content\/uploads\/2021\/05\/prado-en-la-calle-08.jpg\"><img loading=\"lazy\" decoding=\"async\" width=\"768\" height=\"1024\" src=\"https:\/\/www.vidademadrid.com\/es\/wp-content\/uploads\/2021\/05\/prado-en-la-calle-08-768x1024.jpg\" alt=\"\" data-id=\"33329\" data-full-url=\"https:\/\/www.vidademadrid.com\/es\/wp-content\/uploads\/2021\/05\/prado-en-la-calle-08.jpg\" data-link=\"https:\/\/www.vidademadrid.com\/es\/?attachment_id=33329\" class=\"wp-image-33329\" srcset=\"https:\/\/www.vidademadrid.com\/es\/wp-content\/uploads\/2021\/05\/prado-en-la-calle-08-768x1024.jpg 768w, https:\/\/www.vidademadrid.com\/es\/wp-content\/uploads\/2021\/05\/prado-en-la-calle-08-225x300.jpg 225w, https:\/\/www.vidademadrid.com\/es\/wp-content\/uploads\/2021\/05\/prado-en-la-calle-08-696x928.jpg 696w, https:\/\/www.vidademadrid.com\/es\/wp-content\/uploads\/2021\/05\/prado-en-la-calle-08-315x420.jpg 315w, https:\/\/www.vidademadrid.com\/es\/wp-content\/uploads\/2021\/05\/prado-en-la-calle-08.jpg 900w\" sizes=\"auto, (max-width: 768px) 100vw, 768px\" \/><\/a><\/figure><\/li><li class=\"blocks-gallery-item\"><figure><a href=\"https:\/\/www.vidademadrid.com\/es\/wp-content\/uploads\/2021\/05\/prado-en-la-calle-09.jpg\"><img loading=\"lazy\" decoding=\"async\" width=\"768\" height=\"1024\" src=\"https:\/\/www.vidademadrid.com\/es\/wp-content\/uploads\/2021\/05\/prado-en-la-calle-09-768x1024.jpg\" alt=\"\" data-id=\"33330\" data-full-url=\"https:\/\/www.vidademadrid.com\/es\/wp-content\/uploads\/2021\/05\/prado-en-la-calle-09.jpg\" data-link=\"https:\/\/www.vidademadrid.com\/es\/?attachment_id=33330\" class=\"wp-image-33330\" srcset=\"https:\/\/www.vidademadrid.com\/es\/wp-content\/uploads\/2021\/05\/prado-en-la-calle-09-768x1024.jpg 768w, https:\/\/www.vidademadrid.com\/es\/wp-content\/uploads\/2021\/05\/prado-en-la-calle-09-225x300.jpg 225w, https:\/\/www.vidademadrid.com\/es\/wp-content\/uploads\/2021\/05\/prado-en-la-calle-09-696x928.jpg 696w, https:\/\/www.vidademadrid.com\/es\/wp-content\/uploads\/2021\/05\/prado-en-la-calle-09-315x420.jpg 315w, https:\/\/www.vidademadrid.com\/es\/wp-content\/uploads\/2021\/05\/prado-en-la-calle-09.jpg 900w\" sizes=\"auto, (max-width: 768px) 100vw, 768px\" \/><\/a><\/figure><\/li><li class=\"blocks-gallery-item\"><figure><a href=\"https:\/\/www.vidademadrid.com\/es\/wp-content\/uploads\/2021\/05\/prado-en-la-calle-01.jpg\"><img loading=\"lazy\" decoding=\"async\" width=\"768\" height=\"1024\" src=\"https:\/\/www.vidademadrid.com\/es\/wp-content\/uploads\/2021\/05\/prado-en-la-calle-01.jpg\" alt=\"\" data-id=\"33331\" data-full-url=\"https:\/\/www.vidademadrid.com\/es\/wp-content\/uploads\/2021\/05\/prado-en-la-calle-01.jpg\" data-link=\"https:\/\/www.vidademadrid.com\/es\/?attachment_id=33331\" class=\"wp-image-33331\" srcset=\"https:\/\/www.vidademadrid.com\/es\/wp-content\/uploads\/2021\/05\/prado-en-la-calle-01.jpg 768w, https:\/\/www.vidademadrid.com\/es\/wp-content\/uploads\/2021\/05\/prado-en-la-calle-01-225x300.jpg 225w, https:\/\/www.vidademadrid.com\/es\/wp-content\/uploads\/2021\/05\/prado-en-la-calle-01-696x928.jpg 696w, https:\/\/www.vidademadrid.com\/es\/wp-content\/uploads\/2021\/05\/prado-en-la-calle-01-315x420.jpg 315w\" sizes=\"auto, (max-width: 768px) 100vw, 768px\" \/><\/a><\/figure><\/li><li class=\"blocks-gallery-item\"><figure><a href=\"https:\/\/www.vidademadrid.com\/es\/wp-content\/uploads\/2021\/05\/prado-en-la-calle-02.jpg\"><img loading=\"lazy\" decoding=\"async\" width=\"768\" height=\"1024\" src=\"https:\/\/www.vidademadrid.com\/es\/wp-content\/uploads\/2021\/05\/prado-en-la-calle-02-768x1024.jpg\" alt=\"\" data-id=\"33332\" data-full-url=\"https:\/\/www.vidademadrid.com\/es\/wp-content\/uploads\/2021\/05\/prado-en-la-calle-02.jpg\" data-link=\"https:\/\/www.vidademadrid.com\/es\/?attachment_id=33332\" class=\"wp-image-33332\" srcset=\"https:\/\/www.vidademadrid.com\/es\/wp-content\/uploads\/2021\/05\/prado-en-la-calle-02-768x1024.jpg 768w, https:\/\/www.vidademadrid.com\/es\/wp-content\/uploads\/2021\/05\/prado-en-la-calle-02-225x300.jpg 225w, https:\/\/www.vidademadrid.com\/es\/wp-content\/uploads\/2021\/05\/prado-en-la-calle-02-696x928.jpg 696w, https:\/\/www.vidademadrid.com\/es\/wp-content\/uploads\/2021\/05\/prado-en-la-calle-02-315x420.jpg 315w, https:\/\/www.vidademadrid.com\/es\/wp-content\/uploads\/2021\/05\/prado-en-la-calle-02.jpg 900w\" sizes=\"auto, (max-width: 768px) 100vw, 768px\" \/><\/a><\/figure><\/li><li class=\"blocks-gallery-item\"><figure><a href=\"https:\/\/www.vidademadrid.com\/es\/wp-content\/uploads\/2021\/05\/prado-en-la-calle-03.jpg\"><img loading=\"lazy\" decoding=\"async\" width=\"768\" height=\"1024\" src=\"https:\/\/www.vidademadrid.com\/es\/wp-content\/uploads\/2021\/05\/prado-en-la-calle-03-768x1024.jpg\" alt=\"\" data-id=\"33333\" data-full-url=\"https:\/\/www.vidademadrid.com\/es\/wp-content\/uploads\/2021\/05\/prado-en-la-calle-03.jpg\" data-link=\"https:\/\/www.vidademadrid.com\/es\/?attachment_id=33333\" class=\"wp-image-33333\" srcset=\"https:\/\/www.vidademadrid.com\/es\/wp-content\/uploads\/2021\/05\/prado-en-la-calle-03-768x1024.jpg 768w, https:\/\/www.vidademadrid.com\/es\/wp-content\/uploads\/2021\/05\/prado-en-la-calle-03-225x300.jpg 225w, https:\/\/www.vidademadrid.com\/es\/wp-content\/uploads\/2021\/05\/prado-en-la-calle-03-696x928.jpg 696w, https:\/\/www.vidademadrid.com\/es\/wp-content\/uploads\/2021\/05\/prado-en-la-calle-03-315x420.jpg 315w, https:\/\/www.vidademadrid.com\/es\/wp-content\/uploads\/2021\/05\/prado-en-la-calle-03.jpg 900w\" sizes=\"auto, (max-width: 768px) 100vw, 768px\" \/><\/a><\/figure><\/li><li class=\"blocks-gallery-item\"><figure><a href=\"https:\/\/www.vidademadrid.com\/es\/wp-content\/uploads\/2021\/05\/prado-en-la-calle-04.jpg\"><img loading=\"lazy\" decoding=\"async\" width=\"1024\" height=\"768\" src=\"https:\/\/www.vidademadrid.com\/es\/wp-content\/uploads\/2021\/05\/prado-en-la-calle-04-1024x768.jpg\" alt=\"\" data-id=\"33334\" data-full-url=\"https:\/\/www.vidademadrid.com\/es\/wp-content\/uploads\/2021\/05\/prado-en-la-calle-04.jpg\" data-link=\"https:\/\/www.vidademadrid.com\/es\/?attachment_id=33334\" class=\"wp-image-33334\" srcset=\"https:\/\/www.vidademadrid.com\/es\/wp-content\/uploads\/2021\/05\/prado-en-la-calle-04-1024x768.jpg 1024w, https:\/\/www.vidademadrid.com\/es\/wp-content\/uploads\/2021\/05\/prado-en-la-calle-04-300x225.jpg 300w, https:\/\/www.vidademadrid.com\/es\/wp-content\/uploads\/2021\/05\/prado-en-la-calle-04-768x576.jpg 768w, https:\/\/www.vidademadrid.com\/es\/wp-content\/uploads\/2021\/05\/prado-en-la-calle-04-696x522.jpg 696w, https:\/\/www.vidademadrid.com\/es\/wp-content\/uploads\/2021\/05\/prado-en-la-calle-04-1068x801.jpg 1068w, https:\/\/www.vidademadrid.com\/es\/wp-content\/uploads\/2021\/05\/prado-en-la-calle-04-560x420.jpg 560w, https:\/\/www.vidademadrid.com\/es\/wp-content\/uploads\/2021\/05\/prado-en-la-calle-04-80x60.jpg 80w, https:\/\/www.vidademadrid.com\/es\/wp-content\/uploads\/2021\/05\/prado-en-la-calle-04-265x198.jpg 265w, https:\/\/www.vidademadrid.com\/es\/wp-content\/uploads\/2021\/05\/prado-en-la-calle-04.jpg 1200w\" sizes=\"auto, (max-width: 1024px) 100vw, 1024px\" \/><\/a><\/figure><\/li><\/ul><\/figure>\n","protected":false},"excerpt":{"rendered":"<p>M\u00e1s de veinte r\u00e9plicas de cuadros de la colecci\u00f3n del museo toman los barrios de la capital<\/p>\n","protected":false},"author":5,"featured_media":33335,"comment_status":"open","ping_status":"open","sticky":false,"template":"","format":"standard","meta":{"footnotes":""},"categories":[11,111],"tags":[61,62],"class_list":{"0":"post-33318","1":"post","2":"type-post","3":"status-publish","4":"format-standard","5":"has-post-thumbnail","7":"category-eventos-madrid","8":"category-exposiciones-madrid","9":"tag-museo-del-prado","10":"tag-museos"},"_links":{"self":[{"href":"https:\/\/www.vidademadrid.com\/es\/wp-json\/wp\/v2\/posts\/33318","targetHints":{"allow":["GET"]}}],"collection":[{"href":"https:\/\/www.vidademadrid.com\/es\/wp-json\/wp\/v2\/posts"}],"about":[{"href":"https:\/\/www.vidademadrid.com\/es\/wp-json\/wp\/v2\/types\/post"}],"author":[{"embeddable":true,"href":"https:\/\/www.vidademadrid.com\/es\/wp-json\/wp\/v2\/users\/5"}],"replies":[{"embeddable":true,"href":"https:\/\/www.vidademadrid.com\/es\/wp-json\/wp\/v2\/comments?post=33318"}],"version-history":[{"count":9,"href":"https:\/\/www.vidademadrid.com\/es\/wp-json\/wp\/v2\/posts\/33318\/revisions"}],"predecessor-version":[{"id":34078,"href":"https:\/\/www.vidademadrid.com\/es\/wp-json\/wp\/v2\/posts\/33318\/revisions\/34078"}],"wp:featuredmedia":[{"embeddable":true,"href":"https:\/\/www.vidademadrid.com\/es\/wp-json\/wp\/v2\/media\/33335"}],"wp:attachment":[{"href":"https:\/\/www.vidademadrid.com\/es\/wp-json\/wp\/v2\/media?parent=33318"}],"wp:term":[{"taxonomy":"category","embeddable":true,"href":"https:\/\/www.vidademadrid.com\/es\/wp-json\/wp\/v2\/categories?post=33318"},{"taxonomy":"post_tag","embeddable":true,"href":"https:\/\/www.vidademadrid.com\/es\/wp-json\/wp\/v2\/tags?post=33318"}],"curies":[{"name":"wp","href":"https:\/\/api.w.org\/{rel}","templated":true}]}}