{"id":33303,"date":"2021-05-18T10:09:13","date_gmt":"2021-05-18T08:09:13","guid":{"rendered":"https:\/\/www.vidademadrid.com\/es\/?p=33303"},"modified":"2021-05-18T10:09:45","modified_gmt":"2021-05-18T08:09:45","slug":"franco-battiato-madrid","status":"publish","type":"post","link":"https:\/\/www.vidademadrid.com\/es\/33303\/franco-battiato-madrid\/","title":{"rendered":"Muere Franco Battiato. V\u00eddeos: sus actuaciones en Madrid (que mencion\u00f3 en una de sus canciones)"},"content":{"rendered":"<p>Ha muerto hoy, a los 76 a\u00f1os, <strong>Franco Battiato<\/strong>. El cantautor, uno de los genios de la historia de la m\u00fasica italiana, ha actuado en distintas ocasiones en <strong>Madrid<\/strong>, donde adem\u00e1s ha estado en varios plat\u00f3 de televisi\u00f3n y entrevistado en radios.<\/p>\n<p>Y una de sus letras en espa\u00f1ol menciona Madrid: \u00ab<strong>Una vieja de Madrid con un sombrero, un paraguas de papel de arroz y ca\u00f1a de bamb\u00fa<\/strong>\u00ab, as\u00ed arranca su celebre \u00ab<em>Centro De Gravedad Permanente<\/em>\u00ab.<\/p>\n<p>Recopilamos aqu\u00ed<strong> los mejores videos de Franco Battiato en Madrid<\/strong>.<\/p>\n<p><script async=\"\" src=\"https:\/\/pagead2.googlesyndication.com\/pagead\/js\/adsbygoogle.js\"><\/script> <ins class=\"adsbygoogle\" style=\"display: block; text-align: center;\" data-ad-layout=\"in-article\" data-ad-format=\"fluid\" data-ad-client=\"ca-pub-7450064428034605\" data-ad-slot=\"5670045061\"><\/ins> <script>(adsbygoogle = window.adsbygoogle || []).push({});<\/script><\/p>\n<h2>Franco Battiato, entrevista de Javier Gallego en La Ser<\/h2>\n<p>\u00bfLe obsesiona la muerte? \u00abNo, al contrario. Si hay la consciencia recta, la muerte no es un problema\u00bb\u00a0<\/p>\n\n\n<figure class=\"wp-block-embed is-type-video is-provider-youtube wp-block-embed-youtube wp-embed-aspect-16-9 wp-has-aspect-ratio\"><div class=\"wp-block-embed__wrapper\">\n<iframe loading=\"lazy\" title=\"Carne Cruda 2.0 de Cadena SER - Entrevista a Franco Battiato (parte 1)\" width=\"696\" height=\"392\" src=\"https:\/\/www.youtube.com\/embed\/LUqeMJYXN-8?feature=oembed\" frameborder=\"0\" allow=\"accelerometer; autoplay; clipboard-write; encrypted-media; gyroscope; picture-in-picture\" allowfullscreen><\/iframe>\n<\/div><\/figure>\n\n\n<h2>Franco Battiato en TVE en 1985: \u00abCentro de Gravedad Permanente\u00bb<\/h2>\n<p>Primera actuaci\u00f3n en Televisi\u00f3n Espa\u00f1ola, en \u00abTocata\u00bb. 30 de octubre 1985. Canta Centro de Gravedad Permanente.<\/p>\n\n\n<figure class=\"wp-block-embed is-type-video is-provider-youtube wp-block-embed-youtube wp-embed-aspect-4-3 wp-has-aspect-ratio\"><div class=\"wp-block-embed__wrapper\">\n<iframe loading=\"lazy\" title=\"Franco Battiato &quot;Centro de Gravedad&quot; &quot;La Estaci\u00f3n de los Amores&quot; Tocata 30-10-85\" width=\"696\" height=\"522\" src=\"https:\/\/www.youtube.com\/embed\/qUltee2s-As?feature=oembed\" frameborder=\"0\" allow=\"accelerometer; autoplay; clipboard-write; encrypted-media; gyroscope; picture-in-picture\" allowfullscreen><\/iframe>\n<\/div><\/figure>\n\n\n\n\n<h2>En TVE en \u00abS\u00e1bado Noche\u00bb (1987)<\/h2>\n<p>Presentado por Lydia Bosch y Toni Cant\u00f3, canta \u00abN\u00f3madas\u00bb e \u00abYo Quiero Verte Danzar\u00bb en el programa del 25 de julio de 1987.<\/p>\n\n\n<figure class=\"wp-block-embed is-type-video is-provider-youtube wp-block-embed-youtube wp-embed-aspect-4-3 wp-has-aspect-ratio\"><div class=\"wp-block-embed__wrapper\">\n<iframe loading=\"lazy\" title=\"Franco Battiato(&quot;N\u00f3madas&quot;, &quot;Yo Quiero Verte Danzar&quot;) S\u00e1bado Noche 25-07-87\" width=\"696\" height=\"522\" src=\"https:\/\/www.youtube.com\/embed\/cAKpHvsCFEo?feature=oembed\" frameborder=\"0\" allow=\"accelerometer; autoplay; clipboard-write; encrypted-media; gyroscope; picture-in-picture\" allowfullscreen><\/iframe>\n<\/div><\/figure>\n\n\n<h2>En Circo Price de Madrid en 2013: \u00abCucurrucucu\u00bb<\/h2>\n<p>Concierto en el Circo Price de Madrid el 21 de marzo de 2013.<\/p>\n\n\n<figure class=\"wp-block-embed is-type-video is-provider-youtube wp-block-embed-youtube wp-embed-aspect-16-9 wp-has-aspect-ratio\"><div class=\"wp-block-embed__wrapper\">\n<iframe loading=\"lazy\" title=\"Franco Battiato - live - Cucurrucucu -  Madrid 2013\" width=\"696\" height=\"392\" src=\"https:\/\/www.youtube.com\/embed\/JB8LQIEACCQ?feature=oembed\" frameborder=\"0\" allow=\"accelerometer; autoplay; clipboard-write; encrypted-media; gyroscope; picture-in-picture\" allowfullscreen><\/iframe>\n<\/div><\/figure>\n\n\n<h2>En 2015 en Circo Price: \u00abVoglio Vederti Danzare\u00bb<\/h2>\n<p>Vuelve al Teatro Circo Price de Madrid el 6 de septiembre de 2015.<\/p>\n\n\n<figure class=\"wp-block-embed is-type-video is-provider-youtube wp-block-embed-youtube wp-embed-aspect-16-9 wp-has-aspect-ratio\"><div class=\"wp-block-embed__wrapper\">\n<iframe loading=\"lazy\" title=\"Franco Battiato - Voglio vederti danzare ( Yo quiero verte danzar). Teatro Circo Price\" width=\"696\" height=\"392\" src=\"https:\/\/www.youtube.com\/embed\/KvU5xBceGwk?feature=oembed\" frameborder=\"0\" allow=\"accelerometer; autoplay; clipboard-write; encrypted-media; gyroscope; picture-in-picture\" allowfullscreen><\/iframe>\n<\/div><\/figure>\n\n\n<h2>\u00daltimo concierto en Madrid, en 2017. \u00abLa Cura\u00bb<\/h2>\n<p>En Las Noches del Bot\u00e1nico, el 18 de julio de 2017, canta su obra maestra, \u00abLa Cura\u00bb.<\/p>\n\n\n<figure class=\"wp-block-embed is-type-video is-provider-youtube wp-block-embed-youtube wp-embed-aspect-16-9 wp-has-aspect-ratio\"><div class=\"wp-block-embed__wrapper\">\n<iframe loading=\"lazy\" title=\"Franco Battiato - La Cura. Madrid 18 de julio de 2017. Las Noches del Bot\u00e1nico\" width=\"696\" height=\"392\" src=\"https:\/\/www.youtube.com\/embed\/k9St2WabA-s?feature=oembed\" frameborder=\"0\" allow=\"accelerometer; autoplay; clipboard-write; encrypted-media; gyroscope; picture-in-picture\" allowfullscreen><\/iframe>\n<\/div><\/figure>\n","protected":false},"excerpt":{"rendered":"<p>Su letra que menciona Madrid y los v\u00eddeo de los conciertos en la capital<\/p>\n","protected":false},"author":1,"featured_media":33304,"comment_status":"open","ping_status":"open","sticky":false,"template":"","format":"standard","meta":{"footnotes":""},"categories":[1],"tags":[],"class_list":{"0":"post-33303","1":"post","2":"type-post","3":"status-publish","4":"format-standard","5":"has-post-thumbnail","7":"category-varios"},"_links":{"self":[{"href":"https:\/\/www.vidademadrid.com\/es\/wp-json\/wp\/v2\/posts\/33303","targetHints":{"allow":["GET"]}}],"collection":[{"href":"https:\/\/www.vidademadrid.com\/es\/wp-json\/wp\/v2\/posts"}],"about":[{"href":"https:\/\/www.vidademadrid.com\/es\/wp-json\/wp\/v2\/types\/post"}],"author":[{"embeddable":true,"href":"https:\/\/www.vidademadrid.com\/es\/wp-json\/wp\/v2\/users\/1"}],"replies":[{"embeddable":true,"href":"https:\/\/www.vidademadrid.com\/es\/wp-json\/wp\/v2\/comments?post=33303"}],"version-history":[{"count":2,"href":"https:\/\/www.vidademadrid.com\/es\/wp-json\/wp\/v2\/posts\/33303\/revisions"}],"predecessor-version":[{"id":33306,"href":"https:\/\/www.vidademadrid.com\/es\/wp-json\/wp\/v2\/posts\/33303\/revisions\/33306"}],"wp:featuredmedia":[{"embeddable":true,"href":"https:\/\/www.vidademadrid.com\/es\/wp-json\/wp\/v2\/media\/33304"}],"wp:attachment":[{"href":"https:\/\/www.vidademadrid.com\/es\/wp-json\/wp\/v2\/media?parent=33303"}],"wp:term":[{"taxonomy":"category","embeddable":true,"href":"https:\/\/www.vidademadrid.com\/es\/wp-json\/wp\/v2\/categories?post=33303"},{"taxonomy":"post_tag","embeddable":true,"href":"https:\/\/www.vidademadrid.com\/es\/wp-json\/wp\/v2\/tags?post=33303"}],"curies":[{"name":"wp","href":"https:\/\/api.w.org\/{rel}","templated":true}]}}