{"id":3321,"date":"2016-05-24T17:37:44","date_gmt":"2016-05-24T15:37:44","guid":{"rendered":"http:\/\/www.vidademadrid.com\/es\/?p=3321"},"modified":"2016-05-27T09:33:00","modified_gmt":"2016-05-27T07:33:00","slug":"terraza-martini-madrid-mayo-2016-cibeles","status":"publish","type":"post","link":"https:\/\/www.vidademadrid.com\/es\/3321\/terraza-martini-madrid-mayo-2016-cibeles\/","title":{"rendered":"Terrazza Martini en Madrid: 27-28-29 mayo 2016 en Cibeles. F1 en Recoletos. El programa"},"content":{"rendered":"<p>Es uno de los eventos m\u00e1s cool del pr\u00f3ximo fin de semana: la <strong>Terrazza Martini en Madrid<\/strong> (s\u00ed, en italiano se dice <strong>Terrazza<\/strong> y no <strong>Terraza<\/strong> \ud83d\ude42 ). Solo el 26, 27 y 28 de mayo 2016, con muchos eventos en <strong>la Galer\u00eda de Cristal del Palacio de Cibeles<\/strong>.<\/p>\n<blockquote><p>\u00abIrresistible combinaci\u00f3n de m\u00fasica, arte, gastronom\u00eda y F1\u00bb<\/p><\/blockquote>\n<p>As\u00ed Martini comenta los eventos del pr\u00f3ximo finde. Habr\u00e1 mucha m\u00fasica pero tamb\u00eden una exhibici\u00f3n urbana de F1 en el Paseo de Recoletos, el domingo a medio d\u00eda.<\/p>\n<p><a href=\"#programa\"><strong>PINCHA AQU\u00cd: HORARIOS Y PROGRAMA<\/strong><\/a><br \/>\n<script src=\"\/\/pagead2.googlesyndication.com\/pagead\/js\/adsbygoogle.js\" async=\"\"><\/script><!-- Vida 1 --> <ins class=\"adsbygoogle\" style=\"display: block;\" data-ad-client=\"ca-pub-7450064428034605\" data-ad-slot=\"2284573579\" data-ad-format=\"auto\"><\/ins><script>\/\/ <![CDATA[\n (adsbygoogle = window.adsbygoogle || []).push({}); \n\/\/ ]]><\/script><\/p>\n<p>Habr\u00e1 el aperitivo que combina \u202a#\u200eMartiniTonic\u202c con los productos de La Cala <strong>Albert Adri\u00e0<\/strong>.<\/p>\n<h2 id=\"programa\">Terrazza Martini en Madrid: el programa<\/h2>\n<p>Esta es la programaci\u00f3n completa de Terraza\/Terrazza Martini.<\/p>\n<p><script src=\"\/\/pagead2.googlesyndication.com\/pagead\/js\/adsbygoogle.js\" async=\"\"><\/script><!-- Vida 1 --> <ins class=\"adsbygoogle\" style=\"display: block;\" data-ad-client=\"ca-pub-7450064428034605\" data-ad-slot=\"2284573579\" data-ad-format=\"auto\"><\/ins><script>\/\/ <![CDATA[\n (adsbygoogle = window.adsbygoogle || []).push({}); \n\/\/ ]]><\/script><\/p>\n<blockquote class=\"twitter-tweet\" data-lang=\"es\">\n<p dir=\"ltr\" lang=\"es\">\u00a1La <a href=\"https:\/\/twitter.com\/hashtag\/TerrazzaMartini?src=hash\">#TerrazzaMartini<\/a> llega a <a href=\"https:\/\/twitter.com\/hashtag\/Madrid?src=hash\">#Madrid<\/a> este fin de semana!! Conciertos, arte, food &amp; buen ambiente en <a href=\"https:\/\/twitter.com\/PalacioCibeles\">@palaciocibeles<\/a>.<a href=\"https:\/\/t.co\/w0MshJgejL\">https:\/\/t.co\/w0MshJgejL<\/a><\/p>\n<p>\u2014 Martini Spain (@MartiniSpain) <a href=\"https:\/\/twitter.com\/MartiniSpain\/status\/734745409646559232\">23 de mayo de 2016<\/a><\/p><\/blockquote>\n<p><script src=\"\/\/platform.twitter.com\/widgets.js\" async=\"\" charset=\"utf-8\"><\/script><\/p>\n<p><strong>Viernes 27 mayo 2016<\/strong><\/p>\n<p>19h Dj Airis Sirenis<br \/>\n 20.30h Sr. Chinarro<br \/>\n 22h (hasta la 1.00) Dj Johann Wald<\/p>\n<p><strong>S\u00e1bado 28 mayo 2016<\/strong><br \/>\n 12h Dj Airis Sirenis<br \/>\n 13h Dj Fra<br \/>\n 17h Dj Airis Sirenis<br \/>\n 20.30h Los Hermanos Cubero<br \/>\n 21.30h (hasta la 1.00) Dj Airis Sirenis<\/p>\n<p><strong>Domingo 29 mayo 2016<\/strong><\/p>\n<p>12h (hasta las 20) Dj Airis Sirenis<br \/>\n<strong>13h en Recoletos: exhibici\u00f3n urbana de F\u00f3rmula 1<\/strong><br \/>\n20h (hasta las 22) Christina Rosenvinge<\/p>\n","protected":false},"excerpt":{"rendered":"<p>Evento este finde en Madrid<\/p>\n","protected":false},"author":1,"featured_media":0,"comment_status":"open","ping_status":"open","sticky":false,"template":"","format":"standard","meta":{"footnotes":""},"categories":[11],"tags":[8],"class_list":{"0":"post-3321","1":"post","2":"type-post","3":"status-publish","4":"format-standard","6":"category-eventos-madrid","7":"tag-centro-de-madrid"},"_links":{"self":[{"href":"https:\/\/www.vidademadrid.com\/es\/wp-json\/wp\/v2\/posts\/3321","targetHints":{"allow":["GET"]}}],"collection":[{"href":"https:\/\/www.vidademadrid.com\/es\/wp-json\/wp\/v2\/posts"}],"about":[{"href":"https:\/\/www.vidademadrid.com\/es\/wp-json\/wp\/v2\/types\/post"}],"author":[{"embeddable":true,"href":"https:\/\/www.vidademadrid.com\/es\/wp-json\/wp\/v2\/users\/1"}],"replies":[{"embeddable":true,"href":"https:\/\/www.vidademadrid.com\/es\/wp-json\/wp\/v2\/comments?post=3321"}],"version-history":[{"count":13,"href":"https:\/\/www.vidademadrid.com\/es\/wp-json\/wp\/v2\/posts\/3321\/revisions"}],"predecessor-version":[{"id":3383,"href":"https:\/\/www.vidademadrid.com\/es\/wp-json\/wp\/v2\/posts\/3321\/revisions\/3383"}],"wp:attachment":[{"href":"https:\/\/www.vidademadrid.com\/es\/wp-json\/wp\/v2\/media?parent=3321"}],"wp:term":[{"taxonomy":"category","embeddable":true,"href":"https:\/\/www.vidademadrid.com\/es\/wp-json\/wp\/v2\/categories?post=3321"},{"taxonomy":"post_tag","embeddable":true,"href":"https:\/\/www.vidademadrid.com\/es\/wp-json\/wp\/v2\/tags?post=3321"}],"curies":[{"name":"wp","href":"https:\/\/api.w.org\/{rel}","templated":true}]}}