{"id":33209,"date":"2021-05-13T16:01:59","date_gmt":"2021-05-13T14:01:59","guid":{"rendered":"https:\/\/www.vidademadrid.com\/es\/?p=33209"},"modified":"2021-05-13T16:02:03","modified_gmt":"2021-05-13T14:02:03","slug":"san-isidro-2021-ifema-madrid-programa-entrada-y-horario","status":"publish","type":"post","link":"https:\/\/www.vidademadrid.com\/es\/33209\/san-isidro-2021-ifema-madrid-programa-entrada-y-horario\/","title":{"rendered":"Un San Isidro muy diferente: as\u00ed ser\u00e1 la celebraci\u00f3n de 2021 en Ifema"},"content":{"rendered":"<p>Por primera vez en su historia, <a href=\"https:\/\/www.vidademadrid.com\/es\/tag\/ifema\/\"><strong>Ifema<\/strong> <\/a>se viste de pradera para celebrar el cuarto centenario de <strong>San Isidro<\/strong> de una manera \u00fanica y como nunca antes en un fin de semana repleto de actividades y garantizando la seguridad de todos los asistentes.<\/p>\n<p><script async=\"\" src=\"https:\/\/pagead2.googlesyndication.com\/pagead\/js\/adsbygoogle.js\"><\/script><\/p>\n<p><!-- Vertical2020 --><ins class=\"adsbygoogle\" style=\"display: block;\" data-ad-client=\"ca-pub-7450064428034605\" data-ad-slot=\"4377430105\" data-ad-format=\"auto\" data-full-width-responsive=\"true\"><\/ins><script>(adsbygoogle = window.adsbygoogle || []).push({});<\/script><\/p>\n<h2>San Isidro 2021: Celebraci\u00f3n en Ifema<\/h2>\n<p><script async=\"\" src=\"https:\/\/pagead2.googlesyndication.com\/pagead\/js\/adsbygoogle.js\"><\/script> <ins class=\"adsbygoogle\" style=\"display: block;\" data-ad-format=\"fluid\" data-ad-layout-key=\"-7f+eo+1+2-5\" data-ad-client=\"ca-pub-7450064428034605\" data-ad-slot=\"7327027071\"><\/ins><script>(adsbygoogle = window.adsbygoogle || []).push({});<\/script><\/p>\n<p>En este segundo a\u00f1o marcado por la pandemia, los grandes eventos madrile\u00f1os se siguen reinventando para poder continuar con su actividad garantizando la seguridad de todos los participantes. En este caso, Madrid cambia las praderas por <strong>Ifema<\/strong> para celebrar el cuarto centenario de su patrono, <strong>San Isidro 2021<\/strong>.<\/p>\n<p>Bajo el lema <em>El homenaje que Madrid se merece<\/em>, la organizaci\u00f3n ha preparado una amplia programaci\u00f3n con actividades para todas las edades, con un marcado componente tradicional y familiar en el que la seguridad ser\u00e1 la mayor prioridad.<\/p>\n<p>Durante los cuatro d\u00edas que durar\u00e1 la celebraci\u00f3n, los asistentes podr\u00e1n disfrutar de una <strong>exposici\u00f3n fotogr\u00e1fica sobre San Isidro<\/strong> que repasar\u00e1 las ediciones anteriores, una zona gastron\u00f3mica con una amplia propuesta de <strong>recetas tradicionales y <em>food trucks<\/em><\/strong> y un espacio con <strong>atracciones de feria<\/strong>. Asimismo, las instalaciones de <strong>Ifema<\/strong> acoger\u00e1n a prestigiosos <strong>DJs<\/strong> de la ciudad que animar\u00e1n las veladas.<\/p>\n<h2>San Isidro 2021: Entrada y horarios<\/h2>\n<p><script async=\"\" src=\"https:\/\/pagead2.googlesyndication.com\/pagead\/js\/adsbygoogle.js\"><\/script> <ins class=\"adsbygoogle\" style=\"display: block;\" data-ad-format=\"fluid\" data-ad-layout-key=\"-7f+eo+1+2-5\" data-ad-client=\"ca-pub-7450064428034605\" data-ad-slot=\"7327027071\"><\/ins><script>(adsbygoogle = window.adsbygoogle || []).push({});<\/script><\/p>\n<p>Debido a la situaci\u00f3n sanitaria actual, para evitar aglomeraciones y garantizar la seguridad, el <strong>acceso al recinto estar\u00e1 limitado a 6.000 personas<\/strong> que pasar\u00e1n por un control previo de temperatura y que necesitar\u00e1n adquirir una <strong>entrada de cinco euros<\/strong>.<\/p>\n<p>El evento dar\u00e1 comienzo a las 17:00 horas de hoy<strong> jueves 13 de mayo<\/strong> y durante los d\u00edas <strong>14, 15 y 16<\/strong> tendr\u00e1 un horario ininterrumpido desde las 12 horas hasta las 00:00 h.<\/p>\n","protected":false},"excerpt":{"rendered":"<p>La programaci\u00f3n comenzar\u00e1 hoy 13 de mayo y se prolongar\u00e1 hasta la medianoche del domingo 16<\/p>\n","protected":false},"author":10,"featured_media":33210,"comment_status":"open","ping_status":"open","sticky":false,"template":"","format":"standard","meta":{"footnotes":""},"categories":[11,101],"tags":[40],"class_list":{"0":"post-33209","1":"post","2":"type-post","3":"status-publish","4":"format-standard","5":"has-post-thumbnail","7":"category-eventos-madrid","8":"category-ferias-fiestas-mercados-madrid","9":"tag-ifema"},"_links":{"self":[{"href":"https:\/\/www.vidademadrid.com\/es\/wp-json\/wp\/v2\/posts\/33209","targetHints":{"allow":["GET"]}}],"collection":[{"href":"https:\/\/www.vidademadrid.com\/es\/wp-json\/wp\/v2\/posts"}],"about":[{"href":"https:\/\/www.vidademadrid.com\/es\/wp-json\/wp\/v2\/types\/post"}],"author":[{"embeddable":true,"href":"https:\/\/www.vidademadrid.com\/es\/wp-json\/wp\/v2\/users\/10"}],"replies":[{"embeddable":true,"href":"https:\/\/www.vidademadrid.com\/es\/wp-json\/wp\/v2\/comments?post=33209"}],"version-history":[{"count":3,"href":"https:\/\/www.vidademadrid.com\/es\/wp-json\/wp\/v2\/posts\/33209\/revisions"}],"predecessor-version":[{"id":33213,"href":"https:\/\/www.vidademadrid.com\/es\/wp-json\/wp\/v2\/posts\/33209\/revisions\/33213"}],"wp:featuredmedia":[{"embeddable":true,"href":"https:\/\/www.vidademadrid.com\/es\/wp-json\/wp\/v2\/media\/33210"}],"wp:attachment":[{"href":"https:\/\/www.vidademadrid.com\/es\/wp-json\/wp\/v2\/media?parent=33209"}],"wp:term":[{"taxonomy":"category","embeddable":true,"href":"https:\/\/www.vidademadrid.com\/es\/wp-json\/wp\/v2\/categories?post=33209"},{"taxonomy":"post_tag","embeddable":true,"href":"https:\/\/www.vidademadrid.com\/es\/wp-json\/wp\/v2\/tags?post=33209"}],"curies":[{"name":"wp","href":"https:\/\/api.w.org\/{rel}","templated":true}]}}